{"id":3079,"date":"2012-08-22T12:56:06","date_gmt":"2012-08-22T10:56:06","guid":{"rendered":"http:\/\/www.michael-schumacher.es\/noticias-f1\/?p=3079"},"modified":"2012-08-22T12:56:06","modified_gmt":"2012-08-22T10:56:06","slug":"a-alonso-no-le-importa-lo-que-digan-de-el-los-periodicos","status":"publish","type":"post","link":"http:\/\/www.michael-schumacher.es\/noticias-f1\/2012\/08\/22\/a-alonso-no-le-importa-lo-que-digan-de-el-los-periodicos\/","title":{"rendered":"A Alonso no le importa lo que digan de \u00e9l los peri\u00f3dicos"},"content":{"rendered":"<p><a href=\"http:\/\/www.michael-schumacher.es\/noticias-f1\/wp-content\/uploads\/2012\/08\/david_sarro.alonso-2-mini.jpg\"><img loading=\"lazy\" class=\"alignleft\" title=\"Fernando Alonso 2 - miniatura\" src=\"http:\/\/www.michael-schumacher.es\/noticias-f1\/wp-content\/uploads\/2012\/08\/david_sarro.alonso-2-mini.jpg\" alt=\"\" width=\"200\" height=\"133\" \/><\/a>Los periodistas y comentaristas tambi\u00e9n son muy diferentes en los distintos pa\u00edses. En Espa\u00f1a se disculpan las pol\u00e9micas y en Inglaterra por ejemplo no han sido amables con Fernando Alonso, en su temporada en Mclaren con Lewis Hamilton, as\u00ed como en la pol\u00e9mica de Singapur. Pero a Alonso no le importan los comentarios:<strong>\u00abNo me importa. Cuando se lucha contra otros conductores en este pa\u00eds (Gran Breta\u00f1a), es normal que este tipo de las cosas sucedan. Ocurri\u00f3 en Alemania tambi\u00e9n. Todo iba bien en Alemania, hasta que yo fui \u00a0competitivo y luche contra Michael Schumacher. Luego llego \u00a0Vettel. Y ahora soy de nuevo de los malvados\u201d<\/strong> .<\/p>\n<p><!--more--> <!--noteaser--><\/p>\n<p><a href=\"http:\/\/www.michael-schumacher.es\/noticias-f1\/wp-content\/uploads\/2012\/08\/david_sarro.alonso-2.jpg\"><img loading=\"lazy\" class=\"aligncenter size-full wp-image-3084\" title=\"Fernando Alonso 2 \" src=\"http:\/\/www.michael-schumacher.es\/noticias-f1\/wp-content\/uploads\/2012\/08\/david_sarro.alonso-2.jpg\" alt=\"\" width=\"600\" height=\"400\" srcset=\"http:\/\/www.michael-schumacher.es\/noticias-f1\/wp-content\/uploads\/2012\/08\/david_sarro.alonso-2.jpg 600w, http:\/\/www.michael-schumacher.es\/noticias-f1\/wp-content\/uploads\/2012\/08\/david_sarro.alonso-2-300x200.jpg 300w\" sizes=\"(max-width: 600px) 100vw, 600px\" \/><\/a><\/p>\n<p>Los periodistas y comentaristas tambi\u00e9n son muy diferentes en los distintos pa\u00edses. En Espa\u00f1a se disculpan las pol\u00e9micas y en Inglaterra por ejemplo no han sido amables con Fernando Alonso, en su temporada en Mclaren con Lewis Hamilton, as\u00ed como en la pol\u00e9mica de Singapur. Pero a Alonso no le importan los comentarios:<strong>\u00abNo me importa. Cuando se lucha contra otros conductores en este pa\u00eds (Gran Breta\u00f1a), es normal que este tipo de las cosas sucedan. Ocurri\u00f3 en Alemania tambi\u00e9n. Todo iba bien en Alemania, hasta que yo fui \u00a0competitivo y luche contra Michael Schumacher. Luego llego \u00a0Vettel. Y ahora soy de nuevo de los malvados\u201d<\/strong> .<\/p>\n<p>&nbsp;<\/p>\n<p>Fernando Alonso explic\u00f3 que se comporta de manera diferente en la F\u00f3rmula 1 y en lo personal y que no le importa, porque no le conocen y hablan del piloto: \u00a0<strong>\u00abLas historias son siempre en el piloto, Alonso. Nunca con Fernando la persona Porque no me conocen. S\u00e9 que el conductor Alonso est\u00e1 en una especie de mundo artificial. Alonso el conductor estar\u00e1 all\u00ed para 12, 14 o no s\u00e9 cu\u00e1ntos a\u00f1os. Pero la persona de Fernando, es para el resto de mi vida\u201d.<\/strong><\/p>\n<p><strong>Imagen:<\/strong> David Sarr\u00f3<\/p>\n<div class=\"sharedaddy sd-sharing-enabled\"><div class=\"robots-nocontent sd-block sd-social sd-social-official sd-sharing\"><h3 class=\"sd-title\">Opciones Sociales:<\/h3><div class=\"sd-content\"><ul><li class=\"share-facebook\"><div class=\"fb-share-button\" data-href=\"http:\/\/www.michael-schumacher.es\/noticias-f1\/2012\/08\/22\/a-alonso-no-le-importa-lo-que-digan-de-el-los-periodicos\/\" data-layout=\"button_count\"><\/div><\/li><li class=\"share-twitter\"><a href=\"https:\/\/twitter.com\/share\" class=\"twitter-share-button\" data-url=\"http:\/\/www.michael-schumacher.es\/noticias-f1\/2012\/08\/22\/a-alonso-no-le-importa-lo-que-digan-de-el-los-periodicos\/\" data-text=\"A Alonso no le importa lo que digan de \u00e9l los peri\u00f3dicos\"  >Tweet<\/a><\/li><li class=\"share-email\"><a rel=\"nofollow noopener noreferrer\" data-shared=\"\" class=\"share-email sd-button\" href=\"http:\/\/www.michael-schumacher.es\/noticias-f1\/2012\/08\/22\/a-alonso-no-le-importa-lo-que-digan-de-el-los-periodicos\/?share=email\" target=\"_blank\" title=\"Haz clic para enviar por correo electr\u00f3nico a un amigo\"><span>Correo electr\u00f3nico<\/span><\/a><\/li><li class=\"share-end\"><\/li><\/ul><\/div><\/div><\/div>","protected":false},"excerpt":{"rendered":"<p>Los periodistas y comentaristas tambi\u00e9n son muy diferentes en los distintos pa\u00edses. En Espa\u00f1a se disculpan las pol\u00e9micas y en Inglaterra por ejemplo no han sido amables con Fernando Alonso, en su temporada en Mclaren con Lewis Hamilton, as\u00ed como en la pol\u00e9mica de Singapur. Pero a Alonso no le importan los comentarios:\u00abNo me importa. [&hellip;]<\/p>\n<div class=\"sharedaddy sd-sharing-enabled\"><div class=\"robots-nocontent sd-block sd-social sd-social-official sd-sharing\"><h3 class=\"sd-title\">Opciones Sociales:<\/h3><div class=\"sd-content\"><ul><li class=\"share-facebook\"><div class=\"fb-share-button\" data-href=\"http:\/\/www.michael-schumacher.es\/noticias-f1\/2012\/08\/22\/a-alonso-no-le-importa-lo-que-digan-de-el-los-periodicos\/\" data-layout=\"button_count\"><\/div><\/li><li class=\"share-twitter\"><a href=\"https:\/\/twitter.com\/share\" class=\"twitter-share-button\" data-url=\"http:\/\/www.michael-schumacher.es\/noticias-f1\/2012\/08\/22\/a-alonso-no-le-importa-lo-que-digan-de-el-los-periodicos\/\" data-text=\"A Alonso no le importa lo que digan de \u00e9l los peri\u00f3dicos\"  >Tweet<\/a><\/li><li class=\"share-email\"><a rel=\"nofollow noopener noreferrer\" data-shared=\"\" class=\"share-email sd-button\" href=\"http:\/\/www.michael-schumacher.es\/noticias-f1\/2012\/08\/22\/a-alonso-no-le-importa-lo-que-digan-de-el-los-periodicos\/?share=email\" target=\"_blank\" title=\"Haz clic para enviar por correo electr\u00f3nico a un amigo\"><span>Correo electr\u00f3nico<\/span><\/a><\/li><li class=\"share-end\"><\/li><\/ul><\/div><\/div><\/div>","protected":false},"author":3,"featured_media":0,"comment_status":"open","ping_status":"open","sticky":false,"template":"","format":"standard","meta":{"_monsterinsights_skip_tracking":false,"_monsterinsights_sitenote_active":false,"_monsterinsights_sitenote_note":"","_monsterinsights_sitenote_category":0,"spay_email":"","jetpack_publicize_message":"","jetpack_is_tweetstorm":false,"jetpack_publicize_feature_enabled":true},"categories":[3],"tags":[105,17,104,141,15,1088,247,10,1092,1089,1090,678,1091,1022],"jetpack_featured_media_url":"","jetpack_publicize_connections":[],"jetpack_sharing_enabled":true,"jetpack_shortlink":"https:\/\/wp.me\/p27q3P-NF","_links":{"self":[{"href":"http:\/\/www.michael-schumacher.es\/noticias-f1\/wp-json\/wp\/v2\/posts\/3079"}],"collection":[{"href":"http:\/\/www.michael-schumacher.es\/noticias-f1\/wp-json\/wp\/v2\/posts"}],"about":[{"href":"http:\/\/www.michael-schumacher.es\/noticias-f1\/wp-json\/wp\/v2\/types\/post"}],"author":[{"embeddable":true,"href":"http:\/\/www.michael-schumacher.es\/noticias-f1\/wp-json\/wp\/v2\/users\/3"}],"replies":[{"embeddable":true,"href":"http:\/\/www.michael-schumacher.es\/noticias-f1\/wp-json\/wp\/v2\/comments?post=3079"}],"version-history":[{"count":0,"href":"http:\/\/www.michael-schumacher.es\/noticias-f1\/wp-json\/wp\/v2\/posts\/3079\/revisions"}],"wp:attachment":[{"href":"http:\/\/www.michael-schumacher.es\/noticias-f1\/wp-json\/wp\/v2\/media?parent=3079"}],"wp:term":[{"taxonomy":"category","embeddable":true,"href":"http:\/\/www.michael-schumacher.es\/noticias-f1\/wp-json\/wp\/v2\/categories?post=3079"},{"taxonomy":"post_tag","embeddable":true,"href":"http:\/\/www.michael-schumacher.es\/noticias-f1\/wp-json\/wp\/v2\/tags?post=3079"}],"curies":[{"name":"wp","href":"https:\/\/api.w.org\/{rel}","templated":true}]}}