{"id":3188,"date":"2012-08-24T13:55:42","date_gmt":"2012-08-24T11:55:42","guid":{"rendered":"http:\/\/www.michael-schumacher.es\/noticias-f1\/?p=3188"},"modified":"2012-08-24T13:55:42","modified_gmt":"2012-08-24T11:55:42","slug":"spa-se-va-a-hacer-cargo-de-las-entradas-no-entregadas","status":"publish","type":"post","link":"http:\/\/www.michael-schumacher.es\/noticias-f1\/2012\/08\/24\/spa-se-va-a-hacer-cargo-de-las-entradas-no-entregadas\/","title":{"rendered":"Spa se va a hacer cargo de las entradas, no entregadas"},"content":{"rendered":"<p><a href=\"http:\/\/www.michael-schumacher.es\/noticias-f1\/wp-content\/uploads\/2012\/08\/spa-Eau-Rouge.jpg\"><img loading=\"lazy\" class=\"alignleft\" title=\"Spa Eau Rouge\" src=\"http:\/\/www.michael-schumacher.es\/noticias-f1\/wp-content\/uploads\/2012\/08\/spa-Eau-Rouge.jpg\" alt=\"\" width=\"200\" height=\"133\" \/><\/a>Como se inform\u00f3 recientemente los clientes de la compa\u00f1\u00eda The Ticket Enterprise (TTE) no iban a recibir las entradas \u00a0para la carrera de Spa-Francorchamps porque TTE hab\u00eda ido a la quiebra.<\/p>\n<p><!--more--> <!--noteaser--><\/p>\n<p><a href=\"http:\/\/www.michael-schumacher.es\/noticias-f1\/wp-content\/uploads\/2012\/08\/spa-Eau-Rouge.jpg\"><img loading=\"lazy\" class=\"aligncenter size-full wp-image-3196\" title=\"Spa Eau Rouge\" src=\"http:\/\/www.michael-schumacher.es\/noticias-f1\/wp-content\/uploads\/2012\/08\/spa-Eau-Rouge.jpg\" alt=\"\" width=\"600\" height=\"400\" srcset=\"http:\/\/www.michael-schumacher.es\/noticias-f1\/wp-content\/uploads\/2012\/08\/spa-Eau-Rouge.jpg 600w, http:\/\/www.michael-schumacher.es\/noticias-f1\/wp-content\/uploads\/2012\/08\/spa-Eau-Rouge-300x200.jpg 300w\" sizes=\"(max-width: 600px) 100vw, 600px\" \/><\/a><\/p>\n<p>Como se inform\u00f3 recientemente los clientes de la compa\u00f1\u00eda The Ticket Enterprise (TTE) no iban a recibir las entradas \u00a0para la carrera de Spa-Francorchamps porque TTE hab\u00eda ido a la quiebra.<\/p>\n<p>&nbsp;<\/p>\n<p>Casi 6.000 aficionados, que hab\u00edan comprado su entrada, en la compa\u00f1\u00eda que se ha declarado en quiebra, \u00a0para el Gran Premio de B\u00e9lgica el pr\u00f3ximo fin de semana podr\u00e1n suspirar aliviados.<\/p>\n<p>&nbsp;<\/p>\n<p>La organizaci\u00f3n del circuito legendario, ha acordado permitir a los 5.600 espectadores afectados entrar Spa el fin de semana, seg\u00fan la agencia de noticias Belga, la noticia fue confirmada por el jefe promotor Etienne Davignon en una conferencia de prensa.<\/p>\n<p>&nbsp;<\/p>\n<p>Los aficionados \u00a0afectados deber\u00e1n llevar su recibo de pago a las taquillas del circuito el \u00a0pr\u00f3ximo fin de semana, donde van a firmar un documento cediendo sus derechos al promotor Spa Grand Prix. Lo que \u00a0permitir\u00e1 al organizador reclamar legalmente a la empresa ETT el valor de los billetes, pero sin perjuicio para los clientes. Seg\u00fan dijo Davignon: \u201c<strong>Vamos a ver c\u00f3mo podemos recuperar el dinero. Es demasiado pronto para juzgar hasta qu\u00e9 punto vamos a perder\u00bb.<\/strong><\/p>\n<p>&nbsp;<\/p>\n<div class=\"sharedaddy sd-sharing-enabled\"><div class=\"robots-nocontent sd-block sd-social sd-social-official sd-sharing\"><h3 class=\"sd-title\">Opciones Sociales:<\/h3><div class=\"sd-content\"><ul><li class=\"share-facebook\"><div class=\"fb-share-button\" data-href=\"http:\/\/www.michael-schumacher.es\/noticias-f1\/2012\/08\/24\/spa-se-va-a-hacer-cargo-de-las-entradas-no-entregadas\/\" data-layout=\"button_count\"><\/div><\/li><li class=\"share-twitter\"><a href=\"https:\/\/twitter.com\/share\" class=\"twitter-share-button\" data-url=\"http:\/\/www.michael-schumacher.es\/noticias-f1\/2012\/08\/24\/spa-se-va-a-hacer-cargo-de-las-entradas-no-entregadas\/\" data-text=\"Spa se va a hacer cargo de las entradas, no entregadas\"  >Tweet<\/a><\/li><li class=\"share-email\"><a rel=\"nofollow noopener noreferrer\" data-shared=\"\" class=\"share-email sd-button\" href=\"http:\/\/www.michael-schumacher.es\/noticias-f1\/2012\/08\/24\/spa-se-va-a-hacer-cargo-de-las-entradas-no-entregadas\/?share=email\" target=\"_blank\" title=\"Haz clic para enviar por correo electr\u00f3nico a un amigo\"><span>Correo electr\u00f3nico<\/span><\/a><\/li><li class=\"share-end\"><\/li><\/ul><\/div><\/div><\/div>","protected":false},"excerpt":{"rendered":"<p>Como se inform\u00f3 recientemente los clientes de la compa\u00f1\u00eda The Ticket Enterprise (TTE) no iban a recibir las entradas \u00a0para la carrera de Spa-Francorchamps porque TTE hab\u00eda ido a la quiebra.<\/p>\n<div class=\"sharedaddy sd-sharing-enabled\"><div class=\"robots-nocontent sd-block sd-social sd-social-official sd-sharing\"><h3 class=\"sd-title\">Opciones Sociales:<\/h3><div class=\"sd-content\"><ul><li class=\"share-facebook\"><div class=\"fb-share-button\" data-href=\"http:\/\/www.michael-schumacher.es\/noticias-f1\/2012\/08\/24\/spa-se-va-a-hacer-cargo-de-las-entradas-no-entregadas\/\" data-layout=\"button_count\"><\/div><\/li><li class=\"share-twitter\"><a href=\"https:\/\/twitter.com\/share\" class=\"twitter-share-button\" data-url=\"http:\/\/www.michael-schumacher.es\/noticias-f1\/2012\/08\/24\/spa-se-va-a-hacer-cargo-de-las-entradas-no-entregadas\/\" data-text=\"Spa se va a hacer cargo de las entradas, no entregadas\"  >Tweet<\/a><\/li><li class=\"share-email\"><a rel=\"nofollow noopener noreferrer\" data-shared=\"\" class=\"share-email sd-button\" href=\"http:\/\/www.michael-schumacher.es\/noticias-f1\/2012\/08\/24\/spa-se-va-a-hacer-cargo-de-las-entradas-no-entregadas\/?share=email\" target=\"_blank\" title=\"Haz clic para enviar por correo electr\u00f3nico a un amigo\"><span>Correo electr\u00f3nico<\/span><\/a><\/li><li class=\"share-end\"><\/li><\/ul><\/div><\/div><\/div>","protected":false},"author":3,"featured_media":0,"comment_status":"open","ping_status":"open","sticky":false,"template":"","format":"standard","meta":{"_monsterinsights_skip_tracking":false,"_monsterinsights_sitenote_active":false,"_monsterinsights_sitenote_note":"","_monsterinsights_sitenote_category":0,"spay_email":"","jetpack_publicize_message":"","jetpack_is_tweetstorm":false,"jetpack_publicize_feature_enabled":true},"categories":[3],"tags":[490,135,1159,835,17,15,6,1158,485,836],"jetpack_featured_media_url":"","jetpack_publicize_connections":[],"jetpack_sharing_enabled":true,"jetpack_shortlink":"https:\/\/wp.me\/p27q3P-Pq","_links":{"self":[{"href":"http:\/\/www.michael-schumacher.es\/noticias-f1\/wp-json\/wp\/v2\/posts\/3188"}],"collection":[{"href":"http:\/\/www.michael-schumacher.es\/noticias-f1\/wp-json\/wp\/v2\/posts"}],"about":[{"href":"http:\/\/www.michael-schumacher.es\/noticias-f1\/wp-json\/wp\/v2\/types\/post"}],"author":[{"embeddable":true,"href":"http:\/\/www.michael-schumacher.es\/noticias-f1\/wp-json\/wp\/v2\/users\/3"}],"replies":[{"embeddable":true,"href":"http:\/\/www.michael-schumacher.es\/noticias-f1\/wp-json\/wp\/v2\/comments?post=3188"}],"version-history":[{"count":0,"href":"http:\/\/www.michael-schumacher.es\/noticias-f1\/wp-json\/wp\/v2\/posts\/3188\/revisions"}],"wp:attachment":[{"href":"http:\/\/www.michael-schumacher.es\/noticias-f1\/wp-json\/wp\/v2\/media?parent=3188"}],"wp:term":[{"taxonomy":"category","embeddable":true,"href":"http:\/\/www.michael-schumacher.es\/noticias-f1\/wp-json\/wp\/v2\/categories?post=3188"},{"taxonomy":"post_tag","embeddable":true,"href":"http:\/\/www.michael-schumacher.es\/noticias-f1\/wp-json\/wp\/v2\/tags?post=3188"}],"curies":[{"name":"wp","href":"https:\/\/api.w.org\/{rel}","templated":true}]}}