{"id":3259,"date":"2012-08-26T14:19:00","date_gmt":"2012-08-26T12:19:00","guid":{"rendered":"http:\/\/www.michael-schumacher.es\/noticias-f1\/?p=3259"},"modified":"2012-08-26T14:19:00","modified_gmt":"2012-08-26T12:19:00","slug":"pic-avisa-va-a-ser-mas-fuerte-en-la-segunda-mitad-de-la-temporada","status":"publish","type":"post","link":"http:\/\/www.michael-schumacher.es\/noticias-f1\/2012\/08\/26\/pic-avisa-va-a-ser-mas-fuerte-en-la-segunda-mitad-de-la-temporada\/","title":{"rendered":"Pic avisa va a ser mas fuerte en la  segunda mitad de la temporada"},"content":{"rendered":"<p><a href=\"http:\/\/www.michael-schumacher.es\/noticias-f1\/wp-content\/uploads\/2012\/08\/david_sarro.pic-1-mini.jpg\"><img loading=\"lazy\" class=\"alignleft size-full wp-image-3264\" title=\"Charles Pic 1 - Miniatura\" src=\"http:\/\/www.michael-schumacher.es\/noticias-f1\/wp-content\/uploads\/2012\/08\/david_sarro.pic-1-mini.jpg\" alt=\"\" width=\"200\" height=\"133\" \/><\/a>En el Gran Premio de Hungr\u00eda, Pic fue mas fuerte que su compa\u00f1ero\u00a0 Timo Glock en la calificaci\u00f3n y en la carrera terminando la primera parte del campeonato de manera positiva,\u00a0 pretende seguir con ese impulso positivo en esta segunda y definitiva parte del campeonato: <strong>\u00abTermin\u00e9 la primera parte de la temporada con una nota positiva, gracias en parte a las mejoras en el rendimiento del equipo y yo estaba muy contento con mi progreso desde el comienzo de la temporada\u00bb.<\/strong><\/p>\n<p><!--more--> <!--noteaser--><\/p>\n<p style=\"text-align: center;\">\u00a0<a href=\"http:\/\/www.michael-schumacher.es\/noticias-f1\/wp-content\/uploads\/2012\/08\/david_sarro.pic-1.jpg\"><img loading=\"lazy\" class=\"aligncenter size-full wp-image-3263\" title=\"Charles Pic 1 \" src=\"http:\/\/www.michael-schumacher.es\/noticias-f1\/wp-content\/uploads\/2012\/08\/david_sarro.pic-1.jpg\" alt=\"\" width=\"600\" height=\"400\" srcset=\"http:\/\/www.michael-schumacher.es\/noticias-f1\/wp-content\/uploads\/2012\/08\/david_sarro.pic-1.jpg 600w, http:\/\/www.michael-schumacher.es\/noticias-f1\/wp-content\/uploads\/2012\/08\/david_sarro.pic-1-300x200.jpg 300w\" sizes=\"(max-width: 600px) 100vw, 600px\" \/><\/a><\/p>\n<p>En el Gran Premio de Hungr\u00eda, Pic fue mas fuerte que su compa\u00f1ero\u00a0 Timo Glock en la calificaci\u00f3n y en la carrera terminando la primera parte del campeonato de manera positiva,\u00a0 pretende seguir con ese impulso positivo en esta segunda y definitiva parte del campeonato: <strong>\u00abTermin\u00e9 la primera parte de la temporada con una nota positiva, gracias en parte a las mejoras en el rendimiento del equipo y yo estaba muy contento con mi progreso desde el comienzo de la temporada\u00bb.<\/strong><\/p>\n<p>&nbsp;<\/p>\n<p>&nbsp;<\/p>\n<p>El piloto de \u00a0Marussia, Charles Pic regresa de un largo verano con la intenci\u00f3n de brillar en la segunda mitad de la temporada. El franc\u00e9s ha regresado de las vacaciones muy motivado antes de las primeras carreras de esta segunda parte en Spa y Monza: \u00a0<strong>\u00abLa pausa me permiti\u00f3 tener tiempo para dar un paso atr\u00e1s de las once carreras que tuvieron lugar y que parece haber sido muy r\u00e1pido. Mi objetivo ahora es consolidar lo que he aprendido con equipo y el coche a ser mejor en la segunda mitad de la temporada.\u201d<\/strong><\/p>\n<p>&nbsp;<\/p>\n<p><strong>Imagen:<\/strong> David Sarr\u00f3<\/p>\n<div class=\"sharedaddy sd-sharing-enabled\"><div class=\"robots-nocontent sd-block sd-social sd-social-official sd-sharing\"><h3 class=\"sd-title\">Opciones Sociales:<\/h3><div class=\"sd-content\"><ul><li class=\"share-facebook\"><div class=\"fb-share-button\" data-href=\"http:\/\/www.michael-schumacher.es\/noticias-f1\/2012\/08\/26\/pic-avisa-va-a-ser-mas-fuerte-en-la-segunda-mitad-de-la-temporada\/\" data-layout=\"button_count\"><\/div><\/li><li class=\"share-twitter\"><a href=\"https:\/\/twitter.com\/share\" class=\"twitter-share-button\" data-url=\"http:\/\/www.michael-schumacher.es\/noticias-f1\/2012\/08\/26\/pic-avisa-va-a-ser-mas-fuerte-en-la-segunda-mitad-de-la-temporada\/\" data-text=\"Pic avisa va a ser mas fuerte en la  segunda mitad de la temporada \"  >Tweet<\/a><\/li><li class=\"share-email\"><a rel=\"nofollow noopener noreferrer\" data-shared=\"\" class=\"share-email sd-button\" href=\"http:\/\/www.michael-schumacher.es\/noticias-f1\/2012\/08\/26\/pic-avisa-va-a-ser-mas-fuerte-en-la-segunda-mitad-de-la-temporada\/?share=email\" target=\"_blank\" title=\"Haz clic para enviar por correo electr\u00f3nico a un amigo\"><span>Correo electr\u00f3nico<\/span><\/a><\/li><li class=\"share-end\"><\/li><\/ul><\/div><\/div><\/div>","protected":false},"excerpt":{"rendered":"<p>En el Gran Premio de Hungr\u00eda, Pic fue mas fuerte que su compa\u00f1ero\u00a0 Timo Glock en la calificaci\u00f3n y en la carrera terminando la primera parte del campeonato de manera positiva,\u00a0 pretende seguir con ese impulso positivo en esta segunda y definitiva parte del campeonato: \u00abTermin\u00e9 la primera parte de la temporada con una nota [&hellip;]<\/p>\n<div class=\"sharedaddy sd-sharing-enabled\"><div class=\"robots-nocontent sd-block sd-social sd-social-official sd-sharing\"><h3 class=\"sd-title\">Opciones Sociales:<\/h3><div class=\"sd-content\"><ul><li class=\"share-facebook\"><div class=\"fb-share-button\" data-href=\"http:\/\/www.michael-schumacher.es\/noticias-f1\/2012\/08\/26\/pic-avisa-va-a-ser-mas-fuerte-en-la-segunda-mitad-de-la-temporada\/\" data-layout=\"button_count\"><\/div><\/li><li class=\"share-twitter\"><a href=\"https:\/\/twitter.com\/share\" class=\"twitter-share-button\" data-url=\"http:\/\/www.michael-schumacher.es\/noticias-f1\/2012\/08\/26\/pic-avisa-va-a-ser-mas-fuerte-en-la-segunda-mitad-de-la-temporada\/\" data-text=\"Pic avisa va a ser mas fuerte en la  segunda mitad de la temporada \"  >Tweet<\/a><\/li><li class=\"share-email\"><a rel=\"nofollow noopener noreferrer\" data-shared=\"\" class=\"share-email sd-button\" href=\"http:\/\/www.michael-schumacher.es\/noticias-f1\/2012\/08\/26\/pic-avisa-va-a-ser-mas-fuerte-en-la-segunda-mitad-de-la-temporada\/?share=email\" target=\"_blank\" title=\"Haz clic para enviar por correo electr\u00f3nico a un amigo\"><span>Correo electr\u00f3nico<\/span><\/a><\/li><li class=\"share-end\"><\/li><\/ul><\/div><\/div><\/div>","protected":false},"author":3,"featured_media":0,"comment_status":"open","ping_status":"open","sticky":false,"template":"","format":"standard","meta":{"_monsterinsights_skip_tracking":false,"_monsterinsights_sitenote_active":false,"_monsterinsights_sitenote_note":"","_monsterinsights_sitenote_category":0,"spay_email":"","jetpack_publicize_message":"","jetpack_is_tweetstorm":false,"jetpack_publicize_feature_enabled":true},"categories":[3],"tags":[116,381,17,15,139,1180,744,485,238],"jetpack_featured_media_url":"","jetpack_publicize_connections":[],"jetpack_sharing_enabled":true,"jetpack_shortlink":"https:\/\/wp.me\/p27q3P-Qz","_links":{"self":[{"href":"http:\/\/www.michael-schumacher.es\/noticias-f1\/wp-json\/wp\/v2\/posts\/3259"}],"collection":[{"href":"http:\/\/www.michael-schumacher.es\/noticias-f1\/wp-json\/wp\/v2\/posts"}],"about":[{"href":"http:\/\/www.michael-schumacher.es\/noticias-f1\/wp-json\/wp\/v2\/types\/post"}],"author":[{"embeddable":true,"href":"http:\/\/www.michael-schumacher.es\/noticias-f1\/wp-json\/wp\/v2\/users\/3"}],"replies":[{"embeddable":true,"href":"http:\/\/www.michael-schumacher.es\/noticias-f1\/wp-json\/wp\/v2\/comments?post=3259"}],"version-history":[{"count":0,"href":"http:\/\/www.michael-schumacher.es\/noticias-f1\/wp-json\/wp\/v2\/posts\/3259\/revisions"}],"wp:attachment":[{"href":"http:\/\/www.michael-schumacher.es\/noticias-f1\/wp-json\/wp\/v2\/media?parent=3259"}],"wp:term":[{"taxonomy":"category","embeddable":true,"href":"http:\/\/www.michael-schumacher.es\/noticias-f1\/wp-json\/wp\/v2\/categories?post=3259"},{"taxonomy":"post_tag","embeddable":true,"href":"http:\/\/www.michael-schumacher.es\/noticias-f1\/wp-json\/wp\/v2\/tags?post=3259"}],"curies":[{"name":"wp","href":"https:\/\/api.w.org\/{rel}","templated":true}]}}