{"id":3308,"date":"2012-08-28T10:48:23","date_gmt":"2012-08-28T08:48:23","guid":{"rendered":"http:\/\/www.michael-schumacher.es\/noticias-f1\/?p=3308"},"modified":"2012-08-28T10:48:23","modified_gmt":"2012-08-28T08:48:23","slug":"ron-dennis-rinde-homenaje-a-neil-armstrong","status":"publish","type":"post","link":"http:\/\/www.michael-schumacher.es\/noticias-f1\/2012\/08\/28\/ron-dennis-rinde-homenaje-a-neil-armstrong\/","title":{"rendered":"Ron Dennis rinde homenaje a Neil Armstrong"},"content":{"rendered":"<p><a href=\"http:\/\/www.michael-schumacher.es\/noticias-f1\/wp-content\/uploads\/2012\/08\/neil-armstrong.jpg\"><img loading=\"lazy\" class=\"alignleft\" title=\"neil-armstrong\" src=\"http:\/\/www.michael-schumacher.es\/noticias-f1\/wp-content\/uploads\/2012\/08\/neil-armstrong.jpg\" alt=\"\" width=\"200\" height=\"133\" \/><\/a>El astronauta norteamericano , Neil Armstrong, el primer hombre que pis\u00f3 la Luna, fallecio \u00a0a los 82 a\u00f1os, durante la convalecencia tras la operaci\u00f3n de bypass coronario a la que fue sometido el pasado 8 de agosto, \u00a0para aliviar una obstrucci\u00f3n de las arterias coronarias, una intervenci\u00f3n que se complic\u00f3<\/p>\n<p><!--more--> <!--noteaser--><\/p>\n<p><a href=\"http:\/\/www.michael-schumacher.es\/noticias-f1\/wp-content\/uploads\/2012\/08\/neil-armstrong.jpg\"><img loading=\"lazy\" class=\"aligncenter  wp-image-3320\" title=\"neil-armstrong\" src=\"http:\/\/www.michael-schumacher.es\/noticias-f1\/wp-content\/uploads\/2012\/08\/neil-armstrong.jpg\" alt=\"\" width=\"640\" height=\"420\" srcset=\"http:\/\/www.michael-schumacher.es\/noticias-f1\/wp-content\/uploads\/2012\/08\/neil-armstrong.jpg 640w, http:\/\/www.michael-schumacher.es\/noticias-f1\/wp-content\/uploads\/2012\/08\/neil-armstrong-300x196.jpg 300w\" sizes=\"(max-width: 640px) 100vw, 640px\" \/><\/a><\/p>\n<p>El astronauta norteamericano , Neil Armstrong, el primer hombre que pis\u00f3 la Luna, fallecio \u00a0a los 82 a\u00f1os, durante la convalecencia tras la operaci\u00f3n de bypass coronario a la que fue sometido el pasado 8 de agosto, \u00a0para aliviar una obstrucci\u00f3n de las arterias coronarias, una intervenci\u00f3n que se complic\u00f3<\/p>\n<p>&nbsp;<\/p>\n<p>El 20 de julio de 1969, Neil Armstrong pis\u00f3 la luna por primera vez en la historia. Un acontecimiento que quedo marcado en \u00a0Ron Dennis, \u00a0quien ha \u00a0querido hacerle su particular nota de recuerdo: <strong>\u201cMe entristeci\u00f3 al enterarme de la muerte de Neil Armstrong, el primer hombre en pisar la Luna. Lo que no es menos cierto Armstrong y sus colegas pueden ser el triunfo m\u00e1s emblem\u00e1tico la ambici\u00f3n cient\u00edfica de que el mundo ha conocido. Fue, y sigue siendo, una inspiraci\u00f3n. Sin duda me ha inspirado m\u00ed\u201d.<\/strong><\/p>\n<p>&nbsp;<\/p>\n<p>Tambi\u00e9n reconoce Ron Denis, que Armstrong, le sirvi\u00f3 de inspiraci\u00f3n: <strong>\u201c Realmente me inspiro, en 1969, cuando Armstrong dijo que el famoso\u00bb un peque\u00f1o paso para el hombre, un salto gigante para la humanidad: \u00abYo era un t\u00e9cnico de 22 a\u00f1os en el automovilismo. Pero Armstrong me ha mostrado que otras personas como yo, en nuestra peque\u00f1a medida, tambi\u00e9n se atreven a intentarlo. Y \u00abse atreven a intentar\u00bb es un lema para McLaren hasta la fecha\u201d.<\/strong><\/p>\n<div class=\"sharedaddy sd-sharing-enabled\"><div class=\"robots-nocontent sd-block sd-social sd-social-official sd-sharing\"><h3 class=\"sd-title\">Opciones Sociales:<\/h3><div class=\"sd-content\"><ul><li class=\"share-facebook\"><div class=\"fb-share-button\" data-href=\"http:\/\/www.michael-schumacher.es\/noticias-f1\/2012\/08\/28\/ron-dennis-rinde-homenaje-a-neil-armstrong\/\" data-layout=\"button_count\"><\/div><\/li><li class=\"share-twitter\"><a href=\"https:\/\/twitter.com\/share\" class=\"twitter-share-button\" data-url=\"http:\/\/www.michael-schumacher.es\/noticias-f1\/2012\/08\/28\/ron-dennis-rinde-homenaje-a-neil-armstrong\/\" data-text=\"Ron Dennis rinde homenaje a Neil Armstrong\"  >Tweet<\/a><\/li><li class=\"share-email\"><a rel=\"nofollow noopener noreferrer\" data-shared=\"\" class=\"share-email sd-button\" href=\"http:\/\/www.michael-schumacher.es\/noticias-f1\/2012\/08\/28\/ron-dennis-rinde-homenaje-a-neil-armstrong\/?share=email\" target=\"_blank\" title=\"Haz clic para enviar por correo electr\u00f3nico a un amigo\"><span>Correo electr\u00f3nico<\/span><\/a><\/li><li class=\"share-end\"><\/li><\/ul><\/div><\/div><\/div>","protected":false},"excerpt":{"rendered":"<p>El astronauta norteamericano , Neil Armstrong, el primer hombre que pis\u00f3 la Luna, fallecio \u00a0a los 82 a\u00f1os, durante la convalecencia tras la operaci\u00f3n de bypass coronario a la que fue sometido el pasado 8 de agosto, \u00a0para aliviar una obstrucci\u00f3n de las arterias coronarias, una intervenci\u00f3n que se complic\u00f3<\/p>\n<div class=\"sharedaddy sd-sharing-enabled\"><div class=\"robots-nocontent sd-block sd-social sd-social-official sd-sharing\"><h3 class=\"sd-title\">Opciones Sociales:<\/h3><div class=\"sd-content\"><ul><li class=\"share-facebook\"><div class=\"fb-share-button\" data-href=\"http:\/\/www.michael-schumacher.es\/noticias-f1\/2012\/08\/28\/ron-dennis-rinde-homenaje-a-neil-armstrong\/\" data-layout=\"button_count\"><\/div><\/li><li class=\"share-twitter\"><a href=\"https:\/\/twitter.com\/share\" class=\"twitter-share-button\" data-url=\"http:\/\/www.michael-schumacher.es\/noticias-f1\/2012\/08\/28\/ron-dennis-rinde-homenaje-a-neil-armstrong\/\" data-text=\"Ron Dennis rinde homenaje a Neil Armstrong\"  >Tweet<\/a><\/li><li class=\"share-email\"><a rel=\"nofollow noopener noreferrer\" data-shared=\"\" class=\"share-email sd-button\" href=\"http:\/\/www.michael-schumacher.es\/noticias-f1\/2012\/08\/28\/ron-dennis-rinde-homenaje-a-neil-armstrong\/?share=email\" target=\"_blank\" title=\"Haz clic para enviar por correo electr\u00f3nico a un amigo\"><span>Correo electr\u00f3nico<\/span><\/a><\/li><li class=\"share-end\"><\/li><\/ul><\/div><\/div><\/div>","protected":false},"author":3,"featured_media":0,"comment_status":"open","ping_status":"open","sticky":false,"template":"","format":"standard","meta":{"_monsterinsights_skip_tracking":false,"_monsterinsights_sitenote_active":false,"_monsterinsights_sitenote_note":"","_monsterinsights_sitenote_category":0,"spay_email":"","jetpack_publicize_message":"","jetpack_is_tweetstorm":false,"jetpack_publicize_feature_enabled":true},"categories":[3],"tags":[1203,17,15,311,1204,1201,138,1202,883,1200],"jetpack_featured_media_url":"","jetpack_publicize_connections":[],"jetpack_sharing_enabled":true,"jetpack_shortlink":"https:\/\/wp.me\/p27q3P-Rm","_links":{"self":[{"href":"http:\/\/www.michael-schumacher.es\/noticias-f1\/wp-json\/wp\/v2\/posts\/3308"}],"collection":[{"href":"http:\/\/www.michael-schumacher.es\/noticias-f1\/wp-json\/wp\/v2\/posts"}],"about":[{"href":"http:\/\/www.michael-schumacher.es\/noticias-f1\/wp-json\/wp\/v2\/types\/post"}],"author":[{"embeddable":true,"href":"http:\/\/www.michael-schumacher.es\/noticias-f1\/wp-json\/wp\/v2\/users\/3"}],"replies":[{"embeddable":true,"href":"http:\/\/www.michael-schumacher.es\/noticias-f1\/wp-json\/wp\/v2\/comments?post=3308"}],"version-history":[{"count":0,"href":"http:\/\/www.michael-schumacher.es\/noticias-f1\/wp-json\/wp\/v2\/posts\/3308\/revisions"}],"wp:attachment":[{"href":"http:\/\/www.michael-schumacher.es\/noticias-f1\/wp-json\/wp\/v2\/media?parent=3308"}],"wp:term":[{"taxonomy":"category","embeddable":true,"href":"http:\/\/www.michael-schumacher.es\/noticias-f1\/wp-json\/wp\/v2\/categories?post=3308"},{"taxonomy":"post_tag","embeddable":true,"href":"http:\/\/www.michael-schumacher.es\/noticias-f1\/wp-json\/wp\/v2\/tags?post=3308"}],"curies":[{"name":"wp","href":"https:\/\/api.w.org\/{rel}","templated":true}]}}