{"id":3315,"date":"2012-08-28T11:27:08","date_gmt":"2012-08-28T09:27:08","guid":{"rendered":"http:\/\/www.michael-schumacher.es\/noticias-f1\/?p=3315"},"modified":"2012-08-28T11:27:08","modified_gmt":"2012-08-28T09:27:08","slug":"ferrari-comenzo-las-pruebas-del-v6-turbo","status":"publish","type":"post","link":"http:\/\/www.michael-schumacher.es\/noticias-f1\/2012\/08\/28\/ferrari-comenzo-las-pruebas-del-v6-turbo\/","title":{"rendered":"Ferrari comenz\u00f3 las pruebas del  V6 Turbo"},"content":{"rendered":"<p><a href=\"http:\/\/www.michael-schumacher.es\/noticias-f1\/wp-content\/uploads\/2012\/08\/ferrari-1-mini.jpg\"><img loading=\"lazy\" class=\"alignleft size-full wp-image-3090\" title=\"Ferrari 1 - miniatura\" src=\"http:\/\/www.michael-schumacher.es\/noticias-f1\/wp-content\/uploads\/2012\/08\/ferrari-1-mini.jpg\" alt=\"\" width=\"200\" height=\"133\" \/><\/a>El equipo Ferrari comenz\u00f3 con el programa de desarrollo intensivo de su motor para el \u00a02014, el jefe de ingenier\u00eda \u00a0y electr\u00f3nica, Luca Marmorini confirmo \u00a0que el primer motor V6 turbo est\u00e1 en la fabrica en Maranello<strong>: \u201cEstamos entrando en un reto para el personal del Departamento de motor y la transmisi\u00f3n. Seguimos trabajando lo largo de 2012 debido a que el final de la temporada es muy importante, pero tambi\u00e9n trabajamos en la establecido en 2013, que es tambi\u00e9n un gran trabajo. Y en paralelo, por fin tenemos nuestro V6, el primero de ellos, que ahora se ejecuta en el banco de pruebas. Desarrollo comenzar\u00e1. Este es un proyecto muy interesante.\u201d<\/strong><\/p>\n<p><!--more--> <!--noteaser--><\/p>\n<p><a href=\"http:\/\/www.michael-schumacher.es\/noticias-f1\/wp-content\/uploads\/2012\/08\/ferrari-1.jpg\"><img loading=\"lazy\" class=\"aligncenter size-full wp-image-3089\" title=\"Ferrari 1 \" src=\"http:\/\/www.michael-schumacher.es\/noticias-f1\/wp-content\/uploads\/2012\/08\/ferrari-1.jpg\" alt=\"\" width=\"600\" height=\"400\" srcset=\"http:\/\/www.michael-schumacher.es\/noticias-f1\/wp-content\/uploads\/2012\/08\/ferrari-1.jpg 600w, http:\/\/www.michael-schumacher.es\/noticias-f1\/wp-content\/uploads\/2012\/08\/ferrari-1-300x200.jpg 300w\" sizes=\"(max-width: 600px) 100vw, 600px\" \/><\/a><\/p>\n<p>El equipo Ferrari comenz\u00f3 con el programa de desarrollo intensivo de su motor para el \u00a02014, el jefe de ingenier\u00eda \u00a0y electr\u00f3nica, Luca Marmorini confirmo \u00a0que el primer motor V6 turbo est\u00e1 en la fabrica en Maranello<strong>: \u201cEstamos entrando en un reto para el personal del Departamento de motor y la transmisi\u00f3n. Seguimos trabajando lo largo de 2012 debido a que el final de la temporada es muy importante, pero tambi\u00e9n trabajamos en la establecido en 2013, que es tambi\u00e9n un gran trabajo. Y en paralelo, por fin tenemos nuestro V6, el primero de ellos, que ahora se ejecuta en el banco de pruebas. Desarrollo comenzar\u00e1. Este es un proyecto muy interesante.\u201d<\/strong><\/p>\n<p>&nbsp;<\/p>\n<p>Se cree que Renault y Mercedes tambi\u00e9n han hecho su primer V6 turbo este verano. As\u00ed que parece que los tres fabricantes que posiblemente contin\u00faen solos ya est\u00e1n en el desarrollo.<\/p>\n<div class=\"sharedaddy sd-sharing-enabled\"><div class=\"robots-nocontent sd-block sd-social sd-social-official sd-sharing\"><h3 class=\"sd-title\">Opciones Sociales:<\/h3><div class=\"sd-content\"><ul><li class=\"share-facebook\"><div class=\"fb-share-button\" data-href=\"http:\/\/www.michael-schumacher.es\/noticias-f1\/2012\/08\/28\/ferrari-comenzo-las-pruebas-del-v6-turbo\/\" data-layout=\"button_count\"><\/div><\/li><li class=\"share-twitter\"><a href=\"https:\/\/twitter.com\/share\" class=\"twitter-share-button\" data-url=\"http:\/\/www.michael-schumacher.es\/noticias-f1\/2012\/08\/28\/ferrari-comenzo-las-pruebas-del-v6-turbo\/\" data-text=\"Ferrari comenz\u00f3 las pruebas del  V6 Turbo \"  >Tweet<\/a><\/li><li class=\"share-email\"><a rel=\"nofollow noopener noreferrer\" data-shared=\"\" class=\"share-email sd-button\" href=\"http:\/\/www.michael-schumacher.es\/noticias-f1\/2012\/08\/28\/ferrari-comenzo-las-pruebas-del-v6-turbo\/?share=email\" target=\"_blank\" title=\"Haz clic para enviar por correo electr\u00f3nico a un amigo\"><span>Correo electr\u00f3nico<\/span><\/a><\/li><li class=\"share-end\"><\/li><\/ul><\/div><\/div><\/div>","protected":false},"excerpt":{"rendered":"<p>El equipo Ferrari comenz\u00f3 con el programa de desarrollo intensivo de su motor para el \u00a02014, el jefe de ingenier\u00eda \u00a0y electr\u00f3nica, Luca Marmorini confirmo \u00a0que el primer motor V6 turbo est\u00e1 en la fabrica en Maranello: \u201cEstamos entrando en un reto para el personal del Departamento de motor y la transmisi\u00f3n. Seguimos trabajando lo [&hellip;]<\/p>\n<div class=\"sharedaddy sd-sharing-enabled\"><div class=\"robots-nocontent sd-block sd-social sd-social-official sd-sharing\"><h3 class=\"sd-title\">Opciones Sociales:<\/h3><div class=\"sd-content\"><ul><li class=\"share-facebook\"><div class=\"fb-share-button\" data-href=\"http:\/\/www.michael-schumacher.es\/noticias-f1\/2012\/08\/28\/ferrari-comenzo-las-pruebas-del-v6-turbo\/\" data-layout=\"button_count\"><\/div><\/li><li class=\"share-twitter\"><a href=\"https:\/\/twitter.com\/share\" class=\"twitter-share-button\" data-url=\"http:\/\/www.michael-schumacher.es\/noticias-f1\/2012\/08\/28\/ferrari-comenzo-las-pruebas-del-v6-turbo\/\" data-text=\"Ferrari comenz\u00f3 las pruebas del  V6 Turbo \"  >Tweet<\/a><\/li><li class=\"share-email\"><a rel=\"nofollow noopener noreferrer\" data-shared=\"\" class=\"share-email sd-button\" href=\"http:\/\/www.michael-schumacher.es\/noticias-f1\/2012\/08\/28\/ferrari-comenzo-las-pruebas-del-v6-turbo\/?share=email\" target=\"_blank\" title=\"Haz clic para enviar por correo electr\u00f3nico a un amigo\"><span>Correo electr\u00f3nico<\/span><\/a><\/li><li class=\"share-end\"><\/li><\/ul><\/div><\/div><\/div>","protected":false},"author":3,"featured_media":0,"comment_status":"open","ping_status":"open","sticky":false,"template":"","format":"standard","meta":{"_monsterinsights_skip_tracking":false,"_monsterinsights_sitenote_active":false,"_monsterinsights_sitenote_note":"","_monsterinsights_sitenote_category":0,"spay_email":"","jetpack_publicize_message":"","jetpack_is_tweetstorm":false,"jetpack_publicize_feature_enabled":true},"categories":[3],"tags":[506,240,17,141,15,523,1205,282,867,866],"jetpack_featured_media_url":"","jetpack_publicize_connections":[],"jetpack_sharing_enabled":true,"jetpack_shortlink":"https:\/\/wp.me\/p27q3P-Rt","_links":{"self":[{"href":"http:\/\/www.michael-schumacher.es\/noticias-f1\/wp-json\/wp\/v2\/posts\/3315"}],"collection":[{"href":"http:\/\/www.michael-schumacher.es\/noticias-f1\/wp-json\/wp\/v2\/posts"}],"about":[{"href":"http:\/\/www.michael-schumacher.es\/noticias-f1\/wp-json\/wp\/v2\/types\/post"}],"author":[{"embeddable":true,"href":"http:\/\/www.michael-schumacher.es\/noticias-f1\/wp-json\/wp\/v2\/users\/3"}],"replies":[{"embeddable":true,"href":"http:\/\/www.michael-schumacher.es\/noticias-f1\/wp-json\/wp\/v2\/comments?post=3315"}],"version-history":[{"count":0,"href":"http:\/\/www.michael-schumacher.es\/noticias-f1\/wp-json\/wp\/v2\/posts\/3315\/revisions"}],"wp:attachment":[{"href":"http:\/\/www.michael-schumacher.es\/noticias-f1\/wp-json\/wp\/v2\/media?parent=3315"}],"wp:term":[{"taxonomy":"category","embeddable":true,"href":"http:\/\/www.michael-schumacher.es\/noticias-f1\/wp-json\/wp\/v2\/categories?post=3315"},{"taxonomy":"post_tag","embeddable":true,"href":"http:\/\/www.michael-schumacher.es\/noticias-f1\/wp-json\/wp\/v2\/tags?post=3315"}],"curies":[{"name":"wp","href":"https:\/\/api.w.org\/{rel}","templated":true}]}}