{"id":3345,"date":"2012-08-28T15:29:39","date_gmt":"2012-08-28T13:29:39","guid":{"rendered":"http:\/\/www.michael-schumacher.es\/noticias-f1\/?p=3345"},"modified":"2012-08-28T15:31:17","modified_gmt":"2012-08-28T13:31:17","slug":"mclaren-podria-introducir-su-doble-drs-en-belgica","status":"publish","type":"post","link":"http:\/\/www.michael-schumacher.es\/noticias-f1\/2012\/08\/28\/mclaren-podria-introducir-su-doble-drs-en-belgica\/","title":{"rendered":"McLaren podr\u00eda introducir su doble DRS en B\u00e9lgica"},"content":{"rendered":"<p><a href=\"http:\/\/www.michael-schumacher.es\/noticias-f1\/wp-content\/uploads\/2012\/08\/david_sarro.button-1-mini.jpg\"><img loading=\"lazy\" class=\"alignleft size-full wp-image-2445\" title=\"Jenson Button 1 - miniatura\" src=\"http:\/\/www.michael-schumacher.es\/noticias-f1\/wp-content\/uploads\/2012\/08\/david_sarro.button-1-mini.jpg\" alt=\"\" width=\"200\" height=\"133\" \/><\/a>Mercedes fue el \u00fanico equipo para equipar sus coches con el sistema doble DRS desde el \u00a0inicio de la temporada, un concepto de reducci\u00f3n de la resistencia vista por primera vez en los coches de Mercedes y m\u00e1s recientemente en E20 Lotus, \u00a0pero despu\u00e9s de algunas apariciones en los entrenamientos libres, el prototipo desarrollado por Lotus que se inaugurar\u00e1 en la carrera en Spa, revel\u00f3 James Allison, director t\u00e9cnico de la escuder\u00eda brit\u00e1nica.<\/p>\n<p><!--more--> <!--noteaser--><\/p>\n<p><a href=\"http:\/\/www.michael-schumacher.es\/noticias-f1\/wp-content\/uploads\/2012\/08\/david_sarro.button-1.jpg\"><img loading=\"lazy\" class=\"aligncenter size-full wp-image-2444\" title=\"Jenson Button 1 \" src=\"http:\/\/www.michael-schumacher.es\/noticias-f1\/wp-content\/uploads\/2012\/08\/david_sarro.button-1.jpg\" alt=\"\" width=\"600\" height=\"400\" srcset=\"http:\/\/www.michael-schumacher.es\/noticias-f1\/wp-content\/uploads\/2012\/08\/david_sarro.button-1.jpg 600w, http:\/\/www.michael-schumacher.es\/noticias-f1\/wp-content\/uploads\/2012\/08\/david_sarro.button-1-300x200.jpg 300w\" sizes=\"(max-width: 600px) 100vw, 600px\" \/><\/a><\/p>\n<p>Mercedes fue el \u00fanico equipo para equipar sus coches con el sistema doble DRS desde el \u00a0inicio de la temporada, un concepto de reducci\u00f3n de la resistencia vista por primera vez en los coches de Mercedes y m\u00e1s recientemente en E20 Lotus, \u00a0pero despu\u00e9s de algunas apariciones en los entrenamientos libres, el prototipo desarrollado por Lotus que se inaugurar\u00e1 en la carrera en Spa, revel\u00f3 James Allison, director t\u00e9cnico de la escuder\u00eda brit\u00e1nica.<\/p>\n<p>&nbsp;<\/p>\n<p>Mclaren tambi\u00e9n ha trabajado en su propio sistema y parece que ya est\u00e1 preparado para Spa. Aunque se desconoce c\u00f3mo es el sistema. Sam Michael, director deportivo del equipo, comentaba: <strong>\u00abNuestro dispositivo no es como el Lotus, pero estamos estudiando algo parecido\u201d.<\/strong><\/p>\n<p>&nbsp;<\/p>\n<p>Lewis Hamilton, se fue de vacaciones de verano, despu\u00e9s de ganar el Gran Premio de Hungria, y tanto el como el equipo intentaran mantener ese rendimiento, ya que el campeonato sigue abierto e incierto<strong>: \u201cCreo que no se puede predecir con gran certeza que ser\u00e1 el pr\u00f3ximo piloto que ganara. Pero creo que las pr\u00f3ximas semanas podr\u00eda aclarar muchos interrogantes en la pelea por el t\u00edtulo. Ning\u00fan equipo tiene una ventaja clara, pero todos trabajamos duro pie para coger Fernando Alonso, \u00a0en el campeonato de pilotos. Nada est\u00e1 decidido a\u00fan\u201d.<\/strong><\/p>\n<p>&nbsp;<\/p>\n<p><strong>Imagen:<\/strong> David Sarr\u00f3<\/p>\n<div class=\"sharedaddy sd-sharing-enabled\"><div class=\"robots-nocontent sd-block sd-social sd-social-official sd-sharing\"><h3 class=\"sd-title\">Opciones Sociales:<\/h3><div class=\"sd-content\"><ul><li class=\"share-facebook\"><div class=\"fb-share-button\" data-href=\"http:\/\/www.michael-schumacher.es\/noticias-f1\/2012\/08\/28\/mclaren-podria-introducir-su-doble-drs-en-belgica\/\" data-layout=\"button_count\"><\/div><\/li><li class=\"share-twitter\"><a href=\"https:\/\/twitter.com\/share\" class=\"twitter-share-button\" data-url=\"http:\/\/www.michael-schumacher.es\/noticias-f1\/2012\/08\/28\/mclaren-podria-introducir-su-doble-drs-en-belgica\/\" data-text=\"McLaren podr\u00eda introducir su doble DRS en B\u00e9lgica\"  >Tweet<\/a><\/li><li class=\"share-email\"><a rel=\"nofollow noopener noreferrer\" data-shared=\"\" class=\"share-email sd-button\" href=\"http:\/\/www.michael-schumacher.es\/noticias-f1\/2012\/08\/28\/mclaren-podria-introducir-su-doble-drs-en-belgica\/?share=email\" target=\"_blank\" title=\"Haz clic para enviar por correo electr\u00f3nico a un amigo\"><span>Correo electr\u00f3nico<\/span><\/a><\/li><li class=\"share-end\"><\/li><\/ul><\/div><\/div><\/div>","protected":false},"excerpt":{"rendered":"<p>Mercedes fue el \u00fanico equipo para equipar sus coches con el sistema doble DRS desde el \u00a0inicio de la temporada, un concepto de reducci\u00f3n de la resistencia vista por primera vez en los coches de Mercedes y m\u00e1s recientemente en E20 Lotus, \u00a0pero despu\u00e9s de algunas apariciones en los entrenamientos libres, el prototipo desarrollado por [&hellip;]<\/p>\n<div class=\"sharedaddy sd-sharing-enabled\"><div class=\"robots-nocontent sd-block sd-social sd-social-official sd-sharing\"><h3 class=\"sd-title\">Opciones Sociales:<\/h3><div class=\"sd-content\"><ul><li class=\"share-facebook\"><div class=\"fb-share-button\" data-href=\"http:\/\/www.michael-schumacher.es\/noticias-f1\/2012\/08\/28\/mclaren-podria-introducir-su-doble-drs-en-belgica\/\" data-layout=\"button_count\"><\/div><\/li><li class=\"share-twitter\"><a href=\"https:\/\/twitter.com\/share\" class=\"twitter-share-button\" data-url=\"http:\/\/www.michael-schumacher.es\/noticias-f1\/2012\/08\/28\/mclaren-podria-introducir-su-doble-drs-en-belgica\/\" data-text=\"McLaren podr\u00eda introducir su doble DRS en B\u00e9lgica\"  >Tweet<\/a><\/li><li class=\"share-email\"><a rel=\"nofollow noopener noreferrer\" data-shared=\"\" class=\"share-email sd-button\" href=\"http:\/\/www.michael-schumacher.es\/noticias-f1\/2012\/08\/28\/mclaren-podria-introducir-su-doble-drs-en-belgica\/?share=email\" target=\"_blank\" title=\"Haz clic para enviar por correo electr\u00f3nico a un amigo\"><span>Correo electr\u00f3nico<\/span><\/a><\/li><li class=\"share-end\"><\/li><\/ul><\/div><\/div><\/div>","protected":false},"author":3,"featured_media":0,"comment_status":"open","ping_status":"open","sticky":false,"template":"","format":"standard","meta":{"_monsterinsights_skip_tracking":false,"_monsterinsights_sitenote_active":false,"_monsterinsights_sitenote_note":"","_monsterinsights_sitenote_category":0,"spay_email":"","jetpack_publicize_message":"","jetpack_is_tweetstorm":false,"jetpack_publicize_feature_enabled":true},"categories":[3],"tags":[14,303,490,330,306,17,15,6,26,138,304,744,485],"jetpack_featured_media_url":"","jetpack_publicize_connections":[],"jetpack_sharing_enabled":true,"jetpack_shortlink":"https:\/\/wp.me\/p27q3P-RX","_links":{"self":[{"href":"http:\/\/www.michael-schumacher.es\/noticias-f1\/wp-json\/wp\/v2\/posts\/3345"}],"collection":[{"href":"http:\/\/www.michael-schumacher.es\/noticias-f1\/wp-json\/wp\/v2\/posts"}],"about":[{"href":"http:\/\/www.michael-schumacher.es\/noticias-f1\/wp-json\/wp\/v2\/types\/post"}],"author":[{"embeddable":true,"href":"http:\/\/www.michael-schumacher.es\/noticias-f1\/wp-json\/wp\/v2\/users\/3"}],"replies":[{"embeddable":true,"href":"http:\/\/www.michael-schumacher.es\/noticias-f1\/wp-json\/wp\/v2\/comments?post=3345"}],"version-history":[{"count":0,"href":"http:\/\/www.michael-schumacher.es\/noticias-f1\/wp-json\/wp\/v2\/posts\/3345\/revisions"}],"wp:attachment":[{"href":"http:\/\/www.michael-schumacher.es\/noticias-f1\/wp-json\/wp\/v2\/media?parent=3345"}],"wp:term":[{"taxonomy":"category","embeddable":true,"href":"http:\/\/www.michael-schumacher.es\/noticias-f1\/wp-json\/wp\/v2\/categories?post=3345"},{"taxonomy":"post_tag","embeddable":true,"href":"http:\/\/www.michael-schumacher.es\/noticias-f1\/wp-json\/wp\/v2\/tags?post=3345"}],"curies":[{"name":"wp","href":"https:\/\/api.w.org\/{rel}","templated":true}]}}