{"id":3403,"date":"2012-08-30T11:30:53","date_gmt":"2012-08-30T09:30:53","guid":{"rendered":"http:\/\/www.michael-schumacher.es\/noticias-f1\/?p=3403"},"modified":"2012-08-30T11:30:53","modified_gmt":"2012-08-30T09:30:53","slug":"previo-gp-de-belgica-spa-francorchamps-2012-marussia","status":"publish","type":"post","link":"http:\/\/www.michael-schumacher.es\/noticias-f1\/2012\/08\/30\/previo-gp-de-belgica-spa-francorchamps-2012-marussia\/","title":{"rendered":"Previo GP de B\u00e9lgica, Spa-Francorchamps 2012. Marussia"},"content":{"rendered":"<p><a href=\"http:\/\/www.michael-schumacher.es\/noticias-f1\/wp-content\/uploads\/2012\/08\/david_sarro.glock-1-mini.jpg\"><img loading=\"lazy\" class=\"alignleft size-full wp-image-2479\" title=\"Timo Glock  1 - miniatura \" src=\"http:\/\/www.michael-schumacher.es\/noticias-f1\/wp-content\/uploads\/2012\/08\/david_sarro.glock-1-mini.jpg\" alt=\"\" width=\"200\" height=\"133\" \/><\/a>Timo Glock, Charles Pic y todo el equipo est\u00e1n deseando volver a la competici\u00f3n, porque est\u00e1n preparados para seguir progresando para esta temporada y tambi\u00e9n pensado en el 2013, adem\u00e1s les motiva Spa y hacer el regrso tras el verano all\u00ed y por ultimo porque celebran su 50 Gran Premio.<\/p>\n<p><!--more--> <!--noteaser--><\/p>\n<p><a href=\"http:\/\/www.michael-schumacher.es\/noticias-f1\/wp-content\/uploads\/2012\/08\/david_sarro.glock-1.jpg\"><img loading=\"lazy\" class=\"aligncenter size-full wp-image-2478\" title=\"Timo Glock 1 \" src=\"http:\/\/www.michael-schumacher.es\/noticias-f1\/wp-content\/uploads\/2012\/08\/david_sarro.glock-1.jpg\" alt=\"\" width=\"600\" height=\"400\" srcset=\"http:\/\/www.michael-schumacher.es\/noticias-f1\/wp-content\/uploads\/2012\/08\/david_sarro.glock-1.jpg 600w, http:\/\/www.michael-schumacher.es\/noticias-f1\/wp-content\/uploads\/2012\/08\/david_sarro.glock-1-300x200.jpg 300w\" sizes=\"(max-width: 600px) 100vw, 600px\" \/><\/a><\/p>\n<p>Timo Glock, Charles Pic y todo el equipo est\u00e1n deseando volver a la competici\u00f3n, porque est\u00e1n preparados para seguir progresando para esta temporada y tambi\u00e9n pensado en el 2013, adem\u00e1s les motiva Spa y hacer el regrso tras el verano all\u00ed y por ultimo porque celebran su 50 Gran Premio.<\/p>\n<p>&nbsp;<\/p>\n<p><strong>Timo Glock: <\/strong><em>\u201cDespu\u00e9s de un largo receso de verano, todo el mundo en el equipo parece revitalizado y listo para embarcarse en la siguiente fase importante de la temporada. Yo mismo tuve una buena mezcla de relajaci\u00f3n y entrenamiento y ahora tengo muchas ganas de volver a la competici\u00f3n. Durante los siguientes nueve carreras vamos a trabajar duro para optimizar nuestro paquete actual, en el mismo momento haces un trabajo importante para el pr\u00f3ximo a\u00f1o. Esas carreras se llevar\u00e1n a cabo en tan s\u00f3lo 14 semanas, as\u00ed que con la fase de largo plazo ser\u00e1 la acci\u00f3n sin parar. Para volver carreras en Spa es una manera perfecta para recoger el resto de la temporada. Es una de mis carreras favoritas, con un circuito hist\u00f3rico que tiene un dise\u00f1o fascinante. La pista es muy r\u00e1pida y larga con algunas curvas muy dif\u00edciles, por lo que con cualquier peque\u00f1o error arruinas la vuelta. El tiempo es a menudo un factor, especialmente debido a su variabilidad. La lluvia puede venir muy r\u00e1pidamente, pero esto es parte de la emoci\u00f3n de las carreras de aqu\u00ed. Estoy muy emocionada y deseando que llegue el fin de semana por delante. \u00ab<\/em><\/p>\n<p>&nbsp;<\/p>\n<p><strong>Charles Pic:<\/strong> <strong>\u00ab<\/strong><em>Termin\u00e9 la primera parte de la temporada con una nota fuerte, en parte debido a un mejor desempe\u00f1o del equipo, y satisfecho con mi progreso hasta ahora en mi primera temporada. El descanso me ha dado tiempo para reflexionar sobre las once carreras, que parec\u00edan pasar tan r\u00e1pido, y mi plan es consolidar todo lo que he aprendido del equipo y el coche y lo envuelve todo junto para tener lo que esperamos, que sea un parte m\u00e1s fuerte el segundo semestre del a\u00f1o. Las vacaciones de verano ha sido bueno para todos en el equipo Marussia F1 y todo el mundo parece fresco y lleno de entusiasmo por los pr\u00f3ximos nueve carreras, la mayor\u00eda de los cuales est\u00e1n en el extranjero, por lo que ser\u00e1 un tiempo muy ocupado. Spa es un circuito fant\u00e1stico, as\u00ed que no puedo esperar para volver a competir all\u00ed la semana que viene. Toda la experiencia es muy dif\u00edcil para un piloto, el circuito tiene una atm\u00f3sfera tan especial debido a su herencia. Estoy deseando volver a competir all\u00ed en un coche de F\u00f3rmula 1 por primera vez y recoger donde lo dejamos en Hungr\u00eda. \u00ab<\/em><\/p>\n<p>&nbsp;<\/p>\n<p><strong>John Booth, jefe de equipo: <\/strong><em>\u00abA trav\u00e9s de todo el equipo hay una sensaci\u00f3n real de que no podemos esperar a volver a la competici\u00f3n. La ruptura ha sido buena para nosotros y estamos listos para salir a la pista de nuevo. Timo y Charles parecen vigorizados, por lo que esperamos que las cosas positivas de la segunda mitad de la temporada. Spa es un gran lugar para comenzar las cosas. No s\u00f3lo nos encanta este circuito, pero este a\u00f1o la ocasi\u00f3n de nuestro 50 Gran Premio all\u00ed, lo cual es un hito importante dentro del equipo. Han pasado muchas cosas en el corto espacio de dos temporadas y media y de carreras, pero somos un equipo fuerte como resultado y equipada ahora para ir a cosas m\u00e1s grandes y mejores. Ha sido muy bonito observar c\u00f3mo muchos de los que el equipo ha estado con nosotros desde el principio &#8211; Timo incluido por supuesto. En los equipos de j\u00f3venes muchas cosas pueden cambiar &#8211; en especial su gente &#8211; por lo que es muy alentador que seguir construyendo sobre nuestro fuerte n\u00facleo original. En cuanto a la carrera en s\u00ed, esperamos obtener el resto de grandes premios a un comienzo fuerte y seguir cerrando la brecha en la parte delantera de la parrilla\u201d.<\/em><\/p>\n<p>&nbsp;<\/p>\n<p><strong>Imagen:<\/strong> David Sarr\u00f3<\/p>\n<div class=\"sharedaddy sd-sharing-enabled\"><div class=\"robots-nocontent sd-block sd-social sd-social-official sd-sharing\"><h3 class=\"sd-title\">Opciones Sociales:<\/h3><div class=\"sd-content\"><ul><li class=\"share-facebook\"><div class=\"fb-share-button\" data-href=\"http:\/\/www.michael-schumacher.es\/noticias-f1\/2012\/08\/30\/previo-gp-de-belgica-spa-francorchamps-2012-marussia\/\" data-layout=\"button_count\"><\/div><\/li><li class=\"share-twitter\"><a href=\"https:\/\/twitter.com\/share\" class=\"twitter-share-button\" data-url=\"http:\/\/www.michael-schumacher.es\/noticias-f1\/2012\/08\/30\/previo-gp-de-belgica-spa-francorchamps-2012-marussia\/\" data-text=\"Previo GP de B\u00e9lgica, Spa-Francorchamps 2012. Marussia\"  >Tweet<\/a><\/li><li class=\"share-email\"><a rel=\"nofollow noopener noreferrer\" data-shared=\"\" class=\"share-email sd-button\" href=\"http:\/\/www.michael-schumacher.es\/noticias-f1\/2012\/08\/30\/previo-gp-de-belgica-spa-francorchamps-2012-marussia\/?share=email\" target=\"_blank\" title=\"Haz clic para enviar por correo electr\u00f3nico a un amigo\"><span>Correo electr\u00f3nico<\/span><\/a><\/li><li class=\"share-end\"><\/li><\/ul><\/div><\/div><\/div>","protected":false},"excerpt":{"rendered":"<p>Timo Glock, Charles Pic y todo el equipo est\u00e1n deseando volver a la competici\u00f3n, porque est\u00e1n preparados para seguir progresando para esta temporada y tambi\u00e9n pensado en el 2013, adem\u00e1s les motiva Spa y hacer el regrso tras el verano all\u00ed y por ultimo porque celebran su 50 Gran Premio.<\/p>\n<div class=\"sharedaddy sd-sharing-enabled\"><div class=\"robots-nocontent sd-block sd-social sd-social-official sd-sharing\"><h3 class=\"sd-title\">Opciones Sociales:<\/h3><div class=\"sd-content\"><ul><li class=\"share-facebook\"><div class=\"fb-share-button\" data-href=\"http:\/\/www.michael-schumacher.es\/noticias-f1\/2012\/08\/30\/previo-gp-de-belgica-spa-francorchamps-2012-marussia\/\" data-layout=\"button_count\"><\/div><\/li><li class=\"share-twitter\"><a href=\"https:\/\/twitter.com\/share\" class=\"twitter-share-button\" data-url=\"http:\/\/www.michael-schumacher.es\/noticias-f1\/2012\/08\/30\/previo-gp-de-belgica-spa-francorchamps-2012-marussia\/\" data-text=\"Previo GP de B\u00e9lgica, Spa-Francorchamps 2012. Marussia\"  >Tweet<\/a><\/li><li class=\"share-email\"><a rel=\"nofollow noopener noreferrer\" data-shared=\"\" class=\"share-email sd-button\" href=\"http:\/\/www.michael-schumacher.es\/noticias-f1\/2012\/08\/30\/previo-gp-de-belgica-spa-francorchamps-2012-marussia\/?share=email\" target=\"_blank\" title=\"Haz clic para enviar por correo electr\u00f3nico a un amigo\"><span>Correo electr\u00f3nico<\/span><\/a><\/li><li class=\"share-end\"><\/li><\/ul><\/div><\/div><\/div>","protected":false},"author":3,"featured_media":0,"comment_status":"open","ping_status":"open","sticky":false,"template":"","format":"standard","meta":{"_monsterinsights_skip_tracking":false,"_monsterinsights_sitenote_active":false,"_monsterinsights_sitenote_note":"","_monsterinsights_sitenote_category":0,"spay_email":"","jetpack_publicize_message":"","jetpack_is_tweetstorm":false,"jetpack_publicize_feature_enabled":true},"categories":[3],"tags":[14,490,116,17,15,119,6,139,117,5,485,831,118],"jetpack_featured_media_url":"","jetpack_publicize_connections":[],"jetpack_sharing_enabled":true,"jetpack_shortlink":"https:\/\/wp.me\/p27q3P-ST","_links":{"self":[{"href":"http:\/\/www.michael-schumacher.es\/noticias-f1\/wp-json\/wp\/v2\/posts\/3403"}],"collection":[{"href":"http:\/\/www.michael-schumacher.es\/noticias-f1\/wp-json\/wp\/v2\/posts"}],"about":[{"href":"http:\/\/www.michael-schumacher.es\/noticias-f1\/wp-json\/wp\/v2\/types\/post"}],"author":[{"embeddable":true,"href":"http:\/\/www.michael-schumacher.es\/noticias-f1\/wp-json\/wp\/v2\/users\/3"}],"replies":[{"embeddable":true,"href":"http:\/\/www.michael-schumacher.es\/noticias-f1\/wp-json\/wp\/v2\/comments?post=3403"}],"version-history":[{"count":0,"href":"http:\/\/www.michael-schumacher.es\/noticias-f1\/wp-json\/wp\/v2\/posts\/3403\/revisions"}],"wp:attachment":[{"href":"http:\/\/www.michael-schumacher.es\/noticias-f1\/wp-json\/wp\/v2\/media?parent=3403"}],"wp:term":[{"taxonomy":"category","embeddable":true,"href":"http:\/\/www.michael-schumacher.es\/noticias-f1\/wp-json\/wp\/v2\/categories?post=3403"},{"taxonomy":"post_tag","embeddable":true,"href":"http:\/\/www.michael-schumacher.es\/noticias-f1\/wp-json\/wp\/v2\/tags?post=3403"}],"curies":[{"name":"wp","href":"https:\/\/api.w.org\/{rel}","templated":true}]}}