{"id":3457,"date":"2012-09-01T01:11:07","date_gmt":"2012-08-31T23:11:07","guid":{"rendered":"http:\/\/www.michael-schumacher.es\/noticias-f1\/?p=3457"},"modified":"2012-09-01T01:19:43","modified_gmt":"2012-08-31T23:19:43","slug":"entrenamientos-gp-de-belgica-spa-francorchamps-2012-hrt","status":"publish","type":"post","link":"http:\/\/www.michael-schumacher.es\/noticias-f1\/2012\/09\/01\/entrenamientos-gp-de-belgica-spa-francorchamps-2012-hrt\/","title":{"rendered":"Entrenamientos GP de B\u00e9lgica, Spa-Francorchamps 2012. HRT"},"content":{"rendered":"<p><img loading=\"lazy\" class=\"alignleft\" title=\"Dani Clos\" src=\"http:\/\/img.michael-schumacher.es\/noticias-f1\/dani-clos\/dani-clos-1-mini.jpg\" alt=\"Dani Clos\" width=\"200\" height=\"100\" \/>Sin embargo no han sido los monoplazas ni los pilotos, si no la lluvia la verdadera protagonista de la jornada. En la sesi\u00f3n matinal, con Dani Clos y Pedro de la Rosa al volante, los F112 han cubierto una docena de vueltas bajo la intensa lluvia que ha incluso arreciado en la segunda sesi\u00f3n. Dadas las adversas condiciones y que la previsi\u00f3n no apunta a lluvia para el fin de semana, De la Rosa y Karthikeyan han decidido no arriesgar por la tarde y no han salido del garaje.<\/p>\n<p><!--more--> <!--noteaser--><\/p>\n<p style=\"text-align: center;\">\u00a0<strong><img loading=\"lazy\" class=\"aligncenter\" title=\"Dani Clos\" src=\"http:\/\/img.michael-schumacher.es\/noticias-f1\/dani-clos\/dani-clos-1.jpg\" alt=\"Dani Clos\" width=\"605\" height=\"300\" \/><\/strong><\/p>\n<p>Sin embargo no han sido los monoplazas ni los pilotos, si no la lluvia la verdadera protagonista de la jornada. En la sesi\u00f3n matinal, con Dani Clos y Pedro de la Rosa al volante, los F112 han cubierto una docena de vueltas bajo la intensa lluvia que ha incluso arreciado en la segunda sesi\u00f3n. Dadas las adversas condiciones y que la previsi\u00f3n no apunta a lluvia para el fin de semana, De la Rosa y Karthikeyan han decidido no arriesgar por la tarde y no han salido del garaje.<\/p>\n<p>Habr\u00e1 que esperar para comprobarlo pero, con unas sesiones de clasificaci\u00f3n y carrera previstas en condiciones de seco, los 60 minutos de la tercera sesi\u00f3n de libres de ma\u00f1ana ser\u00e1n claves para todos en el m\u00edtico trazado de Spa-Francorchamps.<\/p>\n<p>&nbsp;<\/p>\n<p><strong>Pedro de la Rosa:<\/strong><em> \u00abMe ha sorprendido la cantidad de agua que ha ca\u00eddo durante las dos sesiones. Preve\u00edamos que la sesi\u00f3n de la ma\u00f1ana ser\u00eda la menos mojada y por eso hemos aprovechado para hacer nuestra \u00fanica tanda en mojado. Hemos dado unas pocas vueltas principalmente para comprobar que el coche y los sistemas funcionaban bien de modo que, con la pista incluso en peores condiciones, por la tarde hemos preferido no salir ya que no nos iba a aportar nada. Llevamos casi un mes sin rodar con el coche y lo positivo ha sido el poder quitarse el \u00f3xido e ir ganando confianza. Para ma\u00f1ana tenemos un juego m\u00e1s de neum\u00e1ticos de seco y, como hoy no hemos podido probar con los tanques llenos, esa ser\u00e1 la prioridad\u201d.<\/em><\/p>\n<p>&nbsp;<\/p>\n<p><strong>Narain Karthikeyan:<\/strong><em> \u00abHoy no he podido dar ninguna vuelta ya que las condiciones eran nefastas, pero no puedes luchar contra estas cosas, as\u00ed que lo mejor es centrarse ya en ma\u00f1ana. No se prev\u00e9 lluvia por lo que trabajaremos para recuperar el tiempo perdido de hoy desde el inicio y para volver a tomar contacto con en el coche. Ser\u00e1 una sesi\u00f3n intensa pero tengo muchas ganas de salir a pista\u201d.<\/em><\/p>\n<p>&nbsp;<\/p>\n<p><strong>Dani Clos:<\/strong> <em>\u00abDe nuevo he podido subirme al F112 y eso es fant\u00e1stico. Sin embargo, la sesi\u00f3n ha sido complicada por las condiciones que nos hemos encontrado. La pista estaba muy mojada y el objetivo era comprobar que no hab\u00eda problemas en los sistemas del coche y evaluar el balance. En ese sentido, todo ha ido bien y me he sentido muy c\u00f3modo, de modo que estoy satisfecho con el trabajo que hemos realizado\u201d.<\/em><\/p>\n<p>&nbsp;<\/p>\n<p><strong>Luis P\u00e9rez-Sala, Team Principal:<\/strong> <em>\u00abVolvemos del calor del verano, y por eso lo de hoy ha sido un poco chocante. Esper\u00e1bamos lluvia pero tal vez no tanta como la que ha ca\u00eddo, aunque Spa siempre es muy particular. Hemos podido sacar poco provecho de la jornada, pero al menos hemos chequeado que todo funciona correctamente. Dani ha tenido una nueva oportunidad para rodar y eso siempre es positivo. Por la tarde hemos considerado que no merec\u00eda la pena salir, sobre todo cuando la previsi\u00f3n para ma\u00f1ana y el domingo es que no llueva. Ma\u00f1ana no podemos perder el tiempo pero todos estamos en las misma situaci\u00f3n\u201d.<\/em><\/p>\n<div class=\"sharedaddy sd-sharing-enabled\"><div class=\"robots-nocontent sd-block sd-social sd-social-official sd-sharing\"><h3 class=\"sd-title\">Opciones Sociales:<\/h3><div class=\"sd-content\"><ul><li class=\"share-facebook\"><div class=\"fb-share-button\" data-href=\"http:\/\/www.michael-schumacher.es\/noticias-f1\/2012\/09\/01\/entrenamientos-gp-de-belgica-spa-francorchamps-2012-hrt\/\" data-layout=\"button_count\"><\/div><\/li><li class=\"share-twitter\"><a href=\"https:\/\/twitter.com\/share\" class=\"twitter-share-button\" data-url=\"http:\/\/www.michael-schumacher.es\/noticias-f1\/2012\/09\/01\/entrenamientos-gp-de-belgica-spa-francorchamps-2012-hrt\/\" data-text=\"Entrenamientos GP de B\u00e9lgica, Spa-Francorchamps 2012. HRT\"  >Tweet<\/a><\/li><li class=\"share-email\"><a rel=\"nofollow noopener noreferrer\" data-shared=\"\" class=\"share-email sd-button\" href=\"http:\/\/www.michael-schumacher.es\/noticias-f1\/2012\/09\/01\/entrenamientos-gp-de-belgica-spa-francorchamps-2012-hrt\/?share=email\" target=\"_blank\" title=\"Haz clic para enviar por correo electr\u00f3nico a un amigo\"><span>Correo electr\u00f3nico<\/span><\/a><\/li><li class=\"share-end\"><\/li><\/ul><\/div><\/div><\/div>","protected":false},"excerpt":{"rendered":"<p>Sin embargo no han sido los monoplazas ni los pilotos, si no la lluvia la verdadera protagonista de la jornada. En la sesi\u00f3n matinal, con Dani Clos y Pedro de la Rosa al volante, los F112 han cubierto una docena de vueltas bajo la intensa lluvia que ha incluso arreciado en la segunda sesi\u00f3n. Dadas [&hellip;]<\/p>\n<div class=\"sharedaddy sd-sharing-enabled\"><div class=\"robots-nocontent sd-block sd-social sd-social-official sd-sharing\"><h3 class=\"sd-title\">Opciones Sociales:<\/h3><div class=\"sd-content\"><ul><li class=\"share-facebook\"><div class=\"fb-share-button\" data-href=\"http:\/\/www.michael-schumacher.es\/noticias-f1\/2012\/09\/01\/entrenamientos-gp-de-belgica-spa-francorchamps-2012-hrt\/\" data-layout=\"button_count\"><\/div><\/li><li class=\"share-twitter\"><a href=\"https:\/\/twitter.com\/share\" class=\"twitter-share-button\" data-url=\"http:\/\/www.michael-schumacher.es\/noticias-f1\/2012\/09\/01\/entrenamientos-gp-de-belgica-spa-francorchamps-2012-hrt\/\" data-text=\"Entrenamientos GP de B\u00e9lgica, Spa-Francorchamps 2012. HRT\"  >Tweet<\/a><\/li><li class=\"share-email\"><a rel=\"nofollow noopener noreferrer\" data-shared=\"\" class=\"share-email sd-button\" href=\"http:\/\/www.michael-schumacher.es\/noticias-f1\/2012\/09\/01\/entrenamientos-gp-de-belgica-spa-francorchamps-2012-hrt\/?share=email\" target=\"_blank\" title=\"Haz clic para enviar por correo electr\u00f3nico a un amigo\"><span>Correo electr\u00f3nico<\/span><\/a><\/li><li class=\"share-end\"><\/li><\/ul><\/div><\/div><\/div>","protected":false},"author":3,"featured_media":0,"comment_status":"open","ping_status":"open","sticky":false,"template":"","format":"standard","meta":{"_monsterinsights_skip_tracking":false,"_monsterinsights_sitenote_active":false,"_monsterinsights_sitenote_note":"","_monsterinsights_sitenote_category":0,"spay_email":"","jetpack_publicize_message":"","jetpack_is_tweetstorm":false,"jetpack_publicize_feature_enabled":true},"categories":[67,3],"tags":[14,490,398,369,78,131,17,15,6,75,79,556,76,1245,485,831],"jetpack_featured_media_url":"","jetpack_publicize_connections":[],"jetpack_sharing_enabled":true,"jetpack_shortlink":"https:\/\/wp.me\/p27q3P-TL","_links":{"self":[{"href":"http:\/\/www.michael-schumacher.es\/noticias-f1\/wp-json\/wp\/v2\/posts\/3457"}],"collection":[{"href":"http:\/\/www.michael-schumacher.es\/noticias-f1\/wp-json\/wp\/v2\/posts"}],"about":[{"href":"http:\/\/www.michael-schumacher.es\/noticias-f1\/wp-json\/wp\/v2\/types\/post"}],"author":[{"embeddable":true,"href":"http:\/\/www.michael-schumacher.es\/noticias-f1\/wp-json\/wp\/v2\/users\/3"}],"replies":[{"embeddable":true,"href":"http:\/\/www.michael-schumacher.es\/noticias-f1\/wp-json\/wp\/v2\/comments?post=3457"}],"version-history":[{"count":0,"href":"http:\/\/www.michael-schumacher.es\/noticias-f1\/wp-json\/wp\/v2\/posts\/3457\/revisions"}],"wp:attachment":[{"href":"http:\/\/www.michael-schumacher.es\/noticias-f1\/wp-json\/wp\/v2\/media?parent=3457"}],"wp:term":[{"taxonomy":"category","embeddable":true,"href":"http:\/\/www.michael-schumacher.es\/noticias-f1\/wp-json\/wp\/v2\/categories?post=3457"},{"taxonomy":"post_tag","embeddable":true,"href":"http:\/\/www.michael-schumacher.es\/noticias-f1\/wp-json\/wp\/v2\/tags?post=3457"}],"curies":[{"name":"wp","href":"https:\/\/api.w.org\/{rel}","templated":true}]}}