{"id":3465,"date":"2012-09-01T01:38:49","date_gmt":"2012-08-31T23:38:49","guid":{"rendered":"http:\/\/www.michael-schumacher.es\/noticias-f1\/?p=3465"},"modified":"2012-09-01T01:38:49","modified_gmt":"2012-08-31T23:38:49","slug":"entrenamientos-gp-de-belgica-spa-francorchamps-2012-sauber","status":"publish","type":"post","link":"http:\/\/www.michael-schumacher.es\/noticias-f1\/2012\/09\/01\/entrenamientos-gp-de-belgica-spa-francorchamps-2012-sauber\/","title":{"rendered":"Entrenamientos GP de B\u00e9lgica, Spa-Francorchamps 2012. Sauber"},"content":{"rendered":"<p><a href=\"http:\/\/www.michael-schumacher.es\/noticias-f1\/wp-content\/uploads\/2012\/09\/david_sarro.kobayashi-1-mini.jpg\"><img loading=\"lazy\" class=\"alignleft size-full wp-image-3479\" title=\"Kamui Kobayashi  1 - Miniatura\" src=\"http:\/\/www.michael-schumacher.es\/noticias-f1\/wp-content\/uploads\/2012\/09\/david_sarro.kobayashi-1-mini.jpg\" alt=\"\" width=\"200\" height=\"133\" \/><\/a>En los primeros entrenamientos libres del equipo Sauber ha reunido informaci\u00f3n sobre el rendimiento del Sauber en pista mojada. Kamui Kobayashi fue el m\u00e1s r\u00e1pido, Sergio P\u00e9rez sexto. Por la tarde el coche paso la mayor parte del tiempo en sus garajes. Kobayashi y P\u00e9rez en las dos primeras sesiones de entrenamientos libres para el Gran Premio de B\u00e9lgica han realizado 44 vueltas.<\/p>\n<p><!--more--><\/p>\n<p><!--noteaser--><\/p>\n<p><a href=\"http:\/\/www.michael-schumacher.es\/noticias-f1\/wp-content\/uploads\/2012\/09\/david_sarro.kobayashi-1.jpg\"><img loading=\"lazy\" class=\"aligncenter size-full wp-image-3478\" title=\"Kamui Kobayashi  1\" src=\"http:\/\/www.michael-schumacher.es\/noticias-f1\/wp-content\/uploads\/2012\/09\/david_sarro.kobayashi-1.jpg\" alt=\"\" width=\"600\" height=\"400\" srcset=\"http:\/\/www.michael-schumacher.es\/noticias-f1\/wp-content\/uploads\/2012\/09\/david_sarro.kobayashi-1.jpg 600w, http:\/\/www.michael-schumacher.es\/noticias-f1\/wp-content\/uploads\/2012\/09\/david_sarro.kobayashi-1-300x200.jpg 300w\" sizes=\"(max-width: 600px) 100vw, 600px\" \/><\/a><\/p>\n<p>En los primeros entrenamientos libres del equipo Sauber ha reunido informaci\u00f3n sobre el rendimiento del Sauber en pista mojada. Kamui Kobayashi fue el m\u00e1s r\u00e1pido, Sergio P\u00e9rez sexto. Por la tarde el coche paso la mayor parte del tiempo en sus garajes. Kobayashi y P\u00e9rez en las dos primeras sesiones de entrenamientos libres para el Gran Premio de B\u00e9lgica han realizado 44 vueltas.<\/p>\n<p>&nbsp;<\/p>\n<p><strong>Kamui Kobayashi:<\/strong> <em>\u00abYo lo siento mucho por los espectadores en las gradas realmente lo siento. En la primera sesi\u00f3n hicimos unas cuantas rondas, pero por la tarde nos quedamos hasta casi el final en el garaje. En estas condiciones, no se pod\u00eda aprender nada, y por supuesto, nadie quiere arriesgarse a da\u00f1ar el coche. En este sentido no hay mucho que decir, excepto tal vez: Bienvenidos a Spa y bienvenidos de nuevo a la realidad. En las \u00faltimas cinco semanas, no he visto una sola gota de lluvia. En Tokio ni en Haw\u00e1i\u201d<\/em><\/p>\n<p>&nbsp;<\/p>\n<p><strong>Sergio P\u00e9rez:<\/strong><em> \u00abLamentablemente, las condiciones meteorol\u00f3gicas de hoy han impedido un adecuado regreso de la segunda parte de la temporada. Eso es una verg\u00fcenza para los aficionados, que est\u00e1n celebrando aqu\u00ed en la lluvia. Creo que el p\u00fablico realmente ama Spa y la F\u00f3rmula 1, y se han llevado una\u00a0 decepci\u00f3n el d\u00eda de hoy. Espero que podamos solucionarlo el s\u00e1bado y el domingo y dar \u00a0mejor espect\u00e1culo otra vez\u201d.<\/em><\/p>\n<p>&nbsp;<\/p>\n<p><strong>Giampaolo Dall&#8217;Ara, ingeniero jefe de pista<\/strong>: <em>\u00abAl menos se puede alabar el servicio meteorol\u00f3gico por \u00a0la predicci\u00f3n exacta, del d\u00eda de hoy, \u00a0de la pr\u00e1ctica no hay mucho que decir. Hemos preferido, por la ma\u00f1ana para conducir un par de vueltas porque las condiciones para la tarde parec\u00edan que iban a peor. Eso era correcto. Pero no puedo decir que hemos aprendido algo de la ma\u00f1ana para la carrera, ya que en los pr\u00f3ximos d\u00edas ser\u00e1 seco aqu\u00ed. Realmente s\u00f3lo hemos hecho trabajo de base, los inicios de la pr\u00e1ctica y el control del sistema. \u00ab<\/em><\/p>\n<p>&nbsp;<\/p>\n<p><strong>Imagen:<\/strong> David Sarr\u00f3<\/p>\n<div class=\"sharedaddy sd-sharing-enabled\"><div class=\"robots-nocontent sd-block sd-social sd-social-official sd-sharing\"><h3 class=\"sd-title\">Opciones Sociales:<\/h3><div class=\"sd-content\"><ul><li class=\"share-facebook\"><div class=\"fb-share-button\" data-href=\"http:\/\/www.michael-schumacher.es\/noticias-f1\/2012\/09\/01\/entrenamientos-gp-de-belgica-spa-francorchamps-2012-sauber\/\" data-layout=\"button_count\"><\/div><\/li><li class=\"share-twitter\"><a href=\"https:\/\/twitter.com\/share\" class=\"twitter-share-button\" data-url=\"http:\/\/www.michael-schumacher.es\/noticias-f1\/2012\/09\/01\/entrenamientos-gp-de-belgica-spa-francorchamps-2012-sauber\/\" data-text=\"Entrenamientos GP de B\u00e9lgica, Spa-Francorchamps 2012. Sauber\"  >Tweet<\/a><\/li><li class=\"share-email\"><a rel=\"nofollow noopener noreferrer\" data-shared=\"\" class=\"share-email sd-button\" href=\"http:\/\/www.michael-schumacher.es\/noticias-f1\/2012\/09\/01\/entrenamientos-gp-de-belgica-spa-francorchamps-2012-sauber\/?share=email\" target=\"_blank\" title=\"Haz clic para enviar por correo electr\u00f3nico a un amigo\"><span>Correo electr\u00f3nico<\/span><\/a><\/li><li class=\"share-end\"><\/li><\/ul><\/div><\/div><\/div>","protected":false},"excerpt":{"rendered":"<p>En los primeros entrenamientos libres del equipo Sauber ha reunido informaci\u00f3n sobre el rendimiento del Sauber en pista mojada. Kamui Kobayashi fue el m\u00e1s r\u00e1pido, Sergio P\u00e9rez sexto. Por la tarde el coche paso la mayor parte del tiempo en sus garajes. Kobayashi y P\u00e9rez en las dos primeras sesiones de entrenamientos libres para el [&hellip;]<\/p>\n<div class=\"sharedaddy sd-sharing-enabled\"><div class=\"robots-nocontent sd-block sd-social sd-social-official sd-sharing\"><h3 class=\"sd-title\">Opciones Sociales:<\/h3><div class=\"sd-content\"><ul><li class=\"share-facebook\"><div class=\"fb-share-button\" data-href=\"http:\/\/www.michael-schumacher.es\/noticias-f1\/2012\/09\/01\/entrenamientos-gp-de-belgica-spa-francorchamps-2012-sauber\/\" data-layout=\"button_count\"><\/div><\/li><li class=\"share-twitter\"><a href=\"https:\/\/twitter.com\/share\" class=\"twitter-share-button\" data-url=\"http:\/\/www.michael-schumacher.es\/noticias-f1\/2012\/09\/01\/entrenamientos-gp-de-belgica-spa-francorchamps-2012-sauber\/\" data-text=\"Entrenamientos GP de B\u00e9lgica, Spa-Francorchamps 2012. Sauber\"  >Tweet<\/a><\/li><li class=\"share-email\"><a rel=\"nofollow noopener noreferrer\" data-shared=\"\" class=\"share-email sd-button\" href=\"http:\/\/www.michael-schumacher.es\/noticias-f1\/2012\/09\/01\/entrenamientos-gp-de-belgica-spa-francorchamps-2012-sauber\/?share=email\" target=\"_blank\" title=\"Haz clic para enviar por correo electr\u00f3nico a un amigo\"><span>Correo electr\u00f3nico<\/span><\/a><\/li><li class=\"share-end\"><\/li><\/ul><\/div><\/div><\/div>","protected":false},"author":3,"featured_media":0,"comment_status":"open","ping_status":"open","sticky":false,"template":"","format":"standard","meta":{"_monsterinsights_skip_tracking":false,"_monsterinsights_sitenote_active":false,"_monsterinsights_sitenote_note":"","_monsterinsights_sitenote_category":0,"spay_email":"","jetpack_publicize_message":"","jetpack_is_tweetstorm":false,"jetpack_publicize_feature_enabled":true},"categories":[67,3],"tags":[14,490,131,17,15,6,87,88,90,1245,86,89,485,831],"jetpack_featured_media_url":"","jetpack_publicize_connections":[],"jetpack_sharing_enabled":true,"jetpack_shortlink":"https:\/\/wp.me\/p27q3P-TT","_links":{"self":[{"href":"http:\/\/www.michael-schumacher.es\/noticias-f1\/wp-json\/wp\/v2\/posts\/3465"}],"collection":[{"href":"http:\/\/www.michael-schumacher.es\/noticias-f1\/wp-json\/wp\/v2\/posts"}],"about":[{"href":"http:\/\/www.michael-schumacher.es\/noticias-f1\/wp-json\/wp\/v2\/types\/post"}],"author":[{"embeddable":true,"href":"http:\/\/www.michael-schumacher.es\/noticias-f1\/wp-json\/wp\/v2\/users\/3"}],"replies":[{"embeddable":true,"href":"http:\/\/www.michael-schumacher.es\/noticias-f1\/wp-json\/wp\/v2\/comments?post=3465"}],"version-history":[{"count":0,"href":"http:\/\/www.michael-schumacher.es\/noticias-f1\/wp-json\/wp\/v2\/posts\/3465\/revisions"}],"wp:attachment":[{"href":"http:\/\/www.michael-schumacher.es\/noticias-f1\/wp-json\/wp\/v2\/media?parent=3465"}],"wp:term":[{"taxonomy":"category","embeddable":true,"href":"http:\/\/www.michael-schumacher.es\/noticias-f1\/wp-json\/wp\/v2\/categories?post=3465"},{"taxonomy":"post_tag","embeddable":true,"href":"http:\/\/www.michael-schumacher.es\/noticias-f1\/wp-json\/wp\/v2\/tags?post=3465"}],"curies":[{"name":"wp","href":"https:\/\/api.w.org\/{rel}","templated":true}]}}