{"id":3522,"date":"2012-09-01T18:42:10","date_gmt":"2012-09-01T16:42:10","guid":{"rendered":"http:\/\/www.michael-schumacher.es\/noticias-f1\/?p=3522"},"modified":"2012-09-01T18:51:42","modified_gmt":"2012-09-01T16:51:42","slug":"calificacion-gp-de-belgica-spa-francorchamps-2012-caterham","status":"publish","type":"post","link":"http:\/\/www.michael-schumacher.es\/noticias-f1\/2012\/09\/01\/calificacion-gp-de-belgica-spa-francorchamps-2012-caterham\/","title":{"rendered":"Calificaci\u00f3n GP de B\u00e9lgica, Spa-Francorchamps 2012. Caterham"},"content":{"rendered":"<p><a href=\"http:\/\/www.michael-schumacher.es\/noticias-f1\/wp-content\/uploads\/2012\/08\/heikki-1.jpg\"><img loading=\"lazy\" class=\"wp-image-2734 alignleft\" title=\"Heikki Kovalainen\" src=\"http:\/\/www.michael-schumacher.es\/noticias-f1\/wp-content\/uploads\/2012\/08\/heikki-1.jpg\" alt=\"\" width=\"200\" height=\"152\" \/><\/a>Han tenido problemas con el coche de Heikki Kovalainen y su DRS, que se consigui\u00f3 reparar por completo para la sesi\u00f3n de calificaci\u00f3n y Vitaly Petrov que sufri\u00f3 el tr\u00e1fico en su calificaci\u00f3n. A pesar de todo esperan tener mejor rendimiento para la carrera.<\/p>\n<p><!--more--> <!--noteaser--><\/p>\n<p style=\"text-align: center;\">\u00a0<a href=\"http:\/\/www.michael-schumacher.es\/noticias-f1\/wp-content\/uploads\/2012\/08\/heikki-1.jpg\"><img loading=\"lazy\" class=\"aligncenter\" title=\"Heikki Kovalainen\" src=\"http:\/\/www.michael-schumacher.es\/noticias-f1\/wp-content\/uploads\/2012\/08\/heikki-1.jpg\" alt=\"\" width=\"600\" height=\"450\" \/><\/a><\/p>\n<p>Han tenido problemas con el coche de Heikki Kovalainen y su DRS, que se consigui\u00f3 reparar por completo para la sesi\u00f3n de calificaci\u00f3n y Vitaly Petrov que sufri\u00f3 el tr\u00e1fico en su calificaci\u00f3n. A pesar de todo esperan tener mejor rendimiento para la carrera.<\/p>\n<p>&nbsp;<\/p>\n<p><strong>Heikki Kovalainen:<\/strong> \u00abHa sido un poco de un d\u00eda dif\u00edcil en FP3 el coche ten\u00eda mucho subviraje desde el principio, pero nos las arreglamos para marcar tiempo hacia el final de la sesi\u00f3n. Una vez finalizado el FP3 el coche iba bien, pero yo estaba teniendo problemas con el DRS y que, obviamente, me cuesto tiempo de vuelta. En la calificaci\u00f3n tuve tr\u00e1fico en la primera tanda \u00a0y no pudo hacer \u00a0vuelta tan r\u00e1pido como yo quer\u00eda. Los neum\u00e1ticos no ten\u00edan \u00a0bastante a la temperatura y que me dej\u00f3 con una vuelta solo para hacer un tiempo, pero con los neum\u00e1ticos no estaba como \u00a0quer\u00edamos no pude conseguir en un tiempo r\u00e1pido. Sobre la segunda dirigir mi tiempo era mucho mejor pero el \u00fanico problema fue con el DRS nuevamente. Los chicos han trabajado duro para arreglarlo, pero todav\u00eda estaba luchando para abrirlo y lo sent\u00eda en el coche. Cada vez que pulsa el bot\u00f3n se sent\u00eda como si no se activaba plenamente y en toda una pista como Spa que te va a costar tiempo. Al final de la \u00faltima vuelta me meta en nuestra posici\u00f3n habitual y donde estamos en este momento que se trata de un buen desempe\u00f1o, lo que pod\u00edamos esperar. \u00bb<\/p>\n<p>&nbsp;<\/p>\n<p><strong>\u00a0Vitaly Petrov:<\/strong> \u00abTuve una sesi\u00f3n de calificaci\u00f3n decente y estoy encantado de que poder \u00a0conseguir una vuelta limpia por \u00faltima vez cuando la sesi\u00f3n termin\u00f3, \u00a0en mi primera vuelta en calificaci\u00f3n, \u00a0hab\u00eda un mont\u00f3n de tr\u00e1fico y eso puede haberme costado un poco de tiempo, pero creo que tengo logre lo que se pod\u00eda del coche, as\u00ed que para m\u00ed eso est\u00e1 bien. La carrera de ma\u00f1ana parece que va a ser seco, pero incluso con la pista libre siempre hay sorpresas en Spa, as\u00ed que quiero hacer seguro de que tengo una carrera limpia bien y se puede tomar ventaja de todo lo que pasa por delante\u201d.<\/p>\n<p>&nbsp;<\/p>\n<p><strong>Mark Smith, director t\u00e9cnico:<\/strong> \u00abFP3 fue una sesi\u00f3n muy ocupado para nosotros y corri\u00f3 a trav\u00e9s del programas de ayer como pudimos Heikki, ten\u00eda un problema con el \u00a0DRS as\u00ed que tratamos de resolverlo antes de la calificaci\u00f3n, pero no fue 100% exitosa y entr\u00f3 en Q1 sin el beneficio total de la DRS. En la calificaci\u00f3n se opt\u00f3 por dos vueltas \u00a0con \u00a0los neum\u00e1ticos medios y termin\u00f3 la sesi\u00f3n en posiciones que son probablemente un reflejo honesto d\u00f3nde estamos en t\u00e9rminos de rendimiento de este fin de semana. A pesar de que podamos tener una carrera positiva y ma\u00f1ana vamos a redoblar nuestros esfuerzos para encontrar m\u00e1s ritmo, para en Monza, Singapur y el resto de la temporada\u201d.<\/p>\n<p>&nbsp;<\/p>\n<p><strong>Riad Asmat, Director General:<\/strong> \u00abEs justo decir que no estamos contentos con el lugar donde estamos este fin de semana en cuanto a ritmo francamente Todo el mundo en el equipo est\u00e1 trabajando muy duro para seguir haciendo progresos, pero est\u00e1 claro que tenemos mucho m\u00e1s trabajo que hacer para ponernos de nuevo en la posici\u00f3n que debemos \u00a0estar para desafiar a los equipos de delante, sin que nos miren por encima del hombro. S\u00e9 que los dos pilotos y todo el equipo le dar\u00e1 el m\u00e1ximo esfuerzo para asegurarse de que ma\u00f1ana tenemos una carrera positiva, pero que no seremos felices \u00a0hasta que hayamos recuperado la diferencia con los coches de delante. \u00bb<\/p>\n<p>&nbsp;<\/p>\n<p>&nbsp;<\/p>\n<div class=\"sharedaddy sd-sharing-enabled\"><div class=\"robots-nocontent sd-block sd-social sd-social-official sd-sharing\"><h3 class=\"sd-title\">Opciones Sociales:<\/h3><div class=\"sd-content\"><ul><li class=\"share-facebook\"><div class=\"fb-share-button\" data-href=\"http:\/\/www.michael-schumacher.es\/noticias-f1\/2012\/09\/01\/calificacion-gp-de-belgica-spa-francorchamps-2012-caterham\/\" data-layout=\"button_count\"><\/div><\/li><li class=\"share-twitter\"><a href=\"https:\/\/twitter.com\/share\" class=\"twitter-share-button\" data-url=\"http:\/\/www.michael-schumacher.es\/noticias-f1\/2012\/09\/01\/calificacion-gp-de-belgica-spa-francorchamps-2012-caterham\/\" data-text=\"Calificaci\u00f3n GP de B\u00e9lgica, Spa-Francorchamps 2012. Caterham\"  >Tweet<\/a><\/li><li class=\"share-email\"><a rel=\"nofollow noopener noreferrer\" data-shared=\"\" class=\"share-email sd-button\" href=\"http:\/\/www.michael-schumacher.es\/noticias-f1\/2012\/09\/01\/calificacion-gp-de-belgica-spa-francorchamps-2012-caterham\/?share=email\" target=\"_blank\" title=\"Haz clic para enviar por correo electr\u00f3nico a un amigo\"><span>Correo electr\u00f3nico<\/span><\/a><\/li><li class=\"share-end\"><\/li><\/ul><\/div><\/div><\/div>","protected":false},"excerpt":{"rendered":"<p>Han tenido problemas con el coche de Heikki Kovalainen y su DRS, que se consigui\u00f3 reparar por completo para la sesi\u00f3n de calificaci\u00f3n y Vitaly Petrov que sufri\u00f3 el tr\u00e1fico en su calificaci\u00f3n. A pesar de todo esperan tener mejor rendimiento para la carrera.<\/p>\n<div class=\"sharedaddy sd-sharing-enabled\"><div class=\"robots-nocontent sd-block sd-social sd-social-official sd-sharing\"><h3 class=\"sd-title\">Opciones Sociales:<\/h3><div class=\"sd-content\"><ul><li class=\"share-facebook\"><div class=\"fb-share-button\" data-href=\"http:\/\/www.michael-schumacher.es\/noticias-f1\/2012\/09\/01\/calificacion-gp-de-belgica-spa-francorchamps-2012-caterham\/\" data-layout=\"button_count\"><\/div><\/li><li class=\"share-twitter\"><a href=\"https:\/\/twitter.com\/share\" class=\"twitter-share-button\" data-url=\"http:\/\/www.michael-schumacher.es\/noticias-f1\/2012\/09\/01\/calificacion-gp-de-belgica-spa-francorchamps-2012-caterham\/\" data-text=\"Calificaci\u00f3n GP de B\u00e9lgica, Spa-Francorchamps 2012. Caterham\"  >Tweet<\/a><\/li><li class=\"share-email\"><a rel=\"nofollow noopener noreferrer\" data-shared=\"\" class=\"share-email sd-button\" href=\"http:\/\/www.michael-schumacher.es\/noticias-f1\/2012\/09\/01\/calificacion-gp-de-belgica-spa-francorchamps-2012-caterham\/?share=email\" target=\"_blank\" title=\"Haz clic para enviar por correo electr\u00f3nico a un amigo\"><span>Correo electr\u00f3nico<\/span><\/a><\/li><li class=\"share-end\"><\/li><\/ul><\/div><\/div><\/div>","protected":false},"author":3,"featured_media":0,"comment_status":"open","ping_status":"open","sticky":false,"template":"","format":"standard","meta":{"_monsterinsights_skip_tracking":false,"_monsterinsights_sitenote_active":false,"_monsterinsights_sitenote_note":"","_monsterinsights_sitenote_category":0,"spay_email":"","jetpack_publicize_message":"","jetpack_is_tweetstorm":false,"jetpack_publicize_feature_enabled":true},"categories":[68,3],"tags":[14,490,155,58,159,17,126,15,6,61,62,60,485,831,59],"jetpack_featured_media_url":"","jetpack_publicize_connections":[],"jetpack_sharing_enabled":true,"jetpack_shortlink":"https:\/\/wp.me\/p27q3P-UO","_links":{"self":[{"href":"http:\/\/www.michael-schumacher.es\/noticias-f1\/wp-json\/wp\/v2\/posts\/3522"}],"collection":[{"href":"http:\/\/www.michael-schumacher.es\/noticias-f1\/wp-json\/wp\/v2\/posts"}],"about":[{"href":"http:\/\/www.michael-schumacher.es\/noticias-f1\/wp-json\/wp\/v2\/types\/post"}],"author":[{"embeddable":true,"href":"http:\/\/www.michael-schumacher.es\/noticias-f1\/wp-json\/wp\/v2\/users\/3"}],"replies":[{"embeddable":true,"href":"http:\/\/www.michael-schumacher.es\/noticias-f1\/wp-json\/wp\/v2\/comments?post=3522"}],"version-history":[{"count":0,"href":"http:\/\/www.michael-schumacher.es\/noticias-f1\/wp-json\/wp\/v2\/posts\/3522\/revisions"}],"wp:attachment":[{"href":"http:\/\/www.michael-schumacher.es\/noticias-f1\/wp-json\/wp\/v2\/media?parent=3522"}],"wp:term":[{"taxonomy":"category","embeddable":true,"href":"http:\/\/www.michael-schumacher.es\/noticias-f1\/wp-json\/wp\/v2\/categories?post=3522"},{"taxonomy":"post_tag","embeddable":true,"href":"http:\/\/www.michael-schumacher.es\/noticias-f1\/wp-json\/wp\/v2\/tags?post=3522"}],"curies":[{"name":"wp","href":"https:\/\/api.w.org\/{rel}","templated":true}]}}