{"id":3613,"date":"2012-09-03T10:35:09","date_gmt":"2012-09-03T08:35:09","guid":{"rendered":"http:\/\/www.michael-schumacher.es\/noticias-f1\/?p=3613"},"modified":"2012-09-03T10:36:37","modified_gmt":"2012-09-03T08:36:37","slug":"balance-gp-de-belgica-spa-francorchamps-2012-caterham","status":"publish","type":"post","link":"http:\/\/www.michael-schumacher.es\/noticias-f1\/2012\/09\/03\/balance-gp-de-belgica-spa-francorchamps-2012-caterham\/","title":{"rendered":"Balance GP de B\u00e9lgica, Spa-Francorchamps 2012. Caterham"},"content":{"rendered":"<p><a href=\"http:\/\/www.michael-schumacher.es\/noticias-f1\/wp-content\/uploads\/2012\/08\/david_sarro.petrov-1-mini.jpg\"><img loading=\"lazy\" class=\"alignleft size-full wp-image-3376\" title=\"Vitaly Petrov 1  - Miniatura\" src=\"http:\/\/www.michael-schumacher.es\/noticias-f1\/wp-content\/uploads\/2012\/08\/david_sarro.petrov-1-mini.jpg\" alt=\"\" width=\"200\" height=\"133\" \/><\/a>Ambos pilotos se han enfrentado a problemas durante la carrera, aunque salieron sin problemas del accidente de principios de carrera. Los dos pilotos han sufrido de falta de ritmo y ahora se centran en la pr\u00f3xima carrera en el Gran Premio de Italia para la pr\u00f3xima semana y hacerlo todav\u00eda mejor.<\/p>\n<p><!--more--> <!--noteaser--><\/p>\n<p style=\"text-align: center;\">\u00a0<a href=\"http:\/\/www.michael-schumacher.es\/noticias-f1\/wp-content\/uploads\/2012\/08\/david_sarro.petrov-1.jpg\"><img loading=\"lazy\" class=\"size-full wp-image-3375 aligncenter\" title=\"Vitaly Petrov 1  \" src=\"http:\/\/www.michael-schumacher.es\/noticias-f1\/wp-content\/uploads\/2012\/08\/david_sarro.petrov-1.jpg\" alt=\"\" width=\"600\" height=\"400\" srcset=\"http:\/\/www.michael-schumacher.es\/noticias-f1\/wp-content\/uploads\/2012\/08\/david_sarro.petrov-1.jpg 600w, http:\/\/www.michael-schumacher.es\/noticias-f1\/wp-content\/uploads\/2012\/08\/david_sarro.petrov-1-300x200.jpg 300w\" sizes=\"(max-width: 600px) 100vw, 600px\" \/><\/a><\/p>\n<p>Ambos pilotos se han enfrentado a problemas durante la carrera, aunque salieron sin problemas del accidente de principios de carrera. Los dos pilotos han sufrido de falta de ritmo y ahora se centran en la pr\u00f3xima carrera en el Gran Premio de Italia para la pr\u00f3xima semana y hacerlo todav\u00eda mejor.<\/p>\n<p>&nbsp;<\/p>\n<p><strong>Heikki Kovalainen :<\/strong> <em>\u00abTuve una salida muy buena, evitando todos los escombros del accidente, sub\u00ed hasta el d\u00e9cimo antes del coche de seguridad . Hubo un par de coches m\u00e1s r\u00e1pidos detr\u00e1s de m\u00ed, cuando el coche de seguridad sali\u00f3 de nuevo y entonces hice un peque\u00f1o error en la \u00faltima chicane que me bajo de \u00a0nuevo un par de lugares, pero los hice r\u00e1pidamente con un buen ritmo justo detr\u00e1s de Vitaly. En mi primera parada tuvimos un problema y por desgracia, me toque con un \u00a0HRT, con lo que me di vuelta para poner un \u00a0nuevo aler\u00f3n delantero. Desde ese momento lo \u00fanico que pod\u00eda hacer era tratar de recuperan con \u00a0los coches de delante, pero yo tuvo un trompo a un par de vueltas del final. Me las arregl\u00e9 para pasar a los HRT pero con los problemas que tuvimos hoy que era m\u00e1s o menos el final de mi carrera. No ha sido un buen fin de semana, pero vamos a recuperarnos \u00a0y volver a luchar en Italia en la pr\u00f3xima carrera\u201d.<\/em><\/p>\n<p>&nbsp;<\/p>\n<p><strong>Vitaly Petrov:<\/strong> <em>\u00abHe tenido una carrera bastante buena y estaba empujando tan fuerte como era posible durante toda la tarde y creo que he terminado casi tan alto como podr\u00edamos haber esperado. \u00a0Al comienzo me las arregl\u00e9 para pasar el accidente sin ning\u00fan problema y llegue al 13 funcionando bien. Me par\u00f3 en boxes en la vuelta 12 y tuve un problema con la liberaci\u00f3n, pero me las arregl\u00e9 para mantenerme por delante de mis \u00a0perseguidores y tuve un buen ritmo hasta la segunda parada en un par de vueltas despu\u00e9s de la mitad de la carrera. Fuimos a los neum\u00e1ticos duros y la tasa de degradaci\u00f3n fue buena en ese juego, as\u00ed que era capaz de empujar hasta la bandera a cuadros. \u00ab<\/em><\/p>\n<p>&nbsp;<\/p>\n<p><strong>Mark Smith, director t\u00e9cnico:<\/strong> <em>\u00abAmbos coches empezaron con los neum\u00e1ticos de compuesto medio. \u00a0Hemos hecho bien en elegir el camino entre los coches da\u00f1ados tras el accidente de la primera curva Tuvimos problemas en las primeras paradas, \u00a0con \u00a0Vitaly y con Heikki pero ambos coches tuvieron buenas las segundas paradas ya que nos\u00a0 aseguramos de que no se repet\u00edan en la segunda ronda de paradas. La posici\u00f3n final de Vitaly de 14 era todo lo que pod\u00edamos haber esperado para hoy ya que no hemos tenido el ritmo en Spa para desafiar a los coches de delante, pero sabemos lo que tenemos que hacer para mejorar. Ahora tenemos la pr\u00f3xima carrera en Monza y hay que empezar a trabajar duro para ponernos en el camino hacia donde debemos estar a estas alturas de la temporada\u201d.<\/em><\/p>\n<p>&nbsp;<\/p>\n<p><strong>Riad Asmat, Caterham Grupo Consejero Delegado:<\/strong> <em>\u00abHa sido una carrera dura para el equipo y es justo decir que no nos hemos ayudado con una serie de errores evitables que nos \u00a0cuestan a nosotros el fin de semana Tanto Heikki y Vitaly ha dado tanto como pod\u00edan y tenemos que asegurarnos de darles la plataforma para premiar los esfuerzos que est\u00e1n haciendo. Es bueno que tengamos la pr\u00f3xima carrera inmediatamente despu\u00e9s de Spa, ya que nos da la oportunidad de organizarnos \u00a0y firmar la temporada europea con \u00a0un aspecto positivo y que es el claro fin de semana pr\u00f3ximo el objetivo es Monza. \u00ab<\/em><\/p>\n<div class=\"sharedaddy sd-sharing-enabled\"><div class=\"robots-nocontent sd-block sd-social sd-social-official sd-sharing\"><h3 class=\"sd-title\">Opciones Sociales:<\/h3><div class=\"sd-content\"><ul><li class=\"share-facebook\"><div class=\"fb-share-button\" data-href=\"http:\/\/www.michael-schumacher.es\/noticias-f1\/2012\/09\/03\/balance-gp-de-belgica-spa-francorchamps-2012-caterham\/\" data-layout=\"button_count\"><\/div><\/li><li class=\"share-twitter\"><a href=\"https:\/\/twitter.com\/share\" class=\"twitter-share-button\" data-url=\"http:\/\/www.michael-schumacher.es\/noticias-f1\/2012\/09\/03\/balance-gp-de-belgica-spa-francorchamps-2012-caterham\/\" data-text=\"Balance GP de B\u00e9lgica, Spa-Francorchamps 2012. Caterham\"  >Tweet<\/a><\/li><li class=\"share-email\"><a rel=\"nofollow noopener noreferrer\" data-shared=\"\" class=\"share-email sd-button\" href=\"http:\/\/www.michael-schumacher.es\/noticias-f1\/2012\/09\/03\/balance-gp-de-belgica-spa-francorchamps-2012-caterham\/?share=email\" target=\"_blank\" title=\"Haz clic para enviar por correo electr\u00f3nico a un amigo\"><span>Correo electr\u00f3nico<\/span><\/a><\/li><li class=\"share-end\"><\/li><\/ul><\/div><\/div><\/div>","protected":false},"excerpt":{"rendered":"<p>Ambos pilotos se han enfrentado a problemas durante la carrera, aunque salieron sin problemas del accidente de principios de carrera. Los dos pilotos han sufrido de falta de ritmo y ahora se centran en la pr\u00f3xima carrera en el Gran Premio de Italia para la pr\u00f3xima semana y hacerlo todav\u00eda mejor.<\/p>\n<div class=\"sharedaddy sd-sharing-enabled\"><div class=\"robots-nocontent sd-block sd-social sd-social-official sd-sharing\"><h3 class=\"sd-title\">Opciones Sociales:<\/h3><div class=\"sd-content\"><ul><li class=\"share-facebook\"><div class=\"fb-share-button\" data-href=\"http:\/\/www.michael-schumacher.es\/noticias-f1\/2012\/09\/03\/balance-gp-de-belgica-spa-francorchamps-2012-caterham\/\" data-layout=\"button_count\"><\/div><\/li><li class=\"share-twitter\"><a href=\"https:\/\/twitter.com\/share\" class=\"twitter-share-button\" data-url=\"http:\/\/www.michael-schumacher.es\/noticias-f1\/2012\/09\/03\/balance-gp-de-belgica-spa-francorchamps-2012-caterham\/\" data-text=\"Balance GP de B\u00e9lgica, Spa-Francorchamps 2012. Caterham\"  >Tweet<\/a><\/li><li class=\"share-email\"><a rel=\"nofollow noopener noreferrer\" data-shared=\"\" class=\"share-email sd-button\" href=\"http:\/\/www.michael-schumacher.es\/noticias-f1\/2012\/09\/03\/balance-gp-de-belgica-spa-francorchamps-2012-caterham\/?share=email\" target=\"_blank\" title=\"Haz clic para enviar por correo electr\u00f3nico a un amigo\"><span>Correo electr\u00f3nico<\/span><\/a><\/li><li class=\"share-end\"><\/li><\/ul><\/div><\/div><\/div>","protected":false},"author":3,"featured_media":0,"comment_status":"open","ping_status":"open","sticky":false,"template":"","format":"standard","meta":{"_monsterinsights_skip_tracking":false,"_monsterinsights_sitenote_active":false,"_monsterinsights_sitenote_note":"","_monsterinsights_sitenote_category":0,"spay_email":"","jetpack_publicize_message":"","jetpack_is_tweetstorm":false,"jetpack_publicize_feature_enabled":true},"categories":[4,3],"tags":[14,401,64,490,58,17,126,15,6,61,62,60,485,831,59],"jetpack_featured_media_url":"","jetpack_publicize_connections":[],"jetpack_sharing_enabled":true,"jetpack_shortlink":"https:\/\/wp.me\/p27q3P-Wh","_links":{"self":[{"href":"http:\/\/www.michael-schumacher.es\/noticias-f1\/wp-json\/wp\/v2\/posts\/3613"}],"collection":[{"href":"http:\/\/www.michael-schumacher.es\/noticias-f1\/wp-json\/wp\/v2\/posts"}],"about":[{"href":"http:\/\/www.michael-schumacher.es\/noticias-f1\/wp-json\/wp\/v2\/types\/post"}],"author":[{"embeddable":true,"href":"http:\/\/www.michael-schumacher.es\/noticias-f1\/wp-json\/wp\/v2\/users\/3"}],"replies":[{"embeddable":true,"href":"http:\/\/www.michael-schumacher.es\/noticias-f1\/wp-json\/wp\/v2\/comments?post=3613"}],"version-history":[{"count":0,"href":"http:\/\/www.michael-schumacher.es\/noticias-f1\/wp-json\/wp\/v2\/posts\/3613\/revisions"}],"wp:attachment":[{"href":"http:\/\/www.michael-schumacher.es\/noticias-f1\/wp-json\/wp\/v2\/media?parent=3613"}],"wp:term":[{"taxonomy":"category","embeddable":true,"href":"http:\/\/www.michael-schumacher.es\/noticias-f1\/wp-json\/wp\/v2\/categories?post=3613"},{"taxonomy":"post_tag","embeddable":true,"href":"http:\/\/www.michael-schumacher.es\/noticias-f1\/wp-json\/wp\/v2\/tags?post=3613"}],"curies":[{"name":"wp","href":"https:\/\/api.w.org\/{rel}","templated":true}]}}