{"id":3636,"date":"2012-09-04T00:22:08","date_gmt":"2012-09-03T22:22:08","guid":{"rendered":"http:\/\/www.michael-schumacher.es\/noticias-f1\/?p=3636"},"modified":"2012-09-04T00:22:08","modified_gmt":"2012-09-03T22:22:08","slug":"dambrosio-esta-listo-para-sustituir-a-grosjean","status":"publish","type":"post","link":"http:\/\/www.michael-schumacher.es\/noticias-f1\/2012\/09\/04\/dambrosio-esta-listo-para-sustituir-a-grosjean\/","title":{"rendered":"D&#8217;Ambrosio est\u00e1 listo para sustituir a Grosjean"},"content":{"rendered":"<p><a href=\"http:\/\/www.michael-schumacher.es\/noticias-f1\/wp-content\/uploads\/2012\/08\/Jerome-D-Ambrosio_.jpg\"><img loading=\"lazy\" class=\"alignleft\" title=\"Jerome-D-Ambrosio_\" src=\"http:\/\/www.michael-schumacher.es\/noticias-f1\/wp-content\/uploads\/2012\/08\/Jerome-D-Ambrosio_.jpg\" alt=\"\" width=\"202\" height=\"151\" \/><\/a>Lotus, todav\u00eda no ha decidido quien remplazara a Romain Grosjean, suspendido el pr\u00f3ximo domingo en el Gran Premio de Italia en Monza, el \u00a0piloto belga Jerome d&#8217;Ambrosio, se ha apresurado a declarar que est\u00e1 preparado para subirse al coche.<\/p>\n<p><!--more--> <!--noteaser--><\/p>\n<p style=\"text-align: center;\">\u00a0<a href=\"http:\/\/www.michael-schumacher.es\/noticias-f1\/wp-content\/uploads\/2012\/08\/Jerome-D-Ambrosio_.jpg\"><img loading=\"lazy\" class=\"aligncenter\" title=\"Jerome-D-Ambrosio_\" src=\"http:\/\/www.michael-schumacher.es\/noticias-f1\/wp-content\/uploads\/2012\/08\/Jerome-D-Ambrosio_.jpg\" alt=\"\" width=\"560\" height=\"420\" \/><\/a><\/p>\n<p>Lotus, todav\u00eda no ha decidido quien remplazara a Romain Grosjean, suspendido el pr\u00f3ximo domingo en el Gran Premio de Italia en Monza, el \u00a0piloto belga Jerome d&#8217;Ambrosio, se ha apresurado a declarar que est\u00e1 preparado para subirse al coche.<\/p>\n<p>&nbsp;<\/p>\n<p>D&#8217;Ambrosio es el tercer piloto del equipo Lotus y disputo 19 Grandes Premios \u00a0de la temporada 2011 con Marussia, si es elegido por su equipo para tomar los mandos del Lotus de Grosjean, podr\u00eda disputar su carrera 20, el pr\u00f3ximo domingo en Monza.<\/p>\n<p>&nbsp;<\/p>\n<p>Parece que el favorito y el movimiento m\u00e1s l\u00f3gico del equipo ser\u00e1 poner al volante del Lotus a su tercer piloto pero, el jefe del equipo Lotus, Eric Boullier, todav\u00eda no ha tomado la decisi\u00f3n, seg\u00fan dijo en Spa el domingo: <strong>\u00abVamos a anunciar el nombre del sustituto de Grosjean, \u00a0un poco m\u00e1s tarde en la semana. La posibilidad de que \u00a0d&#8217;Ambrosio haga el trabajo es \u00ab80 por ciento. Pero hay muchos conductores que buscan un volante. Primero, estamos pensando en nuestro tercer piloto\u00bb.<\/strong><\/p>\n<p>&nbsp;<\/p>\n<p>El tercer piloto de Lotus, D&#8217;Ambrosio, dijo estar preparado y esperando:<strong> \u00abEs desafortunado para los Romain, pero es la decisi\u00f3n de la FIA. No me corresponde a m\u00ed comentarlo. De todos modos, es parte de mi trabajo desde el comienzo del a\u00f1o para estar listo, no importa lo que pase. Estoy listo y muy motivado. En cualquier caso, voy a tratar de hacer todo lo posible para estar \u00abal d\u00eda\u00bb, y despu\u00e9s, ya veremos. Todav\u00eda es pronto, no s\u00e9 exactamente lo que va a suceder. En cualquier caso, si nos metemos en el coche, voy a estar s\u00faper motivado y voy a estar all\u00ed\u201d<\/strong><\/p>\n<p>&nbsp;<\/p>\n<p>Lotus tiene poco tiempo para tomar la decisi\u00f3n ya que la primera sesi\u00f3n de libres del Gran Premio de Italia ser\u00e1 el viernes a las 10, de la ma\u00f1ana, en poco m\u00e1s de tres d\u00edas el piloto elegido debe sentarse en la cabina del E20.<\/p>\n<p>&nbsp;<\/p>\n<p>&nbsp;<\/p>\n<div class=\"sharedaddy sd-sharing-enabled\"><div class=\"robots-nocontent sd-block sd-social sd-social-official sd-sharing\"><h3 class=\"sd-title\">Opciones Sociales:<\/h3><div class=\"sd-content\"><ul><li class=\"share-facebook\"><div class=\"fb-share-button\" data-href=\"http:\/\/www.michael-schumacher.es\/noticias-f1\/2012\/09\/04\/dambrosio-esta-listo-para-sustituir-a-grosjean\/\" data-layout=\"button_count\"><\/div><\/li><li class=\"share-twitter\"><a href=\"https:\/\/twitter.com\/share\" class=\"twitter-share-button\" data-url=\"http:\/\/www.michael-schumacher.es\/noticias-f1\/2012\/09\/04\/dambrosio-esta-listo-para-sustituir-a-grosjean\/\" data-text=\"D&#039;Ambrosio est\u00e1 listo para sustituir a Grosjean\"  >Tweet<\/a><\/li><li class=\"share-email\"><a rel=\"nofollow noopener noreferrer\" data-shared=\"\" class=\"share-email sd-button\" href=\"http:\/\/www.michael-schumacher.es\/noticias-f1\/2012\/09\/04\/dambrosio-esta-listo-para-sustituir-a-grosjean\/?share=email\" target=\"_blank\" title=\"Haz clic para enviar por correo electr\u00f3nico a un amigo\"><span>Correo electr\u00f3nico<\/span><\/a><\/li><li class=\"share-end\"><\/li><\/ul><\/div><\/div><\/div>","protected":false},"excerpt":{"rendered":"<p>Lotus, todav\u00eda no ha decidido quien remplazara a Romain Grosjean, suspendido el pr\u00f3ximo domingo en el Gran Premio de Italia en Monza, el \u00a0piloto belga Jerome d&#8217;Ambrosio, se ha apresurado a declarar que est\u00e1 preparado para subirse al coche.<\/p>\n<div class=\"sharedaddy sd-sharing-enabled\"><div class=\"robots-nocontent sd-block sd-social sd-social-official sd-sharing\"><h3 class=\"sd-title\">Opciones Sociales:<\/h3><div class=\"sd-content\"><ul><li class=\"share-facebook\"><div class=\"fb-share-button\" data-href=\"http:\/\/www.michael-schumacher.es\/noticias-f1\/2012\/09\/04\/dambrosio-esta-listo-para-sustituir-a-grosjean\/\" data-layout=\"button_count\"><\/div><\/li><li class=\"share-twitter\"><a href=\"https:\/\/twitter.com\/share\" class=\"twitter-share-button\" data-url=\"http:\/\/www.michael-schumacher.es\/noticias-f1\/2012\/09\/04\/dambrosio-esta-listo-para-sustituir-a-grosjean\/\" data-text=\"D&#039;Ambrosio est\u00e1 listo para sustituir a Grosjean\"  >Tweet<\/a><\/li><li class=\"share-email\"><a rel=\"nofollow noopener noreferrer\" data-shared=\"\" class=\"share-email sd-button\" href=\"http:\/\/www.michael-schumacher.es\/noticias-f1\/2012\/09\/04\/dambrosio-esta-listo-para-sustituir-a-grosjean\/?share=email\" target=\"_blank\" title=\"Haz clic para enviar por correo electr\u00f3nico a un amigo\"><span>Correo electr\u00f3nico<\/span><\/a><\/li><li class=\"share-end\"><\/li><\/ul><\/div><\/div><\/div>","protected":false},"author":3,"featured_media":0,"comment_status":"open","ping_status":"open","sticky":false,"template":"","format":"standard","meta":{"_monsterinsights_skip_tracking":false,"_monsterinsights_sitenote_active":false,"_monsterinsights_sitenote_note":"","_monsterinsights_sitenote_category":0,"spay_email":"","jetpack_publicize_message":"","jetpack_is_tweetstorm":false,"jetpack_publicize_feature_enabled":true},"categories":[3],"tags":[53,14,1252,17,15,6,83,1143,1144,26,139,566,1253,82,485,1254],"jetpack_featured_media_url":"","jetpack_publicize_connections":[],"jetpack_sharing_enabled":true,"jetpack_shortlink":"https:\/\/wp.me\/p27q3P-WE","_links":{"self":[{"href":"http:\/\/www.michael-schumacher.es\/noticias-f1\/wp-json\/wp\/v2\/posts\/3636"}],"collection":[{"href":"http:\/\/www.michael-schumacher.es\/noticias-f1\/wp-json\/wp\/v2\/posts"}],"about":[{"href":"http:\/\/www.michael-schumacher.es\/noticias-f1\/wp-json\/wp\/v2\/types\/post"}],"author":[{"embeddable":true,"href":"http:\/\/www.michael-schumacher.es\/noticias-f1\/wp-json\/wp\/v2\/users\/3"}],"replies":[{"embeddable":true,"href":"http:\/\/www.michael-schumacher.es\/noticias-f1\/wp-json\/wp\/v2\/comments?post=3636"}],"version-history":[{"count":0,"href":"http:\/\/www.michael-schumacher.es\/noticias-f1\/wp-json\/wp\/v2\/posts\/3636\/revisions"}],"wp:attachment":[{"href":"http:\/\/www.michael-schumacher.es\/noticias-f1\/wp-json\/wp\/v2\/media?parent=3636"}],"wp:term":[{"taxonomy":"category","embeddable":true,"href":"http:\/\/www.michael-schumacher.es\/noticias-f1\/wp-json\/wp\/v2\/categories?post=3636"},{"taxonomy":"post_tag","embeddable":true,"href":"http:\/\/www.michael-schumacher.es\/noticias-f1\/wp-json\/wp\/v2\/tags?post=3636"}],"curies":[{"name":"wp","href":"https:\/\/api.w.org\/{rel}","templated":true}]}}