{"id":3662,"date":"2012-09-04T14:48:41","date_gmt":"2012-09-04T12:48:41","guid":{"rendered":"http:\/\/www.michael-schumacher.es\/noticias-f1\/?p=3662"},"modified":"2012-09-04T14:48:41","modified_gmt":"2012-09-04T12:48:41","slug":"williams-confirma-el-error-de-maldonado-en-la-salida","status":"publish","type":"post","link":"http:\/\/www.michael-schumacher.es\/noticias-f1\/2012\/09\/04\/williams-confirma-el-error-de-maldonado-en-la-salida\/","title":{"rendered":"Williams confirma el error de Maldonado en la salida"},"content":{"rendered":"<p><a href=\"http:\/\/www.michael-schumacher.es\/noticias-f1\/wp-content\/uploads\/2012\/09\/david_sarro.maldonado-2-mini.jpg\"><img loading=\"lazy\" class=\"alignleft size-full wp-image-3552\" title=\"Pastor Maldonado 2 - Miniatura\" src=\"http:\/\/www.michael-schumacher.es\/noticias-f1\/wp-content\/uploads\/2012\/09\/david_sarro.maldonado-2-mini.jpg\" alt=\"\" width=\"200\" height=\"133\" \/><\/a>Mark Gillan, Ingeniero Jefe de Operaciones de Williams tambi\u00e9n ha confirmado que el falso principio de Pastor que se trataba efectivamente de un error de su conductor: <strong>\u00abPastor adelantado en la salida. Se salt\u00f3 la salida, cuando sus dedos se deslizaron en la paleta embrague por error. El fin de semana promet\u00eda mucho y no deja lugar, es decepcionante. Estoy orgulloso de los esfuerzos de todo el equipo despu\u00e9s de este fin de semana dif\u00edcil, e incluso si no tomamos punto, hemos aprendido mucho y debemos ser a\u00fan m\u00e1s fuerte en Monza \u00ab.<\/strong><\/p>\n<p><!--more--> <!--noteaser--><\/p>\n<p><a href=\"http:\/\/www.michael-schumacher.es\/noticias-f1\/wp-content\/uploads\/2012\/09\/david_sarro.maldonado-2.jpg\"><img loading=\"lazy\" class=\"aligncenter size-full wp-image-3551\" title=\"Pastor Maldonado 2 \" src=\"http:\/\/www.michael-schumacher.es\/noticias-f1\/wp-content\/uploads\/2012\/09\/david_sarro.maldonado-2.jpg\" alt=\"\" width=\"600\" height=\"400\" srcset=\"http:\/\/www.michael-schumacher.es\/noticias-f1\/wp-content\/uploads\/2012\/09\/david_sarro.maldonado-2.jpg 600w, http:\/\/www.michael-schumacher.es\/noticias-f1\/wp-content\/uploads\/2012\/09\/david_sarro.maldonado-2-300x200.jpg 300w\" sizes=\"(max-width: 600px) 100vw, 600px\" \/><\/a><\/p>\n<p>Mark Gillan, Ingeniero Jefe de Operaciones de Williams tambi\u00e9n ha confirmado que el falso principio de Pastor que se trataba efectivamente de un error de su conductor: <strong>\u00abPastor adelantado en la salida. Se salt\u00f3 la salida, cuando sus dedos se deslizaron en la paleta embrague por error. El fin de semana promet\u00eda mucho y no deja lugar, es decepcionante. Estoy orgulloso de los esfuerzos de todo el equipo despu\u00e9s de este fin de semana dif\u00edcil, e incluso si no tomamos punto, hemos aprendido mucho y debemos ser a\u00fan m\u00e1s fuerte en Monza \u00ab.<\/strong><\/p>\n<p>&nbsp;<\/p>\n<p>Pastor Maldonado tendr\u00e1 que hacer frente a una sanci\u00f3n de 10 puestos en la parrilla de salida. Maldonado fue sancionado por dos infracciones: cinco puestos debido a la salida en falso, se adelant\u00f3 visiblemente y otros cinco por su colisi\u00f3n con el monoplaza del piloto alem\u00e1n Timo Glock (Marussia)<\/p>\n<div class=\"sharedaddy sd-sharing-enabled\"><div class=\"robots-nocontent sd-block sd-social sd-social-official sd-sharing\"><h3 class=\"sd-title\">Opciones Sociales:<\/h3><div class=\"sd-content\"><ul><li class=\"share-facebook\"><div class=\"fb-share-button\" data-href=\"http:\/\/www.michael-schumacher.es\/noticias-f1\/2012\/09\/04\/williams-confirma-el-error-de-maldonado-en-la-salida\/\" data-layout=\"button_count\"><\/div><\/li><li class=\"share-twitter\"><a href=\"https:\/\/twitter.com\/share\" class=\"twitter-share-button\" data-url=\"http:\/\/www.michael-schumacher.es\/noticias-f1\/2012\/09\/04\/williams-confirma-el-error-de-maldonado-en-la-salida\/\" data-text=\"Williams confirma el error de Maldonado en la salida\"  >Tweet<\/a><\/li><li class=\"share-email\"><a rel=\"nofollow noopener noreferrer\" data-shared=\"\" class=\"share-email sd-button\" href=\"http:\/\/www.michael-schumacher.es\/noticias-f1\/2012\/09\/04\/williams-confirma-el-error-de-maldonado-en-la-salida\/?share=email\" target=\"_blank\" title=\"Haz clic para enviar por correo electr\u00f3nico a un amigo\"><span>Correo electr\u00f3nico<\/span><\/a><\/li><li class=\"share-end\"><\/li><\/ul><\/div><\/div><\/div>","protected":false},"excerpt":{"rendered":"<p>Mark Gillan, Ingeniero Jefe de Operaciones de Williams tambi\u00e9n ha confirmado que el falso principio de Pastor que se trataba efectivamente de un error de su conductor: \u00abPastor adelantado en la salida. Se salt\u00f3 la salida, cuando sus dedos se deslizaron en la paleta embrague por error. El fin de semana promet\u00eda mucho y no [&hellip;]<\/p>\n<div class=\"sharedaddy sd-sharing-enabled\"><div class=\"robots-nocontent sd-block sd-social sd-social-official sd-sharing\"><h3 class=\"sd-title\">Opciones Sociales:<\/h3><div class=\"sd-content\"><ul><li class=\"share-facebook\"><div class=\"fb-share-button\" data-href=\"http:\/\/www.michael-schumacher.es\/noticias-f1\/2012\/09\/04\/williams-confirma-el-error-de-maldonado-en-la-salida\/\" data-layout=\"button_count\"><\/div><\/li><li class=\"share-twitter\"><a href=\"https:\/\/twitter.com\/share\" class=\"twitter-share-button\" data-url=\"http:\/\/www.michael-schumacher.es\/noticias-f1\/2012\/09\/04\/williams-confirma-el-error-de-maldonado-en-la-salida\/\" data-text=\"Williams confirma el error de Maldonado en la salida\"  >Tweet<\/a><\/li><li class=\"share-email\"><a rel=\"nofollow noopener noreferrer\" data-shared=\"\" class=\"share-email sd-button\" href=\"http:\/\/www.michael-schumacher.es\/noticias-f1\/2012\/09\/04\/williams-confirma-el-error-de-maldonado-en-la-salida\/?share=email\" target=\"_blank\" title=\"Haz clic para enviar por correo electr\u00f3nico a un amigo\"><span>Correo electr\u00f3nico<\/span><\/a><\/li><li class=\"share-end\"><\/li><\/ul><\/div><\/div><\/div>","protected":false},"author":3,"featured_media":0,"comment_status":"open","ping_status":"open","sticky":false,"template":"","format":"standard","meta":{"_monsterinsights_skip_tracking":false,"_monsterinsights_sitenote_active":false,"_monsterinsights_sitenote_note":"","_monsterinsights_sitenote_category":0,"spay_email":"","jetpack_publicize_message":"","jetpack_is_tweetstorm":false,"jetpack_publicize_feature_enabled":true},"categories":[3],"tags":[1262,490,1261,770,17,1157,15,6,97,136,96,485,93],"jetpack_featured_media_url":"","jetpack_publicize_connections":[],"jetpack_sharing_enabled":true,"jetpack_shortlink":"https:\/\/wp.me\/p27q3P-X4","_links":{"self":[{"href":"http:\/\/www.michael-schumacher.es\/noticias-f1\/wp-json\/wp\/v2\/posts\/3662"}],"collection":[{"href":"http:\/\/www.michael-schumacher.es\/noticias-f1\/wp-json\/wp\/v2\/posts"}],"about":[{"href":"http:\/\/www.michael-schumacher.es\/noticias-f1\/wp-json\/wp\/v2\/types\/post"}],"author":[{"embeddable":true,"href":"http:\/\/www.michael-schumacher.es\/noticias-f1\/wp-json\/wp\/v2\/users\/3"}],"replies":[{"embeddable":true,"href":"http:\/\/www.michael-schumacher.es\/noticias-f1\/wp-json\/wp\/v2\/comments?post=3662"}],"version-history":[{"count":0,"href":"http:\/\/www.michael-schumacher.es\/noticias-f1\/wp-json\/wp\/v2\/posts\/3662\/revisions"}],"wp:attachment":[{"href":"http:\/\/www.michael-schumacher.es\/noticias-f1\/wp-json\/wp\/v2\/media?parent=3662"}],"wp:term":[{"taxonomy":"category","embeddable":true,"href":"http:\/\/www.michael-schumacher.es\/noticias-f1\/wp-json\/wp\/v2\/categories?post=3662"},{"taxonomy":"post_tag","embeddable":true,"href":"http:\/\/www.michael-schumacher.es\/noticias-f1\/wp-json\/wp\/v2\/tags?post=3662"}],"curies":[{"name":"wp","href":"https:\/\/api.w.org\/{rel}","templated":true}]}}