{"id":3694,"date":"2012-09-05T01:50:08","date_gmt":"2012-09-04T23:50:08","guid":{"rendered":"http:\/\/www.michael-schumacher.es\/noticias-f1\/?p=3694"},"modified":"2012-09-05T01:50:08","modified_gmt":"2012-09-04T23:50:08","slug":"hamilton-no-tiene-problemas-en-mclaren","status":"publish","type":"post","link":"http:\/\/www.michael-schumacher.es\/noticias-f1\/2012\/09\/05\/hamilton-no-tiene-problemas-en-mclaren\/","title":{"rendered":"Hamilton no tiene problemas en Mclaren"},"content":{"rendered":"<p><a href=\"http:\/\/www.michael-schumacher.es\/noticias-f1\/wp-content\/uploads\/2012\/08\/david_sarro.hamilton-1-mini.jpg\"><img loading=\"lazy\" class=\"alignleft size-full wp-image-2449\" title=\"Lewis Hamilton 1 - miniatura\" src=\"http:\/\/www.michael-schumacher.es\/noticias-f1\/wp-content\/uploads\/2012\/08\/david_sarro.hamilton-1-mini.jpg\" alt=\"\" width=\"200\" height=\"133\" \/><\/a>Aunque el director del equipo McLaren hablo con Hamilton antes del Gran Premio de B\u00e9lgica porque el piloto, public\u00f3 una foto en Twitter de datos de telemetr\u00eda sensibles de calificaci\u00f3n. Hamilton retiro el tweet, aunque ya hab\u00eda sido difundido por la red social y recogido por los equipos rivales.<\/p>\n<p><!--more--> <!--noteaser--><\/p>\n<p><a href=\"http:\/\/www.michael-schumacher.es\/noticias-f1\/wp-content\/uploads\/2012\/08\/david_sarro.hamilton-1.jpg\"><img loading=\"lazy\" class=\"aligncenter size-full wp-image-2448\" title=\"Lewis Hamilton 1\" src=\"http:\/\/www.michael-schumacher.es\/noticias-f1\/wp-content\/uploads\/2012\/08\/david_sarro.hamilton-1.jpg\" alt=\"\" width=\"600\" height=\"400\" srcset=\"http:\/\/www.michael-schumacher.es\/noticias-f1\/wp-content\/uploads\/2012\/08\/david_sarro.hamilton-1.jpg 600w, http:\/\/www.michael-schumacher.es\/noticias-f1\/wp-content\/uploads\/2012\/08\/david_sarro.hamilton-1-300x200.jpg 300w\" sizes=\"(max-width: 600px) 100vw, 600px\" \/><\/a><\/p>\n<p>Aunque el director del equipo McLaren hablo con Hamilton antes del Gran Premio de B\u00e9lgica porque el piloto, public\u00f3 una foto en Twitter de datos de telemetr\u00eda sensibles de calificaci\u00f3n. Hamilton retiro el tweet, aunque ya hab\u00eda sido difundido por la red social y recogido por los equipos rivales.<\/p>\n<p>&nbsp;<\/p>\n<p>Hamilton se encuentra en negociaciones de su \u00a0contrato con McLaren, por lo que \u00a0el momento de su tweet no pudo ser m\u00e1s delicado. Pese a todo Whitmarsh confirm\u00f3 despu\u00e9s de la carrera que no se iba a tomar ninguna medida disciplinaria interna contra Hamilton.<\/p>\n<p>&nbsp;<\/p>\n<p>Por las declaraciones de Whitmarsh, \u00a0se sobreentiende que lo que ocurri\u00f3 no tendr\u00e1 ning\u00fan efecto sobre su relaci\u00f3n y \u00a0futuro con el equipo: <strong>\u00abFue vergonzoso para Lewis, creo, y estoy seguro de que va a aprender de eso. Pero no se ha abierto una brecha, entre Hamilton y el equipo, conozco a Lewis desde que ten\u00eda 11 a\u00f1os de edad. Es alguien que ha crecido en el equipo, que ha crecido en el resplandor de la cr\u00edtica p\u00fablica. Algunas de las cosas ha aprendido, algunas cosas, \u00e9l est\u00e1 todav\u00eda por aprender. \u00c9l es una persona profunda y conmovedora, pero est\u00e1 pasando por un momento dif\u00edcil (debido a la muerte de una t\u00eda la semana pasada).\u201d<\/strong><\/p>\n<p>&nbsp;<\/p>\n<p>Jenson Button si, se mostro en primer momento molesto con su compa\u00f1ero y reprocho su actitud: <strong>\u00abMe sorprendi\u00f3 y decepcion\u00f3 mucho. Era toda la telemetr\u00eda de la clasificaci\u00f3n. No se trata s\u00f3lo de un aler\u00f3n trasero. Trabajamos muy duro para mejorar el coche y mantener estas cosas en secreto y en privado. No me gusto ver algo as\u00ed en Twitter\u00bb.<\/strong><\/p>\n<p>&nbsp;<\/p>\n<p>Aunque despu\u00e9s del primer momento, la situaci\u00f3n se ha normalizado y Jenson Button, campe\u00f3n del 2009 y compa\u00f1ero de Lewis Hamilton dio por terminado el problema: \u00a0<strong>\u00abNo estoy molesto con Lewis. No es nada personal\u00bb<\/strong><\/p>\n<p>&nbsp;<\/p>\n<p>Whitmarsh simplemente espera que Hamilton vuelva a la \u00a0lucha por el t\u00edtulo en el Gran Premio de Italia este fin de semana<strong>: \u201cMi predicci\u00f3n es que va a recuperarse y vamos a ver a otra persona con Lewis Hamilton en el tiempo de unos d\u00edas en Italia.\u00bb<\/strong><\/p>\n<p>&nbsp;<\/p>\n<p><strong>Imagen:<\/strong> David Sarr\u00f3<\/p>\n<div class=\"sharedaddy sd-sharing-enabled\"><div class=\"robots-nocontent sd-block sd-social sd-social-official sd-sharing\"><h3 class=\"sd-title\">Opciones Sociales:<\/h3><div class=\"sd-content\"><ul><li class=\"share-facebook\"><div class=\"fb-share-button\" data-href=\"http:\/\/www.michael-schumacher.es\/noticias-f1\/2012\/09\/05\/hamilton-no-tiene-problemas-en-mclaren\/\" data-layout=\"button_count\"><\/div><\/li><li class=\"share-twitter\"><a href=\"https:\/\/twitter.com\/share\" class=\"twitter-share-button\" data-url=\"http:\/\/www.michael-schumacher.es\/noticias-f1\/2012\/09\/05\/hamilton-no-tiene-problemas-en-mclaren\/\" data-text=\"Hamilton no tiene problemas en Mclaren\"  >Tweet<\/a><\/li><li class=\"share-email\"><a rel=\"nofollow noopener noreferrer\" data-shared=\"\" class=\"share-email sd-button\" href=\"http:\/\/www.michael-schumacher.es\/noticias-f1\/2012\/09\/05\/hamilton-no-tiene-problemas-en-mclaren\/?share=email\" target=\"_blank\" title=\"Haz clic para enviar por correo electr\u00f3nico a un amigo\"><span>Correo electr\u00f3nico<\/span><\/a><\/li><li class=\"share-end\"><\/li><\/ul><\/div><\/div><\/div>","protected":false},"excerpt":{"rendered":"<p>Aunque el director del equipo McLaren hablo con Hamilton antes del Gran Premio de B\u00e9lgica porque el piloto, public\u00f3 una foto en Twitter de datos de telemetr\u00eda sensibles de calificaci\u00f3n. Hamilton retiro el tweet, aunque ya hab\u00eda sido difundido por la red social y recogido por los equipos rivales.<\/p>\n<div class=\"sharedaddy sd-sharing-enabled\"><div class=\"robots-nocontent sd-block sd-social sd-social-official sd-sharing\"><h3 class=\"sd-title\">Opciones Sociales:<\/h3><div class=\"sd-content\"><ul><li class=\"share-facebook\"><div class=\"fb-share-button\" data-href=\"http:\/\/www.michael-schumacher.es\/noticias-f1\/2012\/09\/05\/hamilton-no-tiene-problemas-en-mclaren\/\" data-layout=\"button_count\"><\/div><\/li><li class=\"share-twitter\"><a href=\"https:\/\/twitter.com\/share\" class=\"twitter-share-button\" data-url=\"http:\/\/www.michael-schumacher.es\/noticias-f1\/2012\/09\/05\/hamilton-no-tiene-problemas-en-mclaren\/\" data-text=\"Hamilton no tiene problemas en Mclaren\"  >Tweet<\/a><\/li><li class=\"share-email\"><a rel=\"nofollow noopener noreferrer\" data-shared=\"\" class=\"share-email sd-button\" href=\"http:\/\/www.michael-schumacher.es\/noticias-f1\/2012\/09\/05\/hamilton-no-tiene-problemas-en-mclaren\/?share=email\" target=\"_blank\" title=\"Haz clic para enviar por correo electr\u00f3nico a un amigo\"><span>Correo electr\u00f3nico<\/span><\/a><\/li><li class=\"share-end\"><\/li><\/ul><\/div><\/div><\/div>","protected":false},"author":3,"featured_media":0,"comment_status":"open","ping_status":"open","sticky":false,"template":"","format":"standard","meta":{"_monsterinsights_skip_tracking":false,"_monsterinsights_sitenote_active":false,"_monsterinsights_sitenote_note":"","_monsterinsights_sitenote_category":0,"spay_email":"","jetpack_publicize_message":"","jetpack_is_tweetstorm":false,"jetpack_publicize_feature_enabled":true},"categories":[3],"tags":[13,381,17,15,11,638,12,10,138,1278,181,485,1279,1280],"jetpack_featured_media_url":"","jetpack_publicize_connections":[],"jetpack_sharing_enabled":true,"jetpack_shortlink":"https:\/\/wp.me\/p27q3P-XA","_links":{"self":[{"href":"http:\/\/www.michael-schumacher.es\/noticias-f1\/wp-json\/wp\/v2\/posts\/3694"}],"collection":[{"href":"http:\/\/www.michael-schumacher.es\/noticias-f1\/wp-json\/wp\/v2\/posts"}],"about":[{"href":"http:\/\/www.michael-schumacher.es\/noticias-f1\/wp-json\/wp\/v2\/types\/post"}],"author":[{"embeddable":true,"href":"http:\/\/www.michael-schumacher.es\/noticias-f1\/wp-json\/wp\/v2\/users\/3"}],"replies":[{"embeddable":true,"href":"http:\/\/www.michael-schumacher.es\/noticias-f1\/wp-json\/wp\/v2\/comments?post=3694"}],"version-history":[{"count":0,"href":"http:\/\/www.michael-schumacher.es\/noticias-f1\/wp-json\/wp\/v2\/posts\/3694\/revisions"}],"wp:attachment":[{"href":"http:\/\/www.michael-schumacher.es\/noticias-f1\/wp-json\/wp\/v2\/media?parent=3694"}],"wp:term":[{"taxonomy":"category","embeddable":true,"href":"http:\/\/www.michael-schumacher.es\/noticias-f1\/wp-json\/wp\/v2\/categories?post=3694"},{"taxonomy":"post_tag","embeddable":true,"href":"http:\/\/www.michael-schumacher.es\/noticias-f1\/wp-json\/wp\/v2\/tags?post=3694"}],"curies":[{"name":"wp","href":"https:\/\/api.w.org\/{rel}","templated":true}]}}