{"id":3702,"date":"2012-09-05T13:43:10","date_gmt":"2012-09-05T11:43:10","guid":{"rendered":"http:\/\/www.michael-schumacher.es\/noticias-f1\/?p=3702"},"modified":"2012-09-05T13:43:10","modified_gmt":"2012-09-05T11:43:10","slug":"ma-qing-hua-debutara-en-los-entrenamientos-libres-en-monza","status":"publish","type":"post","link":"http:\/\/www.michael-schumacher.es\/noticias-f1\/2012\/09\/05\/ma-qing-hua-debutara-en-los-entrenamientos-libres-en-monza\/","title":{"rendered":"Ma Qing Hua debutara en los entrenamientos libres en Monza"},"content":{"rendered":"<p><a href=\"http:\/\/www.michael-schumacher.es\/noticias-f1\/wp-content\/uploads\/2012\/09\/Ma-Qing-Hua.jpg\"><img loading=\"lazy\" class=\"alignleft\" title=\"Ma Qing Hua\" src=\"http:\/\/www.michael-schumacher.es\/noticias-f1\/wp-content\/uploads\/2012\/09\/Ma-Qing-Hua.jpg\" alt=\"\" width=\"200\" height=\"105\" \/><\/a>El \u00a0piloto chino, Ma Qing Hua, estar\u00e1 en la cabina del piloto de HRT de Narain Karthikeyan. En la que va a ser su primera vez en un fin de semana de Gran Premio,el piloto de 24 a\u00f1os, desde que se unio al equipo Espa\u00f1ol,\u00a0 ha estado prepar\u00e1ndose para cuando llegara este reto.<\/p>\n<p><!--more--><a href=\"http:\/\/www.michael-schumacher.es\/noticias-f1\/wp-content\/uploads\/2012\/09\/Ma-Qing-Hua.jpg\"><img loading=\"lazy\" class=\"aligncenter  wp-image-3704\" title=\"Ma Qing Hua\" src=\"http:\/\/www.michael-schumacher.es\/noticias-f1\/wp-content\/uploads\/2012\/09\/Ma-Qing-Hua.jpg\" alt=\"\" width=\"496\" height=\"259\" srcset=\"http:\/\/www.michael-schumacher.es\/noticias-f1\/wp-content\/uploads\/2012\/09\/Ma-Qing-Hua.jpg 496w, http:\/\/www.michael-schumacher.es\/noticias-f1\/wp-content\/uploads\/2012\/09\/Ma-Qing-Hua-300x156.jpg 300w\" sizes=\"(max-width: 496px) 100vw, 496px\" \/><\/a> <!--noteaser--><\/p>\n<p>&nbsp;<\/p>\n<p>El \u00a0piloto chino, Ma Qing Hua, estar\u00e1 en la cabina del piloto de HRT de Narain Karthikeyan. En la que va a ser su primera vez en un fin de semana de Gran Premio,el piloto de 24 a\u00f1os, desde que se unio al equipo Espa\u00f1ol,\u00a0 ha estado prepar\u00e1ndose para cuando llegara este reto.<\/p>\n<p>&nbsp;<\/p>\n<p>Tambien participo en las pruebas para j\u00f3venes pilotos a principios de julio en Silverstone. Ha conseguido la superlicencia de F\u00f3rmula 1 por la Federaci\u00f3n Internacional de Automovilismo (FIA), Ma Qing Hua va a pasar a la historia como el primer chino en pilotar y F1: \u00abEste es un paso muy importante hacia mi sue\u00f1o de convertirse en un piloto de F1<strong>. \u00abEsta ser\u00e1 mi segunda vez en el coche despu\u00e9s de las pruebas para j\u00f3venes pilotos en Silverstone. Y estoy muy emocionado por correr en un circuito como Monza. El objetivo de esta sesi\u00f3n ser\u00e1 continuar en mi programa, para acumular m\u00e1s kil\u00f3metros, experiencia y ayudar al equipo hacia arriba. Estoy emocionado, pero tambi\u00e9n clamado al respecto porque ten\u00eda un duro entrenamiento en los \u00faltimos meses para estar listo cuando se presentara la oportunidad. Tambi\u00e9n he trabajado en el simulador para aprender el circuito un poco mejor. En los \u00faltimos meses, he aprendido mucho de mis compa\u00f1eros de equipo y los ingenieros que han compartido su conocimiento y experiencia. Ser\u00e1 muy \u00fatil\u201d.<\/strong><\/p>\n<p>&nbsp;<\/p>\n<p>El jefe de equipo del equipo HRT, Luis P\u00e9rez-Sala, est\u00e1 muy satisfecho de dar esta oportunidad, a Ma Qing Hua, de pilotar un F1 por primera vez en el fin de semana de un Gran Premio: <strong>\u00abPersonalmente, me llena de satisfacci\u00f3n. Desde que empezamos a trabajar con \u00e9l a principios de marzo estaba todo muy r\u00e1pido, pero respondi\u00f3 bien y ha superado todas las etapas .Cumpli\u00f3 con nuestras expectativas, sin cometer errores y demostr\u00f3 ser r\u00e1pido y seguro\u201d.<\/strong><\/p>\n<div class=\"sharedaddy sd-sharing-enabled\"><div class=\"robots-nocontent sd-block sd-social sd-social-official sd-sharing\"><h3 class=\"sd-title\">Opciones Sociales:<\/h3><div class=\"sd-content\"><ul><li class=\"share-facebook\"><div class=\"fb-share-button\" data-href=\"http:\/\/www.michael-schumacher.es\/noticias-f1\/2012\/09\/05\/ma-qing-hua-debutara-en-los-entrenamientos-libres-en-monza\/\" data-layout=\"button_count\"><\/div><\/li><li class=\"share-twitter\"><a href=\"https:\/\/twitter.com\/share\" class=\"twitter-share-button\" data-url=\"http:\/\/www.michael-schumacher.es\/noticias-f1\/2012\/09\/05\/ma-qing-hua-debutara-en-los-entrenamientos-libres-en-monza\/\" data-text=\"Ma Qing Hua debutara en los entrenamientos libres en Monza\"  >Tweet<\/a><\/li><li class=\"share-email\"><a rel=\"nofollow noopener noreferrer\" data-shared=\"\" class=\"share-email sd-button\" href=\"http:\/\/www.michael-schumacher.es\/noticias-f1\/2012\/09\/05\/ma-qing-hua-debutara-en-los-entrenamientos-libres-en-monza\/?share=email\" target=\"_blank\" title=\"Haz clic para enviar por correo electr\u00f3nico a un amigo\"><span>Correo electr\u00f3nico<\/span><\/a><\/li><li class=\"share-end\"><\/li><\/ul><\/div><\/div><\/div>","protected":false},"excerpt":{"rendered":"<p>El \u00a0piloto chino, Ma Qing Hua, estar\u00e1 en la cabina del piloto de HRT de Narain Karthikeyan. En la que va a ser su primera vez en un fin de semana de Gran Premio,el piloto de 24 a\u00f1os, desde que se unio al equipo Espa\u00f1ol,\u00a0 ha estado prepar\u00e1ndose para cuando llegara este reto.<\/p>\n<div class=\"sharedaddy sd-sharing-enabled\"><div class=\"robots-nocontent sd-block sd-social sd-social-official sd-sharing\"><h3 class=\"sd-title\">Opciones Sociales:<\/h3><div class=\"sd-content\"><ul><li class=\"share-facebook\"><div class=\"fb-share-button\" data-href=\"http:\/\/www.michael-schumacher.es\/noticias-f1\/2012\/09\/05\/ma-qing-hua-debutara-en-los-entrenamientos-libres-en-monza\/\" data-layout=\"button_count\"><\/div><\/li><li class=\"share-twitter\"><a href=\"https:\/\/twitter.com\/share\" class=\"twitter-share-button\" data-url=\"http:\/\/www.michael-schumacher.es\/noticias-f1\/2012\/09\/05\/ma-qing-hua-debutara-en-los-entrenamientos-libres-en-monza\/\" data-text=\"Ma Qing Hua debutara en los entrenamientos libres en Monza\"  >Tweet<\/a><\/li><li class=\"share-email\"><a rel=\"nofollow noopener noreferrer\" data-shared=\"\" class=\"share-email sd-button\" href=\"http:\/\/www.michael-schumacher.es\/noticias-f1\/2012\/09\/05\/ma-qing-hua-debutara-en-los-entrenamientos-libres-en-monza\/?share=email\" target=\"_blank\" title=\"Haz clic para enviar por correo electr\u00f3nico a un amigo\"><span>Correo electr\u00f3nico<\/span><\/a><\/li><li class=\"share-end\"><\/li><\/ul><\/div><\/div><\/div>","protected":false},"author":3,"featured_media":0,"comment_status":"open","ping_status":"open","sticky":false,"template":"","format":"standard","meta":{"_monsterinsights_skip_tracking":false,"_monsterinsights_sitenote_active":false,"_monsterinsights_sitenote_note":"","_monsterinsights_sitenote_category":0,"spay_email":"","jetpack_publicize_message":"","jetpack_is_tweetstorm":false,"jetpack_publicize_feature_enabled":true},"categories":[3],"tags":[398,369,393,17,15,75,531,530,566,215],"jetpack_featured_media_url":"","jetpack_publicize_connections":[],"jetpack_sharing_enabled":true,"jetpack_shortlink":"https:\/\/wp.me\/p27q3P-XI","_links":{"self":[{"href":"http:\/\/www.michael-schumacher.es\/noticias-f1\/wp-json\/wp\/v2\/posts\/3702"}],"collection":[{"href":"http:\/\/www.michael-schumacher.es\/noticias-f1\/wp-json\/wp\/v2\/posts"}],"about":[{"href":"http:\/\/www.michael-schumacher.es\/noticias-f1\/wp-json\/wp\/v2\/types\/post"}],"author":[{"embeddable":true,"href":"http:\/\/www.michael-schumacher.es\/noticias-f1\/wp-json\/wp\/v2\/users\/3"}],"replies":[{"embeddable":true,"href":"http:\/\/www.michael-schumacher.es\/noticias-f1\/wp-json\/wp\/v2\/comments?post=3702"}],"version-history":[{"count":0,"href":"http:\/\/www.michael-schumacher.es\/noticias-f1\/wp-json\/wp\/v2\/posts\/3702\/revisions"}],"wp:attachment":[{"href":"http:\/\/www.michael-schumacher.es\/noticias-f1\/wp-json\/wp\/v2\/media?parent=3702"}],"wp:term":[{"taxonomy":"category","embeddable":true,"href":"http:\/\/www.michael-schumacher.es\/noticias-f1\/wp-json\/wp\/v2\/categories?post=3702"},{"taxonomy":"post_tag","embeddable":true,"href":"http:\/\/www.michael-schumacher.es\/noticias-f1\/wp-json\/wp\/v2\/tags?post=3702"}],"curies":[{"name":"wp","href":"https:\/\/api.w.org\/{rel}","templated":true}]}}