{"id":3710,"date":"2012-09-05T16:48:46","date_gmt":"2012-09-05T14:48:46","guid":{"rendered":"http:\/\/www.michael-schumacher.es\/noticias-f1\/?p=3710"},"modified":"2012-09-05T16:48:46","modified_gmt":"2012-09-05T14:48:46","slug":"alonso-no-quiere-salidas-lanzadas-en-la-f1","status":"publish","type":"post","link":"http:\/\/www.michael-schumacher.es\/noticias-f1\/2012\/09\/05\/alonso-no-quiere-salidas-lanzadas-en-la-f1\/","title":{"rendered":"Alonso no quiere salidas lanzadas en la F1"},"content":{"rendered":"<p><a href=\"http:\/\/www.michael-schumacher.es\/noticias-f1\/wp-content\/uploads\/2012\/08\/david_sarro.alonso-1-mini.jpg\"><img loading=\"lazy\" class=\"alignleft size-full wp-image-2443\" title=\"Fernando Alonso 1 - miniatura \" src=\"http:\/\/www.michael-schumacher.es\/noticias-f1\/wp-content\/uploads\/2012\/08\/david_sarro.alonso-1-mini.jpg\" alt=\"\" width=\"200\" height=\"133\" \/><\/a>En Gran Premio de B\u00e9lgica del domingo pasado, Fernando Alonso, tuvo que abandonar la carrera en la primera vuelta, por el accidente que provoco Grosjean, por este accidente se han abierto muchos debates sobre la seguridad, en direcci\u00f3n a cerrar las cabinas, como en modificar las actuales salidas de carrera.<\/p>\n<p><!--more--> <!--noteaser--><\/p>\n<p style=\"text-align: center;\">\u00a0<a href=\"http:\/\/www.michael-schumacher.es\/noticias-f1\/wp-content\/uploads\/2012\/08\/david_sarro.alonso-1.jpg\"><img loading=\"lazy\" class=\"aligncenter size-full wp-image-2442\" title=\"Fernando Alonso 1 \" src=\"http:\/\/www.michael-schumacher.es\/noticias-f1\/wp-content\/uploads\/2012\/08\/david_sarro.alonso-1.jpg\" alt=\"\" width=\"600\" height=\"400\" srcset=\"http:\/\/www.michael-schumacher.es\/noticias-f1\/wp-content\/uploads\/2012\/08\/david_sarro.alonso-1.jpg 600w, http:\/\/www.michael-schumacher.es\/noticias-f1\/wp-content\/uploads\/2012\/08\/david_sarro.alonso-1-300x200.jpg 300w\" sizes=\"(max-width: 600px) 100vw, 600px\" \/><\/a><\/p>\n<p style=\"text-align: center;\">\n<p>En Gran Premio de B\u00e9lgica del domingo pasado, Fernando Alonso ,tuvo que abandonar la carrera en la primera vuelta, por el accidente que provoco Grosjean, por este accidente se han abierto muchos debates sobre la seguridad, en direcci\u00f3n a cerrar las cabinas, como en modificar las actuales salidas de carrera.<\/p>\n<p>&nbsp;<\/p>\n<p>El espa\u00f1ol tuvo la suerte de escapar de lesiones, pero a ra\u00edz de este accidente que pod\u00eda haber sido grave. Se ha sugerido, que la m\u00e1xima categor\u00eda del automovilismo podr\u00eda seguir el ejemplo de la IndyCar e iniciar las carreras con salidas lanzadas. Lo que Fernando Alonso rechaza tajantemente: <strong>\u201cLa salida es parte del encanto de la competencia. Creo que la lucha por la primera curva es una buena cosa. Debe calcular los riesgos y tomar decisiones muy r\u00e1pidamente. Juntos, el equipo se prepara para una gran cantidad de salidas. Esto es una parte muy importante de la F1 no hay que perderla\u201d .<\/strong><\/p>\n<p>&nbsp;<\/p>\n<p>Alonso defiende que los coches deben los mas r\u00e1pidos\u00a0 y sin cambios dr\u00e1sticos: \u201c<strong>Todas las normas que van en contra de ganar velocidad. Un F1 debe ser el m\u00e1s r\u00e1pido Estoy sorprendido y conmocionado por algunas modificaciones \u00a0propuestas para el futuro, tales como coches el\u00e9ctricos, etc. \u00ab<\/strong><\/p>\n<p>&nbsp;<\/p>\n<p><strong>Imagen:<\/strong> David Sarr\u00f3<\/p>\n<div class=\"sharedaddy sd-sharing-enabled\"><div class=\"robots-nocontent sd-block sd-social sd-social-official sd-sharing\"><h3 class=\"sd-title\">Opciones Sociales:<\/h3><div class=\"sd-content\"><ul><li class=\"share-facebook\"><div class=\"fb-share-button\" data-href=\"http:\/\/www.michael-schumacher.es\/noticias-f1\/2012\/09\/05\/alonso-no-quiere-salidas-lanzadas-en-la-f1\/\" data-layout=\"button_count\"><\/div><\/li><li class=\"share-twitter\"><a href=\"https:\/\/twitter.com\/share\" class=\"twitter-share-button\" data-url=\"http:\/\/www.michael-schumacher.es\/noticias-f1\/2012\/09\/05\/alonso-no-quiere-salidas-lanzadas-en-la-f1\/\" data-text=\"Alonso no quiere salidas lanzadas en la F1\"  >Tweet<\/a><\/li><li class=\"share-email\"><a rel=\"nofollow noopener noreferrer\" data-shared=\"\" class=\"share-email sd-button\" href=\"http:\/\/www.michael-schumacher.es\/noticias-f1\/2012\/09\/05\/alonso-no-quiere-salidas-lanzadas-en-la-f1\/?share=email\" target=\"_blank\" title=\"Haz clic para enviar por correo electr\u00f3nico a un amigo\"><span>Correo electr\u00f3nico<\/span><\/a><\/li><li class=\"share-end\"><\/li><\/ul><\/div><\/div><\/div>","protected":false},"excerpt":{"rendered":"<p>En Gran Premio de B\u00e9lgica del domingo pasado, Fernando Alonso, tuvo que abandonar la carrera en la primera vuelta, por el accidente que provoco Grosjean, por este accidente se han abierto muchos debates sobre la seguridad, en direcci\u00f3n a cerrar las cabinas, como en modificar las actuales salidas de carrera.<\/p>\n<div class=\"sharedaddy sd-sharing-enabled\"><div class=\"robots-nocontent sd-block sd-social sd-social-official sd-sharing\"><h3 class=\"sd-title\">Opciones Sociales:<\/h3><div class=\"sd-content\"><ul><li class=\"share-facebook\"><div class=\"fb-share-button\" data-href=\"http:\/\/www.michael-schumacher.es\/noticias-f1\/2012\/09\/05\/alonso-no-quiere-salidas-lanzadas-en-la-f1\/\" data-layout=\"button_count\"><\/div><\/li><li class=\"share-twitter\"><a href=\"https:\/\/twitter.com\/share\" class=\"twitter-share-button\" data-url=\"http:\/\/www.michael-schumacher.es\/noticias-f1\/2012\/09\/05\/alonso-no-quiere-salidas-lanzadas-en-la-f1\/\" data-text=\"Alonso no quiere salidas lanzadas en la F1\"  >Tweet<\/a><\/li><li class=\"share-email\"><a rel=\"nofollow noopener noreferrer\" data-shared=\"\" class=\"share-email sd-button\" href=\"http:\/\/www.michael-schumacher.es\/noticias-f1\/2012\/09\/05\/alonso-no-quiere-salidas-lanzadas-en-la-f1\/?share=email\" target=\"_blank\" title=\"Haz clic para enviar por correo electr\u00f3nico a un amigo\"><span>Correo electr\u00f3nico<\/span><\/a><\/li><li class=\"share-end\"><\/li><\/ul><\/div><\/div><\/div>","protected":false},"author":3,"featured_media":0,"comment_status":"open","ping_status":"open","sticky":false,"template":"","format":"standard","meta":{"_monsterinsights_skip_tracking":false,"_monsterinsights_sitenote_active":false,"_monsterinsights_sitenote_note":"","_monsterinsights_sitenote_category":0,"spay_email":"","jetpack_publicize_message":"","jetpack_is_tweetstorm":false,"jetpack_publicize_feature_enabled":true},"categories":[3],"tags":[464,961,105,1285,17,104,15,1284,1283,1034,485],"jetpack_featured_media_url":"","jetpack_publicize_connections":[],"jetpack_sharing_enabled":true,"jetpack_shortlink":"https:\/\/wp.me\/p27q3P-XQ","_links":{"self":[{"href":"http:\/\/www.michael-schumacher.es\/noticias-f1\/wp-json\/wp\/v2\/posts\/3710"}],"collection":[{"href":"http:\/\/www.michael-schumacher.es\/noticias-f1\/wp-json\/wp\/v2\/posts"}],"about":[{"href":"http:\/\/www.michael-schumacher.es\/noticias-f1\/wp-json\/wp\/v2\/types\/post"}],"author":[{"embeddable":true,"href":"http:\/\/www.michael-schumacher.es\/noticias-f1\/wp-json\/wp\/v2\/users\/3"}],"replies":[{"embeddable":true,"href":"http:\/\/www.michael-schumacher.es\/noticias-f1\/wp-json\/wp\/v2\/comments?post=3710"}],"version-history":[{"count":0,"href":"http:\/\/www.michael-schumacher.es\/noticias-f1\/wp-json\/wp\/v2\/posts\/3710\/revisions"}],"wp:attachment":[{"href":"http:\/\/www.michael-schumacher.es\/noticias-f1\/wp-json\/wp\/v2\/media?parent=3710"}],"wp:term":[{"taxonomy":"category","embeddable":true,"href":"http:\/\/www.michael-schumacher.es\/noticias-f1\/wp-json\/wp\/v2\/categories?post=3710"},{"taxonomy":"post_tag","embeddable":true,"href":"http:\/\/www.michael-schumacher.es\/noticias-f1\/wp-json\/wp\/v2\/tags?post=3710"}],"curies":[{"name":"wp","href":"https:\/\/api.w.org\/{rel}","templated":true}]}}