{"id":3775,"date":"2012-09-08T01:21:41","date_gmt":"2012-09-07T23:21:41","guid":{"rendered":"http:\/\/www.michael-schumacher.es\/noticias-f1\/?p=3775"},"modified":"2012-09-08T01:21:41","modified_gmt":"2012-09-07T23:21:41","slug":"entrenamientos-gp-de-italia-monza-2012-red-bull","status":"publish","type":"post","link":"http:\/\/www.michael-schumacher.es\/noticias-f1\/2012\/09\/08\/entrenamientos-gp-de-italia-monza-2012-red-bull\/","title":{"rendered":"Entrenamientos GP de Italia, Monza 2012. Red Bull"},"content":{"rendered":"<p><a href=\"http:\/\/www.michael-schumacher.es\/noticias-f1\/wp-content\/uploads\/2012\/09\/david_sarro.webber-1-mini.jpg\"><img loading=\"lazy\" class=\"alignleft size-full wp-image-3496\" title=\"Mark Webber 1 - Miniatura\" src=\"http:\/\/www.michael-schumacher.es\/noticias-f1\/wp-content\/uploads\/2012\/09\/david_sarro.webber-1-mini.jpg\" alt=\"\" width=\"200\" height=\"133\" \/><\/a>Tanto Vettel como Webber no est\u00e1n muy satisfechos con su coche hoy pero son conscientes de que por costumbre mejoran para clasificaci\u00f3n y carrera y han realizado mucho trabajo para estudiar esta noche y prepararse para tener buen resultado en la clasificaci\u00f3n de ma\u00f1ana en el circuito de Monza.<\/p>\n<p><!--more--> <!--noteaser--><\/p>\n<p><a href=\"http:\/\/www.michael-schumacher.es\/noticias-f1\/wp-content\/uploads\/2012\/09\/david_sarro.webber-1.jpg\"><img loading=\"lazy\" class=\"aligncenter size-full wp-image-3495\" title=\"Mark Webber 1 \" src=\"http:\/\/www.michael-schumacher.es\/noticias-f1\/wp-content\/uploads\/2012\/09\/david_sarro.webber-1.jpg\" alt=\"\" width=\"600\" height=\"400\" srcset=\"http:\/\/www.michael-schumacher.es\/noticias-f1\/wp-content\/uploads\/2012\/09\/david_sarro.webber-1.jpg 600w, http:\/\/www.michael-schumacher.es\/noticias-f1\/wp-content\/uploads\/2012\/09\/david_sarro.webber-1-300x200.jpg 300w\" sizes=\"(max-width: 600px) 100vw, 600px\" \/><\/a><\/p>\n<p>Tanto Vettel como Webber no est\u00e1n muy satisfechos con su coche hoy pero son conscientes de que por costumbre mejoran para clasificaci\u00f3n y carrera y han realizado mucho trabajo para estudiar esta noche y prepararse para tener buen resultado en la clasificaci\u00f3n de ma\u00f1ana en el circuito de Monza.<\/p>\n<p>&nbsp;<\/p>\n<p><strong>Mark Webber:<\/strong> \u00abEstamos trabajando duro, pero no estamos todav\u00eda donde debemos. No quedamos muy competitivos en las tandas largas en la pr\u00e1ctica de hoy. No estamos normalmente los viernes como campeones del mundo, por lo que vamos a hacer un poco de trabajo ahora para ma\u00f1ana. A menudo encontramos un buen paso antes de la calificaci\u00f3n. \u00bb<\/p>\n<p>&nbsp;<\/p>\n<p><strong>Sebastian Vettel :<\/strong> \u00abCreo que en general no somos tan r\u00e1pidos como nos gustar\u00eda ser, por lo que a\u00fan hay trabajo por hacer. Creo que somos m\u00e1s competitivos en carrera, pero no estamos donde queremos estar todav\u00eda en t\u00e9rminos de verdadero ritmo. Corrimos a trav\u00e9s de nuestro programa completo, as\u00ed que nos dieron un mont\u00f3n de informaci\u00f3n para recorrer y aprender. \u00bb<\/p>\n<p>&nbsp;<\/p>\n<p><strong>Imagen:<\/strong> David Sarr\u00f3<\/p>\n<div class=\"sharedaddy sd-sharing-enabled\"><div class=\"robots-nocontent sd-block sd-social sd-social-official sd-sharing\"><h3 class=\"sd-title\">Opciones Sociales:<\/h3><div class=\"sd-content\"><ul><li class=\"share-facebook\"><div class=\"fb-share-button\" data-href=\"http:\/\/www.michael-schumacher.es\/noticias-f1\/2012\/09\/08\/entrenamientos-gp-de-italia-monza-2012-red-bull\/\" data-layout=\"button_count\"><\/div><\/li><li class=\"share-twitter\"><a href=\"https:\/\/twitter.com\/share\" class=\"twitter-share-button\" data-url=\"http:\/\/www.michael-schumacher.es\/noticias-f1\/2012\/09\/08\/entrenamientos-gp-de-italia-monza-2012-red-bull\/\" data-text=\"Entrenamientos GP de Italia, Monza 2012. Red Bull\"  >Tweet<\/a><\/li><li class=\"share-email\"><a rel=\"nofollow noopener noreferrer\" data-shared=\"\" class=\"share-email sd-button\" href=\"http:\/\/www.michael-schumacher.es\/noticias-f1\/2012\/09\/08\/entrenamientos-gp-de-italia-monza-2012-red-bull\/?share=email\" target=\"_blank\" title=\"Haz clic para enviar por correo electr\u00f3nico a un amigo\"><span>Correo electr\u00f3nico<\/span><\/a><\/li><li class=\"share-end\"><\/li><\/ul><\/div><\/div><\/div>","protected":false},"excerpt":{"rendered":"<p>Tanto Vettel como Webber no est\u00e1n muy satisfechos con su coche hoy pero son conscientes de que por costumbre mejoran para clasificaci\u00f3n y carrera y han realizado mucho trabajo para estudiar esta noche y prepararse para tener buen resultado en la clasificaci\u00f3n de ma\u00f1ana en el circuito de Monza.<\/p>\n<div class=\"sharedaddy sd-sharing-enabled\"><div class=\"robots-nocontent sd-block sd-social sd-social-official sd-sharing\"><h3 class=\"sd-title\">Opciones Sociales:<\/h3><div class=\"sd-content\"><ul><li class=\"share-facebook\"><div class=\"fb-share-button\" data-href=\"http:\/\/www.michael-schumacher.es\/noticias-f1\/2012\/09\/08\/entrenamientos-gp-de-italia-monza-2012-red-bull\/\" data-layout=\"button_count\"><\/div><\/li><li class=\"share-twitter\"><a href=\"https:\/\/twitter.com\/share\" class=\"twitter-share-button\" data-url=\"http:\/\/www.michael-schumacher.es\/noticias-f1\/2012\/09\/08\/entrenamientos-gp-de-italia-monza-2012-red-bull\/\" data-text=\"Entrenamientos GP de Italia, Monza 2012. Red Bull\"  >Tweet<\/a><\/li><li class=\"share-email\"><a rel=\"nofollow noopener noreferrer\" data-shared=\"\" class=\"share-email sd-button\" href=\"http:\/\/www.michael-schumacher.es\/noticias-f1\/2012\/09\/08\/entrenamientos-gp-de-italia-monza-2012-red-bull\/?share=email\" target=\"_blank\" title=\"Haz clic para enviar por correo electr\u00f3nico a un amigo\"><span>Correo electr\u00f3nico<\/span><\/a><\/li><li class=\"share-end\"><\/li><\/ul><\/div><\/div><\/div>","protected":false},"author":3,"featured_media":0,"comment_status":"open","ping_status":"open","sticky":false,"template":"","format":"standard","meta":{"_monsterinsights_skip_tracking":false,"_monsterinsights_sitenote_active":false,"_monsterinsights_sitenote_note":"","_monsterinsights_sitenote_category":0,"spay_email":"","jetpack_publicize_message":"","jetpack_is_tweetstorm":false,"jetpack_publicize_feature_enabled":true},"categories":[67,3],"tags":[14,131,17,15,6,237,379,72,1286,566,1245,51,71,30,73],"jetpack_featured_media_url":"","jetpack_publicize_connections":[],"jetpack_sharing_enabled":true,"jetpack_shortlink":"https:\/\/wp.me\/p27q3P-YT","_links":{"self":[{"href":"http:\/\/www.michael-schumacher.es\/noticias-f1\/wp-json\/wp\/v2\/posts\/3775"}],"collection":[{"href":"http:\/\/www.michael-schumacher.es\/noticias-f1\/wp-json\/wp\/v2\/posts"}],"about":[{"href":"http:\/\/www.michael-schumacher.es\/noticias-f1\/wp-json\/wp\/v2\/types\/post"}],"author":[{"embeddable":true,"href":"http:\/\/www.michael-schumacher.es\/noticias-f1\/wp-json\/wp\/v2\/users\/3"}],"replies":[{"embeddable":true,"href":"http:\/\/www.michael-schumacher.es\/noticias-f1\/wp-json\/wp\/v2\/comments?post=3775"}],"version-history":[{"count":0,"href":"http:\/\/www.michael-schumacher.es\/noticias-f1\/wp-json\/wp\/v2\/posts\/3775\/revisions"}],"wp:attachment":[{"href":"http:\/\/www.michael-schumacher.es\/noticias-f1\/wp-json\/wp\/v2\/media?parent=3775"}],"wp:term":[{"taxonomy":"category","embeddable":true,"href":"http:\/\/www.michael-schumacher.es\/noticias-f1\/wp-json\/wp\/v2\/categories?post=3775"},{"taxonomy":"post_tag","embeddable":true,"href":"http:\/\/www.michael-schumacher.es\/noticias-f1\/wp-json\/wp\/v2\/tags?post=3775"}],"curies":[{"name":"wp","href":"https:\/\/api.w.org\/{rel}","templated":true}]}}