{"id":3855,"date":"2012-09-10T02:13:59","date_gmt":"2012-09-10T00:13:59","guid":{"rendered":"http:\/\/www.michael-schumacher.es\/noticias-f1\/?p=3855"},"modified":"2012-09-10T02:14:44","modified_gmt":"2012-09-10T00:14:44","slug":"balance-gp-de-italia-monza-2012-toro-rosso","status":"publish","type":"post","link":"http:\/\/www.michael-schumacher.es\/noticias-f1\/2012\/09\/10\/balance-gp-de-italia-monza-2012-toro-rosso\/","title":{"rendered":"Balance GP de Italia, Monza 2012. Toro Rosso"},"content":{"rendered":"<p><a href=\"http:\/\/www.michael-schumacher.es\/noticias-f1\/wp-content\/uploads\/2012\/08\/david_sarro.ricciardo-1-mini.jpg\"><img loading=\"lazy\" class=\"alignleft size-full wp-image-3172\" title=\"Daniel Ricciardo 1 - miniatura \" src=\"http:\/\/www.michael-schumacher.es\/noticias-f1\/wp-content\/uploads\/2012\/08\/david_sarro.ricciardo-1-mini.jpg\" alt=\"\" width=\"200\" height=\"133\" \/><\/a>Toro Rosso ha sufrido de falta de ritmo durante toda la carrera y ambos pilotos han terminado sin puntos pese a que Ricciardo, estuvo a punto de terminar decimo antes de sufrir un problema que lo dejo nuevamente en la 12 posici\u00f3n. Jean-Eric Vergne ha tenido que abandonar por un accidente, del que afortunadamente sali\u00f3 ileso.<\/p>\n<p><!--more--> <!--noteaser--><\/p>\n<p style=\"text-align: center;\">\u00a0<a href=\"http:\/\/www.michael-schumacher.es\/noticias-f1\/wp-content\/uploads\/2012\/08\/david_sarro.ricciardo-1.jpg\"><img loading=\"lazy\" class=\"aligncenter size-full wp-image-3171\" title=\"Daniel Ricciardo 1 \" src=\"http:\/\/www.michael-schumacher.es\/noticias-f1\/wp-content\/uploads\/2012\/08\/david_sarro.ricciardo-1.jpg\" alt=\"\" width=\"600\" height=\"400\" srcset=\"http:\/\/www.michael-schumacher.es\/noticias-f1\/wp-content\/uploads\/2012\/08\/david_sarro.ricciardo-1.jpg 600w, http:\/\/www.michael-schumacher.es\/noticias-f1\/wp-content\/uploads\/2012\/08\/david_sarro.ricciardo-1-300x200.jpg 300w\" sizes=\"(max-width: 600px) 100vw, 600px\" \/><\/a><\/p>\n<p>Toro Rosso ha sufrido de falta de ritmo durante toda la carrera y ambos pilotos han terminado sin puntos pese a que Ricciardo, estuvo a punto de terminar decimo antes de sufrir un problema que lo dejo nuevamente en la 12 posici\u00f3n. Jean-Eric Vergne ha tenido que abandonar por un accidente, del que afortunadamente sali\u00f3 ileso.<\/p>\n<p>&nbsp;<\/p>\n<p><strong>Daniel Ricciardo:<\/strong> \u201cHa sido muy duro para sumar puntos este a\u00f1o y eso significa que es incre\u00edblemente decepcionante no conseguir ninguno hoy. Estaba d\u00e9cimo hasta la \u00faltima curva de la \u00faltima vuelta. En ese momento, aceler\u00e9 para salir de la Parab\u00f3lica y no pas\u00f3 nada. Por el momento, no s\u00e9 la causa, pero perd\u00ed \u00a0la oportunidad de un punto por unos pocos cientos de metros es amargamente decepcionante\u201d.<\/p>\n<p>&nbsp;<\/p>\n<p><strong>Jean-Eric Vergne :<\/strong> \u00abMe llevaron por el accidente al centro m\u00e9dico, pero aparte de un poco de dolor en la espalda y la cabeza, estoy bien. No s\u00e9 por qu\u00e9 tuve el accidente. Lo \u00fanico que recuerdo es que cuando he frenado, perdido totalmente el control de la parte trasera del coche. Sent\u00ed un gran impacto cuando el coche aterriz\u00f3 despu\u00e9s de ir arriba en el aire. La acera es alto en ese punto y me considero afortunado de que el coche no ha dado la vuelta\u201d.<\/p>\n<p>&nbsp;<\/p>\n<p><strong>Franz Tost:<\/strong> \u00abUna carrera frustrante para nosotros en el final de un fin de semana dif\u00edcil en su casa. Como estaba claro que no ten\u00edamos un buen ritmo este fin de semana, hemos decidido correr con Daniel en una estrategia de una sola parada con la esperanza de recuperar esos lugares al no cambiar de neum\u00e1ticos dos veces. Funciono bastante bien ya que \u00a0de partir 14 \u00a0en la parrilla que estaba en el d\u00e9cimo lugar la mayor parte de la vuelta \u00a0final. Por desgracia, su coche sufri\u00f3 problemas con la carga de\u00a0 combustible, que ahora tenemos que investigar y este lo hizo volver a la duod\u00e9cima posici\u00f3n. En cuanto al accidente Jean-Eric, ahora tenemos que mirar sus causas\u201d.<\/p>\n<p>&nbsp;<\/p>\n<p><strong>Imagen:<\/strong> David Sarr\u00f3<\/p>\n<div class=\"sharedaddy sd-sharing-enabled\"><div class=\"robots-nocontent sd-block sd-social sd-social-official sd-sharing\"><h3 class=\"sd-title\">Opciones Sociales:<\/h3><div class=\"sd-content\"><ul><li class=\"share-facebook\"><div class=\"fb-share-button\" data-href=\"http:\/\/www.michael-schumacher.es\/noticias-f1\/2012\/09\/10\/balance-gp-de-italia-monza-2012-toro-rosso\/\" data-layout=\"button_count\"><\/div><\/li><li class=\"share-twitter\"><a href=\"https:\/\/twitter.com\/share\" class=\"twitter-share-button\" data-url=\"http:\/\/www.michael-schumacher.es\/noticias-f1\/2012\/09\/10\/balance-gp-de-italia-monza-2012-toro-rosso\/\" data-text=\"Balance GP de Italia, Monza 2012. Toro Rosso\"  >Tweet<\/a><\/li><li class=\"share-email\"><a rel=\"nofollow noopener noreferrer\" data-shared=\"\" class=\"share-email sd-button\" href=\"http:\/\/www.michael-schumacher.es\/noticias-f1\/2012\/09\/10\/balance-gp-de-italia-monza-2012-toro-rosso\/?share=email\" target=\"_blank\" title=\"Haz clic para enviar por correo electr\u00f3nico a un amigo\"><span>Correo electr\u00f3nico<\/span><\/a><\/li><li class=\"share-end\"><\/li><\/ul><\/div><\/div><\/div>","protected":false},"excerpt":{"rendered":"<p>Toro Rosso ha sufrido de falta de ritmo durante toda la carrera y ambos pilotos han terminado sin puntos pese a que Ricciardo, estuvo a punto de terminar decimo antes de sufrir un problema que lo dejo nuevamente en la 12 posici\u00f3n. Jean-Eric Vergne ha tenido que abandonar por un accidente, del que afortunadamente sali\u00f3 [&hellip;]<\/p>\n<div class=\"sharedaddy sd-sharing-enabled\"><div class=\"robots-nocontent sd-block sd-social sd-social-official sd-sharing\"><h3 class=\"sd-title\">Opciones Sociales:<\/h3><div class=\"sd-content\"><ul><li class=\"share-facebook\"><div class=\"fb-share-button\" data-href=\"http:\/\/www.michael-schumacher.es\/noticias-f1\/2012\/09\/10\/balance-gp-de-italia-monza-2012-toro-rosso\/\" data-layout=\"button_count\"><\/div><\/li><li class=\"share-twitter\"><a href=\"https:\/\/twitter.com\/share\" class=\"twitter-share-button\" data-url=\"http:\/\/www.michael-schumacher.es\/noticias-f1\/2012\/09\/10\/balance-gp-de-italia-monza-2012-toro-rosso\/\" data-text=\"Balance GP de Italia, Monza 2012. Toro Rosso\"  >Tweet<\/a><\/li><li class=\"share-email\"><a rel=\"nofollow noopener noreferrer\" data-shared=\"\" class=\"share-email sd-button\" href=\"http:\/\/www.michael-schumacher.es\/noticias-f1\/2012\/09\/10\/balance-gp-de-italia-monza-2012-toro-rosso\/?share=email\" target=\"_blank\" title=\"Haz clic para enviar por correo electr\u00f3nico a un amigo\"><span>Correo electr\u00f3nico<\/span><\/a><\/li><li class=\"share-end\"><\/li><\/ul><\/div><\/div><\/div>","protected":false},"author":3,"featured_media":0,"comment_status":"open","ping_status":"open","sticky":false,"template":"","format":"standard","meta":{"_monsterinsights_skip_tracking":false,"_monsterinsights_sitenote_active":false,"_monsterinsights_sitenote_note":"","_monsterinsights_sitenote_category":0,"spay_email":"","jetpack_publicize_message":"","jetpack_is_tweetstorm":false,"jetpack_publicize_feature_enabled":true},"categories":[4,3],"tags":[14,401,64,101,17,15,6,237,99,1286,566,102,103],"jetpack_featured_media_url":"","jetpack_publicize_connections":[],"jetpack_sharing_enabled":true,"jetpack_shortlink":"https:\/\/wp.me\/p27q3P-10b","_links":{"self":[{"href":"http:\/\/www.michael-schumacher.es\/noticias-f1\/wp-json\/wp\/v2\/posts\/3855"}],"collection":[{"href":"http:\/\/www.michael-schumacher.es\/noticias-f1\/wp-json\/wp\/v2\/posts"}],"about":[{"href":"http:\/\/www.michael-schumacher.es\/noticias-f1\/wp-json\/wp\/v2\/types\/post"}],"author":[{"embeddable":true,"href":"http:\/\/www.michael-schumacher.es\/noticias-f1\/wp-json\/wp\/v2\/users\/3"}],"replies":[{"embeddable":true,"href":"http:\/\/www.michael-schumacher.es\/noticias-f1\/wp-json\/wp\/v2\/comments?post=3855"}],"version-history":[{"count":0,"href":"http:\/\/www.michael-schumacher.es\/noticias-f1\/wp-json\/wp\/v2\/posts\/3855\/revisions"}],"wp:attachment":[{"href":"http:\/\/www.michael-schumacher.es\/noticias-f1\/wp-json\/wp\/v2\/media?parent=3855"}],"wp:term":[{"taxonomy":"category","embeddable":true,"href":"http:\/\/www.michael-schumacher.es\/noticias-f1\/wp-json\/wp\/v2\/categories?post=3855"},{"taxonomy":"post_tag","embeddable":true,"href":"http:\/\/www.michael-schumacher.es\/noticias-f1\/wp-json\/wp\/v2\/tags?post=3855"}],"curies":[{"name":"wp","href":"https:\/\/api.w.org\/{rel}","templated":true}]}}