{"id":3857,"date":"2012-09-10T02:20:40","date_gmt":"2012-09-10T00:20:40","guid":{"rendered":"http:\/\/www.michael-schumacher.es\/noticias-f1\/?p=3857"},"modified":"2012-09-10T02:20:40","modified_gmt":"2012-09-10T00:20:40","slug":"balance-gp-de-italia-monza-2012-sauber","status":"publish","type":"post","link":"http:\/\/www.michael-schumacher.es\/noticias-f1\/2012\/09\/10\/balance-gp-de-italia-monza-2012-sauber\/","title":{"rendered":"Balance GP de Italia, Monza 2012. Sauber"},"content":{"rendered":"<p><a href=\"http:\/\/www.michael-schumacher.es\/noticias-f1\/wp-content\/uploads\/2012\/08\/david_sarro.perez-1-mini.jpg\"><img loading=\"lazy\" class=\"alignleft size-full wp-image-3071\" title=\"Sergio Perez 1 - Miniatura\" src=\"http:\/\/www.michael-schumacher.es\/noticias-f1\/wp-content\/uploads\/2012\/08\/david_sarro.perez-1-mini.jpg\" alt=\"\" width=\"200\" height=\"133\" \/><\/a>P\u00e9rez termino en el Gran Premio de Italia en Monza, en segundo lugar, el mismo resultado que hab\u00eda conseguido anteriormente en Malasia. En Monza hab\u00eda iniciado en doceava posici\u00f3n uno de los pocos pilotos con el compuesto de neum\u00e1tico duro. Por lo tanto, despu\u00e9s de una primera parte \u00a0dif\u00edcil mostr\u00f3 en el segundo tiempo, un rendimiento incre\u00edble. El piloto \u00a0mexicano supo aprovechar perfectamente el buen rendimiento mostrado hoy por su coche.<\/p>\n<p><!--more--> <!--noteaser--><\/p>\n<p style=\"text-align: center;\">\u00a0<a href=\"http:\/\/www.michael-schumacher.es\/noticias-f1\/wp-content\/uploads\/2012\/08\/david_sarro.perez-1.jpg\"><img loading=\"lazy\" class=\"aligncenter size-full wp-image-3070\" title=\"Sergio P\u00e9rez\" src=\"http:\/\/www.michael-schumacher.es\/noticias-f1\/wp-content\/uploads\/2012\/08\/david_sarro.perez-1.jpg\" alt=\"\" width=\"600\" height=\"400\" srcset=\"http:\/\/www.michael-schumacher.es\/noticias-f1\/wp-content\/uploads\/2012\/08\/david_sarro.perez-1.jpg 600w, http:\/\/www.michael-schumacher.es\/noticias-f1\/wp-content\/uploads\/2012\/08\/david_sarro.perez-1-300x200.jpg 300w\" sizes=\"(max-width: 600px) 100vw, 600px\" \/><\/a><\/p>\n<p>P\u00e9rez termino en el Gran Premio de Italia en Monza, en segundo lugar, el mismo resultado que hab\u00eda conseguido anteriormente en Malasia. En Monza hab\u00eda iniciado en doceava posici\u00f3n, uno de los pocos pilotos con el compuesto de neum\u00e1tico duro. Por lo tanto, despu\u00e9s de una primera parte \u00a0dif\u00edcil mostr\u00f3 en el segundo tiempo, un rendimiento incre\u00edble. El piloto \u00a0mexicano supo aprovechar perfectamente el buen rendimiento mostrado hoy por su coche.<\/p>\n<p>&nbsp;<\/p>\n<p>El equipo Sauber ha logrado un excelente resultado y acumulado puntos con ambos pilotos. Sauber finaliza la temporada europea con \u00a0exactamente 100 puntos en su marcador, y con el \u00a0su sexto lugar en el Campeonato Mundial de Constructores m\u00e1s fortalecido. Ahora quieren seguir trabajando para mejorar cuanto puedan.<\/p>\n<p>&nbsp;<\/p>\n<p><strong>Sergio P\u00e9rez:<\/strong> \u00abEsta carrera era una delicia. Fue uno. De aquellos en las que esta la velocidad y el papel de atacar. \u00a0Estoy muy contento por el equipo, es un muy buen equipo que trabaja duro, y estoy orgulloso del equipo. La primera parte de la carrera fue con el neum\u00e1tico duro no es f\u00e1cil para m\u00ed, pero que era sin duda la estrategia correcta. Yo estaba a menudo en contacto por radio con el equipo. Me preocupaba que tal vez los neum\u00e1ticos de pronto se vinieran a \u00a0abajo y tuvi\u00e9ramos que cambiar nuestra estrategia. Asimismo, no s\u00e9 lo r\u00e1pido que inicialmente podr\u00edan calentarse. Pero eso no importa ahora: Funcion\u00f3, y tuve la oportunidad de estar fuera todo el tiempo necesario para nuestra Estrategia. En la segunda parte, se trataba de atacar, y tengo que decir, todos los pilotos que han superado tapaban muy razonablemente sus huecos. Por \u00a0supuesto, no me dejaban m\u00e1s espacio, pero siempre suficiente. Era como debe ser. Estoy muy contento de que he logrado mi primer podio en una carrera europea en Monza. \u00bb<\/p>\n<p>&nbsp;<\/p>\n<p><strong>Kamui Kobayashi :<\/strong> \u00abEn primer lugar quiero felicitar a Sergio, compa\u00f1ero que lo has hecho bien! Este es un gran d\u00eda para nuestro equipo. En cuanto a mi carrera, no me puedo quejar, por alguna raz\u00f3n que no fui lo suficientemente r\u00e1pido. Claro, yo estaba en una estrategia diferente, porque lo hago con los \u00a0neum\u00e1ticos de calificaci\u00f3n. Con los dos compuestos me faltaba experiencia, porque hemos sido capaces de conducir el viernes largas tandas. Para m\u00ed ha sido una carrera normal, sin incidentes especiales\u201d.<\/p>\n<p>&nbsp;<\/p>\n<p><strong>Monisha Kaltenborn, CEO:<\/strong> \u201c\u00a1Qu\u00e9 d\u00eda y qu\u00e9 gran resultado! Tengo que admitir que fue un poco sorprendente, ya que hemos supuesto que esta ruta no ser\u00eda f\u00e1cil para nuestro coche. Pero una vez m\u00e1s, hemos demostrado lo fuertes que somos en la carrera. Mientras que un tiempo Sergio fue el piloto m\u00e1s r\u00e1pido en la pista. Es fant\u00e1stico que el equipo en la f\u00e1brica en Hinwil haya preparado as\u00ed un coche tan r\u00e1pido, y que el equipo ha hecho en la pista las decisiones correctas en t\u00e9rminos de coordinaci\u00f3n y estrategia. Nuestros pilotos estaban entregados en la pista. Estos 20 puntos son muy importantes, porque queremos mejorar en el campeonato de constructores\u201d.<\/p>\n<p>&nbsp;<\/p>\n<p><strong>Giampaolo Dall&#8217;Ara, ingeniero principal en el circuito:<\/strong> \u201cAmbos coches estaban bien al principio. Nuestros pilotos estaban en estrategias de neum\u00e1ticos diferentes: Kamui ten\u00eda que empezar en los neum\u00e1ticos medios utilizados, que hab\u00eda utilizado la calificaci\u00f3n, a su vez Sergio opto por neum\u00e1ticos nuevos duros. Para ambos pilotos, fue \u00a0planeada una parada. Desafortunadamente Kamui perdido algo de tiempo, tenemos que investigar por qu\u00e9 su coche era m\u00e1s lento. Algo no encaja aqu\u00ed. Sergio tuvo que contenerse al principio, porque \u00e9l deb\u00eda hacer un primer stint muy largo. Mientras conduc\u00eda en los neum\u00e1ticos medios, sus tiempos de vuelta eran excepcionales. Nosotros como equipo estamos muy contentos, el Sauber C31-Ferrari hoy ha sido muy r\u00e1pido, y es en \u00faltima instancia la base de este \u00e9xito. \u00bb<\/p>\n<p>&nbsp;<\/p>\n<p><strong>Imagen:<\/strong> David Sarr\u00f3<\/p>\n<div class=\"sharedaddy sd-sharing-enabled\"><div class=\"robots-nocontent sd-block sd-social sd-social-official sd-sharing\"><h3 class=\"sd-title\">Opciones Sociales:<\/h3><div class=\"sd-content\"><ul><li class=\"share-facebook\"><div class=\"fb-share-button\" data-href=\"http:\/\/www.michael-schumacher.es\/noticias-f1\/2012\/09\/10\/balance-gp-de-italia-monza-2012-sauber\/\" data-layout=\"button_count\"><\/div><\/li><li class=\"share-twitter\"><a href=\"https:\/\/twitter.com\/share\" class=\"twitter-share-button\" data-url=\"http:\/\/www.michael-schumacher.es\/noticias-f1\/2012\/09\/10\/balance-gp-de-italia-monza-2012-sauber\/\" data-text=\"Balance GP de Italia, Monza 2012. Sauber\"  >Tweet<\/a><\/li><li class=\"share-email\"><a rel=\"nofollow noopener noreferrer\" data-shared=\"\" class=\"share-email sd-button\" href=\"http:\/\/www.michael-schumacher.es\/noticias-f1\/2012\/09\/10\/balance-gp-de-italia-monza-2012-sauber\/?share=email\" target=\"_blank\" title=\"Haz clic para enviar por correo electr\u00f3nico a un amigo\"><span>Correo electr\u00f3nico<\/span><\/a><\/li><li class=\"share-end\"><\/li><\/ul><\/div><\/div><\/div>","protected":false},"excerpt":{"rendered":"<p>P\u00e9rez termino en el Gran Premio de Italia en Monza, en segundo lugar, el mismo resultado que hab\u00eda conseguido anteriormente en Malasia. En Monza hab\u00eda iniciado en doceava posici\u00f3n uno de los pocos pilotos con el compuesto de neum\u00e1tico duro. Por lo tanto, despu\u00e9s de una primera parte \u00a0dif\u00edcil mostr\u00f3 en el segundo tiempo, un [&hellip;]<\/p>\n<div class=\"sharedaddy sd-sharing-enabled\"><div class=\"robots-nocontent sd-block sd-social sd-social-official sd-sharing\"><h3 class=\"sd-title\">Opciones Sociales:<\/h3><div class=\"sd-content\"><ul><li class=\"share-facebook\"><div class=\"fb-share-button\" data-href=\"http:\/\/www.michael-schumacher.es\/noticias-f1\/2012\/09\/10\/balance-gp-de-italia-monza-2012-sauber\/\" data-layout=\"button_count\"><\/div><\/li><li class=\"share-twitter\"><a href=\"https:\/\/twitter.com\/share\" class=\"twitter-share-button\" data-url=\"http:\/\/www.michael-schumacher.es\/noticias-f1\/2012\/09\/10\/balance-gp-de-italia-monza-2012-sauber\/\" data-text=\"Balance GP de Italia, Monza 2012. Sauber\"  >Tweet<\/a><\/li><li class=\"share-email\"><a rel=\"nofollow noopener noreferrer\" data-shared=\"\" class=\"share-email sd-button\" href=\"http:\/\/www.michael-schumacher.es\/noticias-f1\/2012\/09\/10\/balance-gp-de-italia-monza-2012-sauber\/?share=email\" target=\"_blank\" title=\"Haz clic para enviar por correo electr\u00f3nico a un amigo\"><span>Correo electr\u00f3nico<\/span><\/a><\/li><li class=\"share-end\"><\/li><\/ul><\/div><\/div><\/div>","protected":false},"author":3,"featured_media":0,"comment_status":"open","ping_status":"open","sticky":false,"template":"","format":"standard","meta":{"_monsterinsights_skip_tracking":false,"_monsterinsights_sitenote_active":false,"_monsterinsights_sitenote_note":"","_monsterinsights_sitenote_category":0,"spay_email":"","jetpack_publicize_message":"","jetpack_is_tweetstorm":false,"jetpack_publicize_feature_enabled":true},"categories":[4,3],"tags":[14,401,64,17,15,6,1288,87,88,1286,566,90,86,89],"jetpack_featured_media_url":"","jetpack_publicize_connections":[],"jetpack_sharing_enabled":true,"jetpack_shortlink":"https:\/\/wp.me\/p27q3P-10d","_links":{"self":[{"href":"http:\/\/www.michael-schumacher.es\/noticias-f1\/wp-json\/wp\/v2\/posts\/3857"}],"collection":[{"href":"http:\/\/www.michael-schumacher.es\/noticias-f1\/wp-json\/wp\/v2\/posts"}],"about":[{"href":"http:\/\/www.michael-schumacher.es\/noticias-f1\/wp-json\/wp\/v2\/types\/post"}],"author":[{"embeddable":true,"href":"http:\/\/www.michael-schumacher.es\/noticias-f1\/wp-json\/wp\/v2\/users\/3"}],"replies":[{"embeddable":true,"href":"http:\/\/www.michael-schumacher.es\/noticias-f1\/wp-json\/wp\/v2\/comments?post=3857"}],"version-history":[{"count":0,"href":"http:\/\/www.michael-schumacher.es\/noticias-f1\/wp-json\/wp\/v2\/posts\/3857\/revisions"}],"wp:attachment":[{"href":"http:\/\/www.michael-schumacher.es\/noticias-f1\/wp-json\/wp\/v2\/media?parent=3857"}],"wp:term":[{"taxonomy":"category","embeddable":true,"href":"http:\/\/www.michael-schumacher.es\/noticias-f1\/wp-json\/wp\/v2\/categories?post=3857"},{"taxonomy":"post_tag","embeddable":true,"href":"http:\/\/www.michael-schumacher.es\/noticias-f1\/wp-json\/wp\/v2\/tags?post=3857"}],"curies":[{"name":"wp","href":"https:\/\/api.w.org\/{rel}","templated":true}]}}