{"id":3870,"date":"2012-09-10T02:32:41","date_gmt":"2012-09-10T00:32:41","guid":{"rendered":"http:\/\/www.michael-schumacher.es\/noticias-f1\/?p=3870"},"modified":"2012-09-10T02:32:41","modified_gmt":"2012-09-10T00:32:41","slug":"balance-gp-de-italia-monza-2012-lotus","status":"publish","type":"post","link":"http:\/\/www.michael-schumacher.es\/noticias-f1\/2012\/09\/10\/balance-gp-de-italia-monza-2012-lotus\/","title":{"rendered":"Balance GP de Italia, Monza 2012. Lotus"},"content":{"rendered":"<p><a href=\"http:\/\/www.michael-schumacher.es\/noticias-f1\/wp-content\/uploads\/2012\/08\/david_sarro.raikkonen-1-mini.jpg\"><img loading=\"lazy\" class=\"alignleft size-full wp-image-3253\" title=\"Kimi Raikkonen 1 - Miniatura\" src=\"http:\/\/www.michael-schumacher.es\/noticias-f1\/wp-content\/uploads\/2012\/08\/david_sarro.raikkonen-1-mini.jpg\" alt=\"\" width=\"200\" height=\"133\" \/><\/a>El equipo Lotus termina en Monza muy satisfechos del gran pilotaje de Kimi Raikkonen, que ha conseguido terminar la carrera en quinta posici\u00f3n, algo superior a lo que el equipo y el piloto pod\u00edan aspirar a conseguir en un circuito que no se adapta bien al E20.<\/p>\n<p><!--more--> <!--noteaser--><\/p>\n<p style=\"text-align: center;\">\u00a0<a href=\"http:\/\/www.michael-schumacher.es\/noticias-f1\/wp-content\/uploads\/2012\/08\/david_sarro.raikkonen-1.jpg\"><img loading=\"lazy\" class=\"aligncenter size-full wp-image-3252\" title=\"Kimi Raikkonen 1\" src=\"http:\/\/www.michael-schumacher.es\/noticias-f1\/wp-content\/uploads\/2012\/08\/david_sarro.raikkonen-1.jpg\" alt=\"\" width=\"600\" height=\"400\" srcset=\"http:\/\/www.michael-schumacher.es\/noticias-f1\/wp-content\/uploads\/2012\/08\/david_sarro.raikkonen-1.jpg 600w, http:\/\/www.michael-schumacher.es\/noticias-f1\/wp-content\/uploads\/2012\/08\/david_sarro.raikkonen-1-300x200.jpg 300w\" sizes=\"(max-width: 600px) 100vw, 600px\" \/><\/a><\/p>\n<p>El equipo Lotus termina en Monza muy satisfechos del gran pilotaje de Kimi Raikkonen, que ha conseguido terminar la carrera en quinta posici\u00f3n, algo superior a lo que el equipo y el piloto pod\u00edan aspirar a conseguir en un circuito que no se adapta bien al E20.<\/p>\n<p>&nbsp;<\/p>\n<p>Jerome D\u2019Ambrosio ha hecho un buen trabajo contando que no ten\u00eda KERS y la ayuda que representa de alrededor de medio segundo por vuelta, pese a todo ha logrado acabar el 13, la primera vez que toma los mandos del Lotus en carrera. Ahora Kimi est\u00e1 el tercero en el mundial de pilotos a solo un punto del segundo Hamilton, las posibilidades del Campeonato mejoran y el equipo seguir\u00e1 trabajando para mejorar.<\/p>\n<p>&nbsp;<\/p>\n<p><strong>Kimi Raikkonen:<\/strong> \u00abEs bueno entrar en la tercera posici\u00f3n en el campeonato de pilotos, pero hemos perdido algunos puntos a Fernando que no es lo ideal. Ha sido un fin de semana dif\u00edcil, ya que est\u00e1bamos demasiado lentos en la l\u00ednea recta, por lo que es muy dif\u00edcil mantener a raya a nadie e incluso con el DRS es dif\u00edcil adelantar a los coches de delante. Llegamos a la carrera en busca de sexto o s\u00e9ptimo as\u00ed quinto es el m\u00e1ximo que podr\u00eda haber terminado aqu\u00ed este fin de semana.\u00bb<\/p>\n<p>&nbsp;<\/p>\n<p><strong>Jerome d\u2019Ambrosio:<\/strong> \u201cHa sido una carrera bastante larga y dif\u00edcil para m\u00ed hoy. Despu\u00e9s de perder mi KERS en la sexta vuelta siempre iba a ser dif\u00edcil ya que es un valor aproximado de medio segundo por vuelta por aqu\u00ed. He hecho una buena salida y estaba peleando con Daniel [Ricciardo] y Nico [Rosberg], pero una vez que perd\u00ed ese impulso extra que era imposible mantenerse al d\u00eda y se me ca\u00ed de nuevo. \u00a0Mi principal objetivo era acabar la carrera y lo he conseguido, as\u00ed que en general no est\u00e1 mal. Fue genial volver al coche y especialmente con un equipo as\u00ed de fant\u00e1stico; he aprendido un mont\u00f3n este fin de semana\u00bb.<\/p>\n<p>&nbsp;<\/p>\n<p><strong>Alan Permane:<\/strong> \u00abNo nos quedamos con ganas de llegar a Monza ya que no se adapta \u00a0a los puntos fuertes de nuestro coche, as\u00ed que estamos muy contentos de salir con el quinto puesto de Kimi. Lo ha hecho excepcionalmente bien en un circuito donde sab\u00edamos que no \u00edbamos a ser s\u00faper competitivos. Es fant\u00e1stico que ha subido al tercer lugar en el campeonato de pilotos, y ahora esta s\u00f3lo un punto de segundo. J\u00e9r\u00f4me estaba con un brazo atado a la espalda debido a un fallo en el KERS al principio de la carrera, y el KERS supone una cantidad de tiempo significativa aqu\u00ed. Complet\u00f3 un trabajo incre\u00edble a pesar de ello, y su ritmo con el compuesto medio en la segunda parte de la carrera fue bueno. Ahora vamos a un circuito que creemos que deber\u00eda adaptarse mejor a nuestro monoplaza, as\u00ed que estamos deseando llegar all\u00ed.\u201d<\/p>\n<p>&nbsp;<\/p>\n<p><strong>Eric Boullier:<\/strong> \u00abA partir de este fin de semana no creo que podr\u00edamos haber esperado malgo mejor. La clave para una buena posici\u00f3n en el campeonato al final de la temporada siempre es sumar puntos, incluso cuando se trata de un fin de semana dif\u00edcil. Kimi ha entregado exactamente lo que se quer\u00eda de \u00e9l hoy y pasar a tercero en la clasificaci\u00f3n es una recompensa justa. Estamos todav\u00eda en contacto con los que van delante de nosotros en los dos campeonatos con siete carreras para el final. \u00bb<\/p>\n<p>&nbsp;<\/p>\n<p><strong>Imagen:<\/strong> David Sarr\u00f3<\/p>\n<div class=\"sharedaddy sd-sharing-enabled\"><div class=\"robots-nocontent sd-block sd-social sd-social-official sd-sharing\"><h3 class=\"sd-title\">Opciones Sociales:<\/h3><div class=\"sd-content\"><ul><li class=\"share-facebook\"><div class=\"fb-share-button\" data-href=\"http:\/\/www.michael-schumacher.es\/noticias-f1\/2012\/09\/10\/balance-gp-de-italia-monza-2012-lotus\/\" data-layout=\"button_count\"><\/div><\/li><li class=\"share-twitter\"><a href=\"https:\/\/twitter.com\/share\" class=\"twitter-share-button\" data-url=\"http:\/\/www.michael-schumacher.es\/noticias-f1\/2012\/09\/10\/balance-gp-de-italia-monza-2012-lotus\/\" data-text=\"Balance GP de Italia, Monza 2012. Lotus\"  >Tweet<\/a><\/li><li class=\"share-email\"><a rel=\"nofollow noopener noreferrer\" data-shared=\"\" class=\"share-email sd-button\" href=\"http:\/\/www.michael-schumacher.es\/noticias-f1\/2012\/09\/10\/balance-gp-de-italia-monza-2012-lotus\/?share=email\" target=\"_blank\" title=\"Haz clic para enviar por correo electr\u00f3nico a un amigo\"><span>Correo electr\u00f3nico<\/span><\/a><\/li><li class=\"share-end\"><\/li><\/ul><\/div><\/div><\/div>","protected":false},"excerpt":{"rendered":"<p>El equipo Lotus termina en Monza muy satisfechos del gran pilotaje de Kimi Raikkonen, que ha conseguido terminar la carrera en quinta posici\u00f3n, algo superior a lo que el equipo y el piloto pod\u00edan aspirar a conseguir en un circuito que no se adapta bien al E20.<\/p>\n<div class=\"sharedaddy sd-sharing-enabled\"><div class=\"robots-nocontent sd-block sd-social sd-social-official sd-sharing\"><h3 class=\"sd-title\">Opciones Sociales:<\/h3><div class=\"sd-content\"><ul><li class=\"share-facebook\"><div class=\"fb-share-button\" data-href=\"http:\/\/www.michael-schumacher.es\/noticias-f1\/2012\/09\/10\/balance-gp-de-italia-monza-2012-lotus\/\" data-layout=\"button_count\"><\/div><\/li><li class=\"share-twitter\"><a href=\"https:\/\/twitter.com\/share\" class=\"twitter-share-button\" data-url=\"http:\/\/www.michael-schumacher.es\/noticias-f1\/2012\/09\/10\/balance-gp-de-italia-monza-2012-lotus\/\" data-text=\"Balance GP de Italia, Monza 2012. Lotus\"  >Tweet<\/a><\/li><li class=\"share-email\"><a rel=\"nofollow noopener noreferrer\" data-shared=\"\" class=\"share-email sd-button\" href=\"http:\/\/www.michael-schumacher.es\/noticias-f1\/2012\/09\/10\/balance-gp-de-italia-monza-2012-lotus\/?share=email\" target=\"_blank\" title=\"Haz clic para enviar por correo electr\u00f3nico a un amigo\"><span>Correo electr\u00f3nico<\/span><\/a><\/li><li class=\"share-end\"><\/li><\/ul><\/div><\/div><\/div>","protected":false},"author":3,"featured_media":0,"comment_status":"open","ping_status":"open","sticky":false,"template":"","format":"standard","meta":{"_monsterinsights_skip_tracking":false,"_monsterinsights_sitenote_active":false,"_monsterinsights_sitenote_note":"","_monsterinsights_sitenote_category":0,"spay_email":"","jetpack_publicize_message":"","jetpack_is_tweetstorm":false,"jetpack_publicize_feature_enabled":true},"categories":[4,3],"tags":[14,401,64,17,15,6,83,237,81,26,1286,566,24,82],"jetpack_featured_media_url":"","jetpack_publicize_connections":[],"jetpack_sharing_enabled":true,"jetpack_shortlink":"https:\/\/wp.me\/p27q3P-10q","_links":{"self":[{"href":"http:\/\/www.michael-schumacher.es\/noticias-f1\/wp-json\/wp\/v2\/posts\/3870"}],"collection":[{"href":"http:\/\/www.michael-schumacher.es\/noticias-f1\/wp-json\/wp\/v2\/posts"}],"about":[{"href":"http:\/\/www.michael-schumacher.es\/noticias-f1\/wp-json\/wp\/v2\/types\/post"}],"author":[{"embeddable":true,"href":"http:\/\/www.michael-schumacher.es\/noticias-f1\/wp-json\/wp\/v2\/users\/3"}],"replies":[{"embeddable":true,"href":"http:\/\/www.michael-schumacher.es\/noticias-f1\/wp-json\/wp\/v2\/comments?post=3870"}],"version-history":[{"count":0,"href":"http:\/\/www.michael-schumacher.es\/noticias-f1\/wp-json\/wp\/v2\/posts\/3870\/revisions"}],"wp:attachment":[{"href":"http:\/\/www.michael-schumacher.es\/noticias-f1\/wp-json\/wp\/v2\/media?parent=3870"}],"wp:term":[{"taxonomy":"category","embeddable":true,"href":"http:\/\/www.michael-schumacher.es\/noticias-f1\/wp-json\/wp\/v2\/categories?post=3870"},{"taxonomy":"post_tag","embeddable":true,"href":"http:\/\/www.michael-schumacher.es\/noticias-f1\/wp-json\/wp\/v2\/tags?post=3870"}],"curies":[{"name":"wp","href":"https:\/\/api.w.org\/{rel}","templated":true}]}}