{"id":3886,"date":"2012-09-11T01:30:44","date_gmt":"2012-09-10T23:30:44","guid":{"rendered":"http:\/\/www.michael-schumacher.es\/noticias-f1\/?p=3886"},"modified":"2012-09-11T01:30:44","modified_gmt":"2012-09-10T23:30:44","slug":"kubica-sigue-con-la-esperanza-de-volver-a-la-formula-uno-mientras-gana-en-rally","status":"publish","type":"post","link":"http:\/\/www.michael-schumacher.es\/noticias-f1\/2012\/09\/11\/kubica-sigue-con-la-esperanza-de-volver-a-la-formula-uno-mientras-gana-en-rally\/","title":{"rendered":"Kubica sigue con la esperanza de volver a la F\u00f3rmula Uno, mientras gana en Rally"},"content":{"rendered":"<p><a href=\"http:\/\/www.michael-schumacher.es\/noticias-f1\/wp-content\/uploads\/2012\/08\/robert-kubica.jpg\"><img loading=\"lazy\" class=\"alignleft\" title=\"Robert Kubica\" src=\"http:\/\/www.michael-schumacher.es\/noticias-f1\/wp-content\/uploads\/2012\/08\/robert-kubica.jpg\" alt=\"\" width=\"200\" height=\"133\" \/><\/a>Robert Kubica ha vuelto a ponerse al volante de un coche de rally en Italia. El ex piloto de Renault, en este momento sin \u00a0contrato tras su accidente en febrero del a\u00f1o pasado, ya se perdi\u00f3 toda la temporada pasada tras y tras varias cirug\u00edas, Por fin ha reaparecido en una competici\u00f3n participando con un Subaru en el Rally Ronde di Gomitolo evento Lana en el fin de semana del Gran Premio de Italia<\/p>\n<p><!--more--> <!--noteaser--><\/p>\n<p style=\"text-align: center;\">\u00a0<a href=\"http:\/\/www.michael-schumacher.es\/noticias-f1\/wp-content\/uploads\/2012\/08\/robert-kubica.jpg\"><img loading=\"lazy\" class=\"aligncenter\" title=\"Robert Kubica\" src=\"http:\/\/www.michael-schumacher.es\/noticias-f1\/wp-content\/uploads\/2012\/08\/robert-kubica.jpg\" alt=\"\" width=\"638\" height=\"433\" \/><\/a><\/p>\n<p>Robert Kubica ha vuelto a ponerse al volante de un coche de rally en Italia. El ex piloto de Renault, en este momento sin \u00a0contrato tras su accidente en febrero del a\u00f1o pasado, ya se perdi\u00f3 toda la temporada pasada tras y tras varias cirug\u00edas, Por fin ha reaparecido en una competici\u00f3n participando con un Subaru en el Rally Ronde di Gomitolo evento Lana en el fin de semana del Gran Premio de Italia<\/p>\n<p>&nbsp;<\/p>\n<p>Kubica no dio ninguna oportunidad a los conductores locales en 36 kil\u00f3metros logro una ventaja abrumadora de 58 segundos. Kubica recompensado por su conducci\u00f3n espectacular y eficaz, recibiendo los aplausos de los aficionados. En todas partes fue recibido por aplausos y peticiones de aut\u00f3grafo o una foto hasta el final. Robert Kubica dijo en la l\u00ednea de meta<strong>: \u201cEl objetivo se ha logrado. Por supuesto que no me refiero al resultado, sobre todo, quer\u00eda ver c\u00f3mo iba \u00a0mi cuerpo en una ruta del rally corto. El intento fue exitoso y pienso en el siguiente arranque, este fin de semana\u201d.<\/strong><\/p>\n<p>&nbsp;<\/p>\n<p>El piloto Polaco de 27 a\u00f1os, se mostr\u00f3 contento pero seg\u00fan dijo a Sky Italia, su objetivo sigue siendo la F1: <strong>\u201cEstar aqu\u00ed ya es un buen paso, pero yo hubiera preferido estar en otro lugar. Todav\u00eda tengo un largo camino por recorrer y probablemente nunca llegue a estar al mismo nivel f\u00edsico que antes. Pero no tengo intenci\u00f3n de abandonar. El objetivo sigue siendo volver a la F\u00f3rmula Uno y en los pr\u00f3ximos meses se me dir\u00e1 si puedo hacerlo el a\u00f1o que viene o voy a tener que esperar hasta 2014\u201d.<\/strong><\/p>\n<p>&nbsp;<\/p>\n<p>Kubica, que sufri\u00f3 graves lesiones en el brazo y la pierna en el accidente, fue ganador de la carrera con BMW-Sauber y piloto principal de Renault. Se le hab\u00eda vinculado a Ferrari antes del accidente como un posible sustituto para el brasile\u00f1o Felipe Massa.<\/p>\n<p>&nbsp;<\/p>\n<p>Eric Boullier, jefe del equipo Renault, comento hace pocos d\u00edas que su equipo ahora ten\u00eda poco contacto con \u00e9l. <strong>\u00abYo ya hab\u00eda le\u00eddo en la prensa, como usted, que estaba pilotando un poco de los rallyes y en realidad se supone que har\u00e1 \u00a0una reuni\u00f3n la pr\u00f3xima semana o algo as\u00ed, pero no tenemos mucho contacto. Estoy en contacto con su gesti\u00f3n, pero nada m\u00e1s. Yo no he sido informado sobre su estado actual durante mucho tiempo \u201c.<\/strong><\/p>\n<div class=\"sharedaddy sd-sharing-enabled\"><div class=\"robots-nocontent sd-block sd-social sd-social-official sd-sharing\"><h3 class=\"sd-title\">Opciones Sociales:<\/h3><div class=\"sd-content\"><ul><li class=\"share-facebook\"><div class=\"fb-share-button\" data-href=\"http:\/\/www.michael-schumacher.es\/noticias-f1\/2012\/09\/11\/kubica-sigue-con-la-esperanza-de-volver-a-la-formula-uno-mientras-gana-en-rally\/\" data-layout=\"button_count\"><\/div><\/li><li class=\"share-twitter\"><a href=\"https:\/\/twitter.com\/share\" class=\"twitter-share-button\" data-url=\"http:\/\/www.michael-schumacher.es\/noticias-f1\/2012\/09\/11\/kubica-sigue-con-la-esperanza-de-volver-a-la-formula-uno-mientras-gana-en-rally\/\" data-text=\"Kubica sigue con la esperanza de volver a la F\u00f3rmula Uno, mientras gana en Rally\"  >Tweet<\/a><\/li><li class=\"share-email\"><a rel=\"nofollow noopener noreferrer\" data-shared=\"\" class=\"share-email sd-button\" href=\"http:\/\/www.michael-schumacher.es\/noticias-f1\/2012\/09\/11\/kubica-sigue-con-la-esperanza-de-volver-a-la-formula-uno-mientras-gana-en-rally\/?share=email\" target=\"_blank\" title=\"Haz clic para enviar por correo electr\u00f3nico a un amigo\"><span>Correo electr\u00f3nico<\/span><\/a><\/li><li class=\"share-end\"><\/li><\/ul><\/div><\/div><\/div>","protected":false},"excerpt":{"rendered":"<p>Robert Kubica ha vuelto a ponerse al volante de un coche de rally en Italia. El ex piloto de Renault, en este momento sin \u00a0contrato tras su accidente en febrero del a\u00f1o pasado, ya se perdi\u00f3 toda la temporada pasada tras y tras varias cirug\u00edas, Por fin ha reaparecido en una competici\u00f3n participando con un [&hellip;]<\/p>\n<div class=\"sharedaddy sd-sharing-enabled\"><div class=\"robots-nocontent sd-block sd-social sd-social-official sd-sharing\"><h3 class=\"sd-title\">Opciones Sociales:<\/h3><div class=\"sd-content\"><ul><li class=\"share-facebook\"><div class=\"fb-share-button\" data-href=\"http:\/\/www.michael-schumacher.es\/noticias-f1\/2012\/09\/11\/kubica-sigue-con-la-esperanza-de-volver-a-la-formula-uno-mientras-gana-en-rally\/\" data-layout=\"button_count\"><\/div><\/li><li class=\"share-twitter\"><a href=\"https:\/\/twitter.com\/share\" class=\"twitter-share-button\" data-url=\"http:\/\/www.michael-schumacher.es\/noticias-f1\/2012\/09\/11\/kubica-sigue-con-la-esperanza-de-volver-a-la-formula-uno-mientras-gana-en-rally\/\" data-text=\"Kubica sigue con la esperanza de volver a la F\u00f3rmula Uno, mientras gana en Rally\"  >Tweet<\/a><\/li><li class=\"share-email\"><a rel=\"nofollow noopener noreferrer\" data-shared=\"\" class=\"share-email sd-button\" href=\"http:\/\/www.michael-schumacher.es\/noticias-f1\/2012\/09\/11\/kubica-sigue-con-la-esperanza-de-volver-a-la-formula-uno-mientras-gana-en-rally\/?share=email\" target=\"_blank\" title=\"Haz clic para enviar por correo electr\u00f3nico a un amigo\"><span>Correo electr\u00f3nico<\/span><\/a><\/li><li class=\"share-end\"><\/li><\/ul><\/div><\/div><\/div>","protected":false},"author":3,"featured_media":0,"comment_status":"open","ping_status":"open","sticky":false,"template":"","format":"standard","meta":{"_monsterinsights_skip_tracking":false,"_monsterinsights_sitenote_active":false,"_monsterinsights_sitenote_note":"","_monsterinsights_sitenote_category":0,"spay_email":"","jetpack_publicize_message":"","jetpack_is_tweetstorm":false,"jetpack_publicize_feature_enabled":true},"categories":[3],"tags":[373,758,464,700,1292,17,15,237,356,26,409,1293,1065,1294,1295,423,610],"jetpack_featured_media_url":"","jetpack_publicize_connections":[],"jetpack_sharing_enabled":true,"jetpack_shortlink":"https:\/\/wp.me\/p27q3P-10G","_links":{"self":[{"href":"http:\/\/www.michael-schumacher.es\/noticias-f1\/wp-json\/wp\/v2\/posts\/3886"}],"collection":[{"href":"http:\/\/www.michael-schumacher.es\/noticias-f1\/wp-json\/wp\/v2\/posts"}],"about":[{"href":"http:\/\/www.michael-schumacher.es\/noticias-f1\/wp-json\/wp\/v2\/types\/post"}],"author":[{"embeddable":true,"href":"http:\/\/www.michael-schumacher.es\/noticias-f1\/wp-json\/wp\/v2\/users\/3"}],"replies":[{"embeddable":true,"href":"http:\/\/www.michael-schumacher.es\/noticias-f1\/wp-json\/wp\/v2\/comments?post=3886"}],"version-history":[{"count":0,"href":"http:\/\/www.michael-schumacher.es\/noticias-f1\/wp-json\/wp\/v2\/posts\/3886\/revisions"}],"wp:attachment":[{"href":"http:\/\/www.michael-schumacher.es\/noticias-f1\/wp-json\/wp\/v2\/media?parent=3886"}],"wp:term":[{"taxonomy":"category","embeddable":true,"href":"http:\/\/www.michael-schumacher.es\/noticias-f1\/wp-json\/wp\/v2\/categories?post=3886"},{"taxonomy":"post_tag","embeddable":true,"href":"http:\/\/www.michael-schumacher.es\/noticias-f1\/wp-json\/wp\/v2\/tags?post=3886"}],"curies":[{"name":"wp","href":"https:\/\/api.w.org\/{rel}","templated":true}]}}