{"id":3938,"date":"2012-09-12T15:53:10","date_gmt":"2012-09-12T13:53:10","guid":{"rendered":"http:\/\/www.michael-schumacher.es\/noticias-f1\/?p=3938"},"modified":"2012-09-12T15:53:10","modified_gmt":"2012-09-12T13:53:10","slug":"perez-impresiona-a-lauda","status":"publish","type":"post","link":"http:\/\/www.michael-schumacher.es\/noticias-f1\/2012\/09\/12\/perez-impresiona-a-lauda\/","title":{"rendered":"P\u00e9rez impresiona a Lauda"},"content":{"rendered":"<p><a href=\"http:\/\/www.michael-schumacher.es\/noticias-f1\/wp-content\/uploads\/2012\/08\/david_sarro.perez-1-mini.jpg\"><img loading=\"lazy\" class=\"alignleft size-full wp-image-3071\" title=\"Sergio Perez 1 - Miniatura\" src=\"http:\/\/www.michael-schumacher.es\/noticias-f1\/wp-content\/uploads\/2012\/08\/david_sarro.perez-1-mini.jpg\" alt=\"\" width=\"200\" height=\"133\" \/><\/a>Para Niki Lauda el rendimiento de Perez, obviamente no pas\u00f3 desapercibido, tanto es as\u00ed que se quit\u00f3 la gorra en su honor y manifest\u00f3 su gran impresi\u00f3n ante su perfecto pilotaje: <strong>\u201cP\u00e9rez conduc\u00eda como un Dios, sin emoci\u00f3n y cometer errores. Me impresion\u00f3 mucho, como ning\u00fan otro piloto esta temporada\u00bb.<\/strong><\/p>\n<p><!--more--> <!--noteaser--><\/p>\n<p><a href=\"http:\/\/www.michael-schumacher.es\/noticias-f1\/wp-content\/uploads\/2012\/08\/david_sarro.perez-1.jpg\"><img loading=\"lazy\" class=\"aligncenter size-full wp-image-3070\" title=\"Sergio P\u00e9rez\" src=\"http:\/\/www.michael-schumacher.es\/noticias-f1\/wp-content\/uploads\/2012\/08\/david_sarro.perez-1.jpg\" alt=\"\" width=\"600\" height=\"400\" srcset=\"http:\/\/www.michael-schumacher.es\/noticias-f1\/wp-content\/uploads\/2012\/08\/david_sarro.perez-1.jpg 600w, http:\/\/www.michael-schumacher.es\/noticias-f1\/wp-content\/uploads\/2012\/08\/david_sarro.perez-1-300x200.jpg 300w\" sizes=\"(max-width: 600px) 100vw, 600px\" \/><\/a><\/p>\n<p>Para Niki Lauda el rendimiento de Perez, obviamente no pas\u00f3 desapercibido, tanto es as\u00ed que se quit\u00f3 la gorra en su honor y manifest\u00f3 su gran impresi\u00f3n ante su perfecto pilotaje: <strong>\u201cP\u00e9rez conduc\u00eda como un Dios, sin emoci\u00f3n y cometer errores. Me impresion\u00f3 mucho, como ning\u00fan otro piloto esta temporada\u00bb.<\/strong><\/p>\n<p>&nbsp;<\/p>\n<p>Muchos rumores colocan a Sergio P\u00e9rez para reemplazar a Felipe Massa en Ferrari, ahora tambi\u00e9n lo situan en \u00a0McLaren, si \u00a0Lewis Hamilton decide no renovar, pero Lauda no quiso entrar en esos rumores: \u201c<strong>Est\u00e1 claro que Sergio P\u00e9rez tiene el potencial para hacer grandes cosas, pero esto no es una raz\u00f3n para m\u00ed de hacer comentarios sobre los rumores que han nacido en Internet\u00bb.<\/strong><\/p>\n<p>&nbsp;<\/p>\n<p>El triple campe\u00f3n del mundo austriaco, Lauda, tambi\u00e9n se muestra impresionado con el equipo Sauber sin un muy competitivo Sergio P\u00e9rez habr\u00eda tenido m\u00e1s dif\u00edcil destacar en esta temporada: <strong>\u00abEste es un coche simple y todos los equipos deber\u00edan seguir el ejemplo de la calidad suiza. Adem\u00e1s, Monisha Kaltenborn a la cabeza del equipo y se trata de una persona que controla todo. Me quito mi sombrero, tambi\u00e9n con ella\u201d.<\/strong><\/p>\n<p>&nbsp;<\/p>\n<p>La \u00a0directora de la escuder\u00eda Sauber, Monisha Kaltenborn, cree que la victoria es posible para su equipo: <strong>\u00abNo podemos estar seguros de que vamos a ganar porque tenemos que hacer todo a la perfecci\u00f3n para terminar una carrera en primer lugar, pero creo que estamos muy lejos. Si somos capaces de terminar un Gran Premio sin cometer ning\u00fan error, as\u00ed estoy segura de que podemos hacerlo\u201d.<\/strong><\/p>\n<p>&nbsp;<\/p>\n<p><strong>Imagen:<\/strong> David Sarr\u00f3<\/p>\n<div class=\"sharedaddy sd-sharing-enabled\"><div class=\"robots-nocontent sd-block sd-social sd-social-official sd-sharing\"><h3 class=\"sd-title\">Opciones Sociales:<\/h3><div class=\"sd-content\"><ul><li class=\"share-facebook\"><div class=\"fb-share-button\" data-href=\"http:\/\/www.michael-schumacher.es\/noticias-f1\/2012\/09\/12\/perez-impresiona-a-lauda\/\" data-layout=\"button_count\"><\/div><\/li><li class=\"share-twitter\"><a href=\"https:\/\/twitter.com\/share\" class=\"twitter-share-button\" data-url=\"http:\/\/www.michael-schumacher.es\/noticias-f1\/2012\/09\/12\/perez-impresiona-a-lauda\/\" data-text=\"P\u00e9rez impresiona a Lauda\"  >Tweet<\/a><\/li><li class=\"share-email\"><a rel=\"nofollow noopener noreferrer\" data-shared=\"\" class=\"share-email sd-button\" href=\"http:\/\/www.michael-schumacher.es\/noticias-f1\/2012\/09\/12\/perez-impresiona-a-lauda\/?share=email\" target=\"_blank\" title=\"Haz clic para enviar por correo electr\u00f3nico a un amigo\"><span>Correo electr\u00f3nico<\/span><\/a><\/li><li class=\"share-end\"><\/li><\/ul><\/div><\/div><\/div>","protected":false},"excerpt":{"rendered":"<p>Para Niki Lauda el rendimiento de Perez, obviamente no pas\u00f3 desapercibido, tanto es as\u00ed que se quit\u00f3 la gorra en su honor y manifest\u00f3 su gran impresi\u00f3n ante su perfecto pilotaje: \u201cP\u00e9rez conduc\u00eda como un Dios, sin emoci\u00f3n y cometer errores. Me impresion\u00f3 mucho, como ning\u00fan otro piloto esta temporada\u00bb.<\/p>\n<div class=\"sharedaddy sd-sharing-enabled\"><div class=\"robots-nocontent sd-block sd-social sd-social-official sd-sharing\"><h3 class=\"sd-title\">Opciones Sociales:<\/h3><div class=\"sd-content\"><ul><li class=\"share-facebook\"><div class=\"fb-share-button\" data-href=\"http:\/\/www.michael-schumacher.es\/noticias-f1\/2012\/09\/12\/perez-impresiona-a-lauda\/\" data-layout=\"button_count\"><\/div><\/li><li class=\"share-twitter\"><a href=\"https:\/\/twitter.com\/share\" class=\"twitter-share-button\" data-url=\"http:\/\/www.michael-schumacher.es\/noticias-f1\/2012\/09\/12\/perez-impresiona-a-lauda\/\" data-text=\"P\u00e9rez impresiona a Lauda\"  >Tweet<\/a><\/li><li class=\"share-email\"><a rel=\"nofollow noopener noreferrer\" data-shared=\"\" class=\"share-email sd-button\" href=\"http:\/\/www.michael-schumacher.es\/noticias-f1\/2012\/09\/12\/perez-impresiona-a-lauda\/?share=email\" target=\"_blank\" title=\"Haz clic para enviar por correo electr\u00f3nico a un amigo\"><span>Correo electr\u00f3nico<\/span><\/a><\/li><li class=\"share-end\"><\/li><\/ul><\/div><\/div><\/div>","protected":false},"author":3,"featured_media":0,"comment_status":"open","ping_status":"open","sticky":false,"template":"","format":"standard","meta":{"_monsterinsights_skip_tracking":false,"_monsterinsights_sitenote_active":false,"_monsterinsights_sitenote_note":"","_monsterinsights_sitenote_category":0,"spay_email":"","jetpack_publicize_message":"","jetpack_is_tweetstorm":false,"jetpack_publicize_feature_enabled":true},"categories":[3],"tags":[1312,381,17,15,6,743,237,549,548,90,1310,86,623,89,1311,1313,187],"jetpack_featured_media_url":"","jetpack_publicize_connections":[],"jetpack_sharing_enabled":true,"jetpack_shortlink":"https:\/\/wp.me\/p27q3P-11w","_links":{"self":[{"href":"http:\/\/www.michael-schumacher.es\/noticias-f1\/wp-json\/wp\/v2\/posts\/3938"}],"collection":[{"href":"http:\/\/www.michael-schumacher.es\/noticias-f1\/wp-json\/wp\/v2\/posts"}],"about":[{"href":"http:\/\/www.michael-schumacher.es\/noticias-f1\/wp-json\/wp\/v2\/types\/post"}],"author":[{"embeddable":true,"href":"http:\/\/www.michael-schumacher.es\/noticias-f1\/wp-json\/wp\/v2\/users\/3"}],"replies":[{"embeddable":true,"href":"http:\/\/www.michael-schumacher.es\/noticias-f1\/wp-json\/wp\/v2\/comments?post=3938"}],"version-history":[{"count":0,"href":"http:\/\/www.michael-schumacher.es\/noticias-f1\/wp-json\/wp\/v2\/posts\/3938\/revisions"}],"wp:attachment":[{"href":"http:\/\/www.michael-schumacher.es\/noticias-f1\/wp-json\/wp\/v2\/media?parent=3938"}],"wp:term":[{"taxonomy":"category","embeddable":true,"href":"http:\/\/www.michael-schumacher.es\/noticias-f1\/wp-json\/wp\/v2\/categories?post=3938"},{"taxonomy":"post_tag","embeddable":true,"href":"http:\/\/www.michael-schumacher.es\/noticias-f1\/wp-json\/wp\/v2\/tags?post=3938"}],"curies":[{"name":"wp","href":"https:\/\/api.w.org\/{rel}","templated":true}]}}