{"id":3977,"date":"2012-09-14T15:38:21","date_gmt":"2012-09-14T13:38:21","guid":{"rendered":"http:\/\/www.michael-schumacher.es\/noticias-f1\/?p=3977"},"modified":"2012-09-14T15:38:21","modified_gmt":"2012-09-14T13:38:21","slug":"la-yamimoto-hrt-presentada-por-dani-clos","status":"publish","type":"post","link":"http:\/\/www.michael-schumacher.es\/noticias-f1\/2012\/09\/14\/la-yamimoto-hrt-presentada-por-dani-clos\/","title":{"rendered":"La Yamimoto-HRT presentada por Dani Clos"},"content":{"rendered":"<p><a href=\"http:\/\/www.michael-schumacher.es\/noticias-f1\/wp-content\/uploads\/2012\/09\/yamimoto-hrt-dani-clos-paula-vazquez.jpg\"><img loading=\"lazy\" class=\"alignleft\" title=\"Yamimoto HRT -  Dani Clos  Paula Vazquez\" src=\"http:\/\/www.michael-schumacher.es\/noticias-f1\/wp-content\/uploads\/2012\/09\/yamimoto-hrt-dani-clos-paula-vazquez.jpg\" alt=\"\" width=\"200\" height=\"120\" \/><\/a>Fue en la\u00a0 Caja M\u00e1gica donde se realiz\u00f3 la presentaci\u00f3n oficial y lanzamiento de la\u00a0 bicicleta el\u00e9ctrica por Yamimoto edici\u00f3n especial de HRT Formula 1 Team, Dani clos el piloto de pruebas, del equipo HRT fue el encargado de dicha presentaci\u00f3n junto a la presentadora de televisi\u00f3n espa\u00f1ola Paula V\u00e1zquez, elegida \u00a0como imagen de la marca de bicicletas el\u00e9ctricas.<\/p>\n<p><!--more--> <!--noteaser--><\/p>\n<p><a href=\"http:\/\/www.michael-schumacher.es\/noticias-f1\/wp-content\/uploads\/2012\/09\/yamimoto-hrt-dani-clos-paula-vazquez.jpg\"><img loading=\"lazy\" class=\"aligncenter size-full wp-image-3981\" title=\"Yamimoto HRT -  Dani Clos  Paula Vazquez\" src=\"http:\/\/www.michael-schumacher.es\/noticias-f1\/wp-content\/uploads\/2012\/09\/yamimoto-hrt-dani-clos-paula-vazquez.jpg\" alt=\"\" width=\"520\" height=\"310\" srcset=\"http:\/\/www.michael-schumacher.es\/noticias-f1\/wp-content\/uploads\/2012\/09\/yamimoto-hrt-dani-clos-paula-vazquez.jpg 520w, http:\/\/www.michael-schumacher.es\/noticias-f1\/wp-content\/uploads\/2012\/09\/yamimoto-hrt-dani-clos-paula-vazquez-300x178.jpg 300w\" sizes=\"(max-width: 520px) 100vw, 520px\" \/><\/a><\/p>\n<p>Fue en la\u00a0 Caja M\u00e1gica donde se realiz\u00f3 la presentaci\u00f3n oficial y lanzamiento de la\u00a0 bicicleta el\u00e9ctrica por Yamimoto edici\u00f3n especial de HRT Formula 1 Team, Dani clos el piloto de pruebas, del equipo HRT fue el encargado de dicha presentaci\u00f3n junto a la presentadora de televisi\u00f3n espa\u00f1ola Paula V\u00e1zquez, elegida \u00a0como imagen de la marca de bicicletas el\u00e9ctricas.<\/p>\n<p>&nbsp;<\/p>\n<p>La Yamimoto-HRT fabricada con materiales de alta gama como frenos hidr\u00e1ulicos \u00abiguales que los de una moto\u00bb, y lleva la bater\u00eda integrada en el cuadro, gesti\u00f3n electr\u00f3nica y ruedas deportivas. Con lo que aparenta ser un modelo plegable normal, con la est\u00e9tica de la F\u00f3rmula 1 es la apuesta de la marca Yamimoto en su colaboraci\u00f3n con la escuder\u00eda espa\u00f1ola HRT. Un modelo exclusivo dise\u00f1ado para el equipo, aunque estar\u00e1 disponible para el p\u00fablico en una edici\u00f3n limitada. Los pedidos ya se pueden hacer en los 50 puntos de venta que Yamimoto tiene en Espa\u00f1a, dentro de dos meses estar\u00e1 disponible.<\/p>\n<p>&nbsp;<\/p>\n<p><strong>Manuel Mu\u00f1iz, director general de Yamimoto<\/strong>: \u00abEn primer lugar quiero dar las gracias a nuestros amigos de HRT Formula 1 por acoger el evento de hoy, pero m\u00e1s a\u00fan por haber confiado en Yamimoto como sus compa\u00f1eros de viaje en esta aventura de la movilidad sostenible. Nos sentimos muy orgullosos y honrados de que han demostrado su fe en la movilidad sostenible y Yamimoto como una empresa espa\u00f1ola joven e innovadora. Los valores que compartimos con HRT Formula 1 Team. Como resultado de esta colaboraci\u00f3n, la idea lleg\u00f3 a desarrollar una edici\u00f3n limitada de bicicletas el\u00e9ctricas para el equipo que cumplieron con los valores y aspectos t\u00e9cnicos necesarios para una bicicleta de estas caracter\u00edsticas. Hemos pasado meses trabajando juntos para lograr este resultado que estamos muy satisfechos y que esperamos sea del agrado de todos\u201d.<\/p>\n<p>&nbsp;<\/p>\n<p><strong>David Mancebo, Director de Marketing y Patrocinio, HRT Formula 1 Team<\/strong>: \u00abCuando empezamos nuestra relaci\u00f3n con Yamimoto , HRT Formula 1 Team est\u00e1bamos pasando por una fase inicial, ya que no ten\u00edamos la dimensi\u00f3n que se puede ver ahora. Y es por eso que estamos m\u00e1s agradecidos, si es posible, a Yamimoto para confiar en nosotros, creer en este proyecto y abrir \u00a0una categor\u00eda importante como la movilidad sostenible, lo cual es muy importante hoy en d\u00eda en la F\u00f3rmula 1. Nuestra relaci\u00f3n es muy buena y estamos muy contentos de haber colaborado con Yamimoto en este proyecto que hoy ve la luz por primera vez. \u00bb<\/p>\n<p>&nbsp;<\/p>\n<p><strong>Paula V\u00e1zquez, presentadora e \u00a0la imagen de Yamimoto:<\/strong> \u00abMi relaci\u00f3n con Yamimoto comenz\u00f3 el a\u00f1o que me fui a hacer el Camino de Santiago con unos amigos. Fue todo un \u00e9xito y una experiencia incre\u00edble, ya que pudimos disfrutar del Camino y las diferentes paradas. Ese primer contacto se ha convertido en una relaci\u00f3n formal ya que compartimos muchos valores y me siento orgullosa de ayudar a difundir las ventajas de la movilidad el\u00e9ctrica y una marca espa\u00f1ola como Yamimoto. El hecho de hacerlo en la presentaci\u00f3n de su modelo edici\u00f3n limitada HRT Formula 1 Team lo hace todav\u00eda m\u00e1s especial\u201d.<\/p>\n<p>&nbsp;<\/p>\n<p>La bicicleta Yamimoto-HRT se va a exhibir este fin de semana en el festival nacional bicicleta \u00abFestibike\u00bb, en el stand Yamimoto en Las Rozas, Madrid.<\/p>\n<div class=\"sharedaddy sd-sharing-enabled\"><div class=\"robots-nocontent sd-block sd-social sd-social-official sd-sharing\"><h3 class=\"sd-title\">Opciones Sociales:<\/h3><div class=\"sd-content\"><ul><li class=\"share-facebook\"><div class=\"fb-share-button\" data-href=\"http:\/\/www.michael-schumacher.es\/noticias-f1\/2012\/09\/14\/la-yamimoto-hrt-presentada-por-dani-clos\/\" data-layout=\"button_count\"><\/div><\/li><li class=\"share-twitter\"><a href=\"https:\/\/twitter.com\/share\" class=\"twitter-share-button\" data-url=\"http:\/\/www.michael-schumacher.es\/noticias-f1\/2012\/09\/14\/la-yamimoto-hrt-presentada-por-dani-clos\/\" data-text=\"La Yamimoto-HRT presentada por Dani Clos\"  >Tweet<\/a><\/li><li class=\"share-email\"><a rel=\"nofollow noopener noreferrer\" data-shared=\"\" class=\"share-email sd-button\" href=\"http:\/\/www.michael-schumacher.es\/noticias-f1\/2012\/09\/14\/la-yamimoto-hrt-presentada-por-dani-clos\/?share=email\" target=\"_blank\" title=\"Haz clic para enviar por correo electr\u00f3nico a un amigo\"><span>Correo electr\u00f3nico<\/span><\/a><\/li><li class=\"share-end\"><\/li><\/ul><\/div><\/div><\/div>","protected":false},"excerpt":{"rendered":"<p>Fue en la\u00a0 Caja M\u00e1gica donde se realiz\u00f3 la presentaci\u00f3n oficial y lanzamiento de la\u00a0 bicicleta el\u00e9ctrica por Yamimoto edici\u00f3n especial de HRT Formula 1 Team, Dani clos el piloto de pruebas, del equipo HRT fue el encargado de dicha presentaci\u00f3n junto a la presentadora de televisi\u00f3n espa\u00f1ola Paula V\u00e1zquez, elegida \u00a0como imagen de la [&hellip;]<\/p>\n<div class=\"sharedaddy sd-sharing-enabled\"><div class=\"robots-nocontent sd-block sd-social sd-social-official sd-sharing\"><h3 class=\"sd-title\">Opciones Sociales:<\/h3><div class=\"sd-content\"><ul><li class=\"share-facebook\"><div class=\"fb-share-button\" data-href=\"http:\/\/www.michael-schumacher.es\/noticias-f1\/2012\/09\/14\/la-yamimoto-hrt-presentada-por-dani-clos\/\" data-layout=\"button_count\"><\/div><\/li><li class=\"share-twitter\"><a href=\"https:\/\/twitter.com\/share\" class=\"twitter-share-button\" data-url=\"http:\/\/www.michael-schumacher.es\/noticias-f1\/2012\/09\/14\/la-yamimoto-hrt-presentada-por-dani-clos\/\" data-text=\"La Yamimoto-HRT presentada por Dani Clos\"  >Tweet<\/a><\/li><li class=\"share-email\"><a rel=\"nofollow noopener noreferrer\" data-shared=\"\" class=\"share-email sd-button\" href=\"http:\/\/www.michael-schumacher.es\/noticias-f1\/2012\/09\/14\/la-yamimoto-hrt-presentada-por-dani-clos\/?share=email\" target=\"_blank\" title=\"Haz clic para enviar por correo electr\u00f3nico a un amigo\"><span>Correo electr\u00f3nico<\/span><\/a><\/li><li class=\"share-end\"><\/li><\/ul><\/div><\/div><\/div>","protected":false},"author":3,"featured_media":0,"comment_status":"open","ping_status":"open","sticky":false,"template":"","format":"standard","meta":{"_monsterinsights_skip_tracking":false,"_monsterinsights_sitenote_active":false,"_monsterinsights_sitenote_note":"","_monsterinsights_sitenote_category":0,"spay_email":"","jetpack_publicize_message":"","jetpack_is_tweetstorm":false,"jetpack_publicize_feature_enabled":true},"categories":[3],"tags":[1339,1338,398,1343,369,1341,17,15,75,1340,1336,1342,1337,1335],"jetpack_featured_media_url":"","jetpack_publicize_connections":[],"jetpack_sharing_enabled":true,"jetpack_shortlink":"https:\/\/wp.me\/p27q3P-129","_links":{"self":[{"href":"http:\/\/www.michael-schumacher.es\/noticias-f1\/wp-json\/wp\/v2\/posts\/3977"}],"collection":[{"href":"http:\/\/www.michael-schumacher.es\/noticias-f1\/wp-json\/wp\/v2\/posts"}],"about":[{"href":"http:\/\/www.michael-schumacher.es\/noticias-f1\/wp-json\/wp\/v2\/types\/post"}],"author":[{"embeddable":true,"href":"http:\/\/www.michael-schumacher.es\/noticias-f1\/wp-json\/wp\/v2\/users\/3"}],"replies":[{"embeddable":true,"href":"http:\/\/www.michael-schumacher.es\/noticias-f1\/wp-json\/wp\/v2\/comments?post=3977"}],"version-history":[{"count":0,"href":"http:\/\/www.michael-schumacher.es\/noticias-f1\/wp-json\/wp\/v2\/posts\/3977\/revisions"}],"wp:attachment":[{"href":"http:\/\/www.michael-schumacher.es\/noticias-f1\/wp-json\/wp\/v2\/media?parent=3977"}],"wp:term":[{"taxonomy":"category","embeddable":true,"href":"http:\/\/www.michael-schumacher.es\/noticias-f1\/wp-json\/wp\/v2\/categories?post=3977"},{"taxonomy":"post_tag","embeddable":true,"href":"http:\/\/www.michael-schumacher.es\/noticias-f1\/wp-json\/wp\/v2\/tags?post=3977"}],"curies":[{"name":"wp","href":"https:\/\/api.w.org\/{rel}","templated":true}]}}