{"id":4170,"date":"2012-09-20T16:25:42","date_gmt":"2012-09-20T14:25:42","guid":{"rendered":"http:\/\/www.michael-schumacher.es\/noticias-f1\/?p=4170"},"modified":"2012-09-20T16:25:42","modified_gmt":"2012-09-20T14:25:42","slug":"la-f1-rinde-homenaje-a-sid-watkins-en-singapur","status":"publish","type":"post","link":"http:\/\/www.michael-schumacher.es\/noticias-f1\/2012\/09\/20\/la-f1-rinde-homenaje-a-sid-watkins-en-singapur\/","title":{"rendered":"La F1 rinde homenaje a  Sid Watkins en Singapur"},"content":{"rendered":"<p><a href=\"http:\/\/www.michael-schumacher.es\/noticias-f1\/wp-content\/uploads\/2012\/09\/Watkins-Sid-F1.jpg\"><img loading=\"lazy\" class=\"alignleft\" title=\"Watkins-Sid-F1\" src=\"http:\/\/www.michael-schumacher.es\/noticias-f1\/wp-content\/uploads\/2012\/09\/Watkins-Sid-F1.jpg\" alt=\"\" width=\"200\" height=\"120\" \/><\/a>El fallecimiento del doctor Sid Watkins se ha sentido profundamente en la F\u00f3rmula 1, el profesor ha sido parte activa de la F1 durante 30, mejorando y vigilando la seguridad de los pilotos y siendo el primero que estaba all\u00ed para atenderlos en los accidentes. Este fin de semana se le rinde homenaje en Singapur, \u00a0la FIA ha anunciado un minuto de aplausos en su honor, como recuerdo de Watkins que se llevar\u00e1n a cabo en la parrilla de salida del Gran Premio.<\/p>\n<p><!--more--> <!--noteaser--><\/p>\n<p><a href=\"http:\/\/www.michael-schumacher.es\/noticias-f1\/wp-content\/uploads\/2012\/09\/Watkins-Sid-F1.jpg\"><img loading=\"lazy\" class=\"aligncenter size-full wp-image-3962\" title=\"Watkins-Sid-F1\" src=\"http:\/\/www.michael-schumacher.es\/noticias-f1\/wp-content\/uploads\/2012\/09\/Watkins-Sid-F1.jpg\" alt=\"\" width=\"640\" height=\"384\" srcset=\"http:\/\/www.michael-schumacher.es\/noticias-f1\/wp-content\/uploads\/2012\/09\/Watkins-Sid-F1.jpg 640w, http:\/\/www.michael-schumacher.es\/noticias-f1\/wp-content\/uploads\/2012\/09\/Watkins-Sid-F1-300x180.jpg 300w\" sizes=\"(max-width: 640px) 100vw, 640px\" \/><\/a><\/p>\n<p>El fallecimiento del doctor Sid Watkins se ha sentido profundamente en la F\u00f3rmula 1, el profesor ha sido parte activa de la F1 durante 30, mejorando y vigilando la seguridad de los pilotos y siendo el primero que estaba all\u00ed para atenderlos en los accidentes. Este fin de semana se le rinde homenaje en Singapur, \u00a0la FIA ha anunciado un minuto de aplausos en su honor, como recuerdo de Watkins que se llevar\u00e1n a cabo en la parrilla de salida del Gran Premio.<\/p>\n<p>&nbsp;<\/p>\n<p>En el paddock la FIA tambi\u00e9n pondr\u00e1 a disposici\u00f3n un libro de visitas en memoria de Watkins, \u00a0quien ha sido tan importante para la seguridad de la F1. \u00a0Cada miembro de la F1 ser\u00e1 invitado \u00a0a dejar un mensaje en este libro, que ser\u00e1 entregado a la familia tras el Gran Premio. El libro se situara cerca de una estatua de bronce del busto de Watkins, la estatua fue encargada el a\u00f1o pasado cuando se retir\u00f3 de la presidencia del Instituto FIA.<\/p>\n<p>&nbsp;<\/p>\n<p>&nbsp;<\/p>\n<div class=\"sharedaddy sd-sharing-enabled\"><div class=\"robots-nocontent sd-block sd-social sd-social-official sd-sharing\"><h3 class=\"sd-title\">Opciones Sociales:<\/h3><div class=\"sd-content\"><ul><li class=\"share-facebook\"><div class=\"fb-share-button\" data-href=\"http:\/\/www.michael-schumacher.es\/noticias-f1\/2012\/09\/20\/la-f1-rinde-homenaje-a-sid-watkins-en-singapur\/\" data-layout=\"button_count\"><\/div><\/li><li class=\"share-twitter\"><a href=\"https:\/\/twitter.com\/share\" class=\"twitter-share-button\" data-url=\"http:\/\/www.michael-schumacher.es\/noticias-f1\/2012\/09\/20\/la-f1-rinde-homenaje-a-sid-watkins-en-singapur\/\" data-text=\"La F1 rinde homenaje a  Sid Watkins en Singapur\"  >Tweet<\/a><\/li><li class=\"share-email\"><a rel=\"nofollow noopener noreferrer\" data-shared=\"\" class=\"share-email sd-button\" href=\"http:\/\/www.michael-schumacher.es\/noticias-f1\/2012\/09\/20\/la-f1-rinde-homenaje-a-sid-watkins-en-singapur\/?share=email\" target=\"_blank\" title=\"Haz clic para enviar por correo electr\u00f3nico a un amigo\"><span>Correo electr\u00f3nico<\/span><\/a><\/li><li class=\"share-end\"><\/li><\/ul><\/div><\/div><\/div>","protected":false},"excerpt":{"rendered":"<p>El fallecimiento del doctor Sid Watkins se ha sentido profundamente en la F\u00f3rmula 1, el profesor ha sido parte activa de la F1 durante 30, mejorando y vigilando la seguridad de los pilotos y siendo el primero que estaba all\u00ed para atenderlos en los accidentes. Este fin de semana se le rinde homenaje en Singapur, [&hellip;]<\/p>\n<div class=\"sharedaddy sd-sharing-enabled\"><div class=\"robots-nocontent sd-block sd-social sd-social-official sd-sharing\"><h3 class=\"sd-title\">Opciones Sociales:<\/h3><div class=\"sd-content\"><ul><li class=\"share-facebook\"><div class=\"fb-share-button\" data-href=\"http:\/\/www.michael-schumacher.es\/noticias-f1\/2012\/09\/20\/la-f1-rinde-homenaje-a-sid-watkins-en-singapur\/\" data-layout=\"button_count\"><\/div><\/li><li class=\"share-twitter\"><a href=\"https:\/\/twitter.com\/share\" class=\"twitter-share-button\" data-url=\"http:\/\/www.michael-schumacher.es\/noticias-f1\/2012\/09\/20\/la-f1-rinde-homenaje-a-sid-watkins-en-singapur\/\" data-text=\"La F1 rinde homenaje a  Sid Watkins en Singapur\"  >Tweet<\/a><\/li><li class=\"share-email\"><a rel=\"nofollow noopener noreferrer\" data-shared=\"\" class=\"share-email sd-button\" href=\"http:\/\/www.michael-schumacher.es\/noticias-f1\/2012\/09\/20\/la-f1-rinde-homenaje-a-sid-watkins-en-singapur\/?share=email\" target=\"_blank\" title=\"Haz clic para enviar por correo electr\u00f3nico a un amigo\"><span>Correo electr\u00f3nico<\/span><\/a><\/li><li class=\"share-end\"><\/li><\/ul><\/div><\/div><\/div>","protected":false},"author":3,"featured_media":0,"comment_status":"open","ping_status":"open","sticky":false,"template":"","format":"standard","meta":{"_monsterinsights_skip_tracking":false,"_monsterinsights_sitenote_active":false,"_monsterinsights_sitenote_note":"","_monsterinsights_sitenote_category":0,"spay_email":"","jetpack_publicize_message":"","jetpack_is_tweetstorm":false,"jetpack_publicize_feature_enabled":true},"categories":[3],"tags":[1426,17,483,15,6,311,1331,1427,883,125,1349,503,312,1325],"jetpack_featured_media_url":"","jetpack_publicize_connections":[],"jetpack_sharing_enabled":true,"jetpack_shortlink":"https:\/\/wp.me\/p27q3P-15g","_links":{"self":[{"href":"http:\/\/www.michael-schumacher.es\/noticias-f1\/wp-json\/wp\/v2\/posts\/4170"}],"collection":[{"href":"http:\/\/www.michael-schumacher.es\/noticias-f1\/wp-json\/wp\/v2\/posts"}],"about":[{"href":"http:\/\/www.michael-schumacher.es\/noticias-f1\/wp-json\/wp\/v2\/types\/post"}],"author":[{"embeddable":true,"href":"http:\/\/www.michael-schumacher.es\/noticias-f1\/wp-json\/wp\/v2\/users\/3"}],"replies":[{"embeddable":true,"href":"http:\/\/www.michael-schumacher.es\/noticias-f1\/wp-json\/wp\/v2\/comments?post=4170"}],"version-history":[{"count":0,"href":"http:\/\/www.michael-schumacher.es\/noticias-f1\/wp-json\/wp\/v2\/posts\/4170\/revisions"}],"wp:attachment":[{"href":"http:\/\/www.michael-schumacher.es\/noticias-f1\/wp-json\/wp\/v2\/media?parent=4170"}],"wp:term":[{"taxonomy":"category","embeddable":true,"href":"http:\/\/www.michael-schumacher.es\/noticias-f1\/wp-json\/wp\/v2\/categories?post=4170"},{"taxonomy":"post_tag","embeddable":true,"href":"http:\/\/www.michael-schumacher.es\/noticias-f1\/wp-json\/wp\/v2\/tags?post=4170"}],"curies":[{"name":"wp","href":"https:\/\/api.w.org\/{rel}","templated":true}]}}