{"id":4177,"date":"2012-09-20T16:53:07","date_gmt":"2012-09-20T14:53:07","guid":{"rendered":"http:\/\/www.michael-schumacher.es\/noticias-f1\/?p=4177"},"modified":"2012-09-20T16:53:07","modified_gmt":"2012-09-20T14:53:07","slug":"perez-niega-ofertas-de-equipos-grandes","status":"publish","type":"post","link":"http:\/\/www.michael-schumacher.es\/noticias-f1\/2012\/09\/20\/perez-niega-ofertas-de-equipos-grandes\/","title":{"rendered":"P\u00e9rez niega ofertas de equipos grandes"},"content":{"rendered":"<p><a href=\"http:\/\/www.michael-schumacher.es\/noticias-f1\/wp-content\/uploads\/2012\/09\/sergio-perez-2-mini.jpg\"><img loading=\"lazy\" class=\"alignleft size-full wp-image-4053\" title=\"Sergio P\u00e9rez 2 - Miniatura\" src=\"http:\/\/www.michael-schumacher.es\/noticias-f1\/wp-content\/uploads\/2012\/09\/sergio-perez-2-mini.jpg\" alt=\"\" width=\"200\" height=\"133\" \/><\/a>Sin duda Perez, es uno de los protagonistas m\u00e1s activo de los rumores del Baile de pilotos, algo t\u00edpico a estas alturas de la temporada, \u00a0mucho m\u00e1s despu\u00e9s de su excelente \u00a0actuaci\u00f3n en Monza, donde fue el art\u00edfice de la mejor carrera y mayor remontada del Gran Premio de Italia, finalizando en segundo lugar.<\/p>\n<p><!--more--> <!--noteaser--><\/p>\n<p><a href=\"http:\/\/www.michael-schumacher.es\/noticias-f1\/wp-content\/uploads\/2012\/09\/sergio-perez-2.jpg\"><img loading=\"lazy\" class=\"aligncenter size-full wp-image-4052\" title=\"Sergio P\u00e9rez 2\" src=\"http:\/\/www.michael-schumacher.es\/noticias-f1\/wp-content\/uploads\/2012\/09\/sergio-perez-2.jpg\" alt=\"\" width=\"600\" height=\"400\" srcset=\"http:\/\/www.michael-schumacher.es\/noticias-f1\/wp-content\/uploads\/2012\/09\/sergio-perez-2.jpg 600w, http:\/\/www.michael-schumacher.es\/noticias-f1\/wp-content\/uploads\/2012\/09\/sergio-perez-2-300x200.jpg 300w\" sizes=\"(max-width: 600px) 100vw, 600px\" \/><\/a><\/p>\n<p>Sin duda Perez, es uno de los protagonistas m\u00e1s activo de los rumores del Baile de pilotos, algo t\u00edpico a estas alturas de la temporada, \u00a0mucho m\u00e1s despu\u00e9s de su excelente \u00a0actuaci\u00f3n en Monza, donde fue el art\u00edfice de la mejor carrera y mayor remontada del Gran Premio de Italia, finalizando en segundo lugar.<\/p>\n<p>&nbsp;<\/p>\n<p>Primero fue Ferrari, posteriormente Mclaren, pero el piloto Mexicano Sergio Perez niega esos contactos: <strong>\u201cNo ha sido as\u00ed. En la posici\u00f3n en que estoy, cuando tengo un buen resultado logrando puntos o que a veces soy capaz de conseguir algunos podios, siempre es el momento en que comienzan los rumores. Entonces, cuando usted tiene una buena carrera, hay m\u00e1s rumores. As\u00ed que en ese sentido, no estoy preocupado. Yo s\u00e9 que tengo un coche muy fuerte para los pr\u00f3ximos siete carreras, as\u00ed que espero que podamos conseguir buenos resultados\u201d.<\/strong><\/p>\n<p>&nbsp;<\/p>\n<p>Sergio es consciente de que los rumores son una parte del juego y simplemente se centra en hacer un buen trabajo con su coche: <strong>\u00abHay tantos rumores. Antes era Ferrari. Ahora es el McLaren. Siempre es as\u00ed que cuando tengo una buena carrera, se me pone en un equipo diferente. Pero lo m\u00e1s importante es seguir haciendo un buen trabajo y aprovechar al m\u00e1ximo el potencial que tenemos para las pr\u00f3ximas carreras\u201d.<\/strong><\/p>\n<p>&nbsp;<\/p>\n<p>Aunque hace unos d\u00edas, \u00a0Luca di Montezemolo, presidente de Ferrari, descarto el fichaje de Perez porque en su opini\u00f3n no ten\u00eda suficiente experiencia para Ferrari, el piloto mexicano respeta la opini\u00f3n de Montezemolo: <strong>\u00abRespeto plenamente su opini\u00f3n. Para ser un piloto de Ferrari probablemente se necesita m\u00e1s experiencia. Es apenas mi segundo a\u00f1o en la F\u00f3rmula Uno, pero me siento preparado como para hacer un buen trabajo con un equipo grande, para luchar por el campeonato. En ese sentido me siento preparado\u00bb.<\/strong><\/p>\n<p>&nbsp;<\/p>\n<p><strong>Imagen:<\/strong> David Sarr\u00f3<\/p>\n<div class=\"sharedaddy sd-sharing-enabled\"><div class=\"robots-nocontent sd-block sd-social sd-social-official sd-sharing\"><h3 class=\"sd-title\">Opciones Sociales:<\/h3><div class=\"sd-content\"><ul><li class=\"share-facebook\"><div class=\"fb-share-button\" data-href=\"http:\/\/www.michael-schumacher.es\/noticias-f1\/2012\/09\/20\/perez-niega-ofertas-de-equipos-grandes\/\" data-layout=\"button_count\"><\/div><\/li><li class=\"share-twitter\"><a href=\"https:\/\/twitter.com\/share\" class=\"twitter-share-button\" data-url=\"http:\/\/www.michael-schumacher.es\/noticias-f1\/2012\/09\/20\/perez-niega-ofertas-de-equipos-grandes\/\" data-text=\"P\u00e9rez niega ofertas de equipos grandes\"  >Tweet<\/a><\/li><li class=\"share-email\"><a rel=\"nofollow noopener noreferrer\" data-shared=\"\" class=\"share-email sd-button\" href=\"http:\/\/www.michael-schumacher.es\/noticias-f1\/2012\/09\/20\/perez-niega-ofertas-de-equipos-grandes\/?share=email\" target=\"_blank\" title=\"Haz clic para enviar por correo electr\u00f3nico a un amigo\"><span>Correo electr\u00f3nico<\/span><\/a><\/li><li class=\"share-end\"><\/li><\/ul><\/div><\/div><\/div>","protected":false},"excerpt":{"rendered":"<p>Sin duda Perez, es uno de los protagonistas m\u00e1s activo de los rumores del Baile de pilotos, algo t\u00edpico a estas alturas de la temporada, \u00a0mucho m\u00e1s despu\u00e9s de su excelente \u00a0actuaci\u00f3n en Monza, donde fue el art\u00edfice de la mejor carrera y mayor remontada del Gran Premio de Italia, finalizando en segundo lugar.<\/p>\n<div class=\"sharedaddy sd-sharing-enabled\"><div class=\"robots-nocontent sd-block sd-social sd-social-official sd-sharing\"><h3 class=\"sd-title\">Opciones Sociales:<\/h3><div class=\"sd-content\"><ul><li class=\"share-facebook\"><div class=\"fb-share-button\" data-href=\"http:\/\/www.michael-schumacher.es\/noticias-f1\/2012\/09\/20\/perez-niega-ofertas-de-equipos-grandes\/\" data-layout=\"button_count\"><\/div><\/li><li class=\"share-twitter\"><a href=\"https:\/\/twitter.com\/share\" class=\"twitter-share-button\" data-url=\"http:\/\/www.michael-schumacher.es\/noticias-f1\/2012\/09\/20\/perez-niega-ofertas-de-equipos-grandes\/\" data-text=\"P\u00e9rez niega ofertas de equipos grandes\"  >Tweet<\/a><\/li><li class=\"share-email\"><a rel=\"nofollow noopener noreferrer\" data-shared=\"\" class=\"share-email sd-button\" href=\"http:\/\/www.michael-schumacher.es\/noticias-f1\/2012\/09\/20\/perez-niega-ofertas-de-equipos-grandes\/?share=email\" target=\"_blank\" title=\"Haz clic para enviar por correo electr\u00f3nico a un amigo\"><span>Correo electr\u00f3nico<\/span><\/a><\/li><li class=\"share-end\"><\/li><\/ul><\/div><\/div><\/div>","protected":false},"author":3,"featured_media":0,"comment_status":"open","ping_status":"open","sticky":false,"template":"","format":"standard","meta":{"_monsterinsights_skip_tracking":false,"_monsterinsights_sitenote_active":false,"_monsterinsights_sitenote_note":"","_monsterinsights_sitenote_category":0,"spay_email":"","jetpack_publicize_message":"","jetpack_is_tweetstorm":false,"jetpack_publicize_feature_enabled":true},"categories":[3],"tags":[256,1430,17,141,15,557,1431,138,680,1429,90,197,86,1428],"jetpack_featured_media_url":"","jetpack_publicize_connections":[],"jetpack_sharing_enabled":true,"jetpack_shortlink":"https:\/\/wp.me\/p27q3P-15n","_links":{"self":[{"href":"http:\/\/www.michael-schumacher.es\/noticias-f1\/wp-json\/wp\/v2\/posts\/4177"}],"collection":[{"href":"http:\/\/www.michael-schumacher.es\/noticias-f1\/wp-json\/wp\/v2\/posts"}],"about":[{"href":"http:\/\/www.michael-schumacher.es\/noticias-f1\/wp-json\/wp\/v2\/types\/post"}],"author":[{"embeddable":true,"href":"http:\/\/www.michael-schumacher.es\/noticias-f1\/wp-json\/wp\/v2\/users\/3"}],"replies":[{"embeddable":true,"href":"http:\/\/www.michael-schumacher.es\/noticias-f1\/wp-json\/wp\/v2\/comments?post=4177"}],"version-history":[{"count":0,"href":"http:\/\/www.michael-schumacher.es\/noticias-f1\/wp-json\/wp\/v2\/posts\/4177\/revisions"}],"wp:attachment":[{"href":"http:\/\/www.michael-schumacher.es\/noticias-f1\/wp-json\/wp\/v2\/media?parent=4177"}],"wp:term":[{"taxonomy":"category","embeddable":true,"href":"http:\/\/www.michael-schumacher.es\/noticias-f1\/wp-json\/wp\/v2\/categories?post=4177"},{"taxonomy":"post_tag","embeddable":true,"href":"http:\/\/www.michael-schumacher.es\/noticias-f1\/wp-json\/wp\/v2\/tags?post=4177"}],"curies":[{"name":"wp","href":"https:\/\/api.w.org\/{rel}","templated":true}]}}