{"id":4214,"date":"2012-09-21T21:32:57","date_gmt":"2012-09-21T19:32:57","guid":{"rendered":"http:\/\/www.michael-schumacher.es\/noticias-f1\/?p=4214"},"modified":"2012-09-21T21:32:57","modified_gmt":"2012-09-21T19:32:57","slug":"entrenamientos-gp-de-singapur-marina-bay-2012-force-india","status":"publish","type":"post","link":"http:\/\/www.michael-schumacher.es\/noticias-f1\/2012\/09\/21\/entrenamientos-gp-de-singapur-marina-bay-2012-force-india\/","title":{"rendered":"Entrenamientos GP de Singapur, Marina Bay 2012. Force India"},"content":{"rendered":"<p><a href=\"http:\/\/www.michael-schumacher.es\/noticias-f1\/wp-content\/uploads\/2012\/08\/david_sarro.di-resta-1-mini.jpg\"><img loading=\"lazy\" class=\"alignleft size-full wp-image-3232\" title=\"Paul di Resta 1  - Miniatura\" src=\"http:\/\/www.michael-schumacher.es\/noticias-f1\/wp-content\/uploads\/2012\/08\/david_sarro.di-resta-1-mini.jpg\" alt=\"\" width=\"200\" height=\"133\" \/><\/a>Tanto el equipo como los dos pilotos H\u00fclkenberg y Di Resta, son optimistas sobre su trabajo en los entrenamientos y la preparaci\u00f3n de clasificaci\u00f3n y carrera en el circuito de Marine Bay que esperan sea para ellos muy positivo.<\/p>\n<p><!--more--> <!--noteaser--><\/p>\n<p><a href=\"http:\/\/www.michael-schumacher.es\/noticias-f1\/wp-content\/uploads\/2012\/08\/david_sarro.di-resta-1.jpg\"><img loading=\"lazy\" class=\"aligncenter size-full wp-image-3231\" title=\"Paul di Resta 1 \" src=\"http:\/\/www.michael-schumacher.es\/noticias-f1\/wp-content\/uploads\/2012\/08\/david_sarro.di-resta-1.jpg\" alt=\"\" width=\"600\" height=\"399\" srcset=\"http:\/\/www.michael-schumacher.es\/noticias-f1\/wp-content\/uploads\/2012\/08\/david_sarro.di-resta-1.jpg 600w, http:\/\/www.michael-schumacher.es\/noticias-f1\/wp-content\/uploads\/2012\/08\/david_sarro.di-resta-1-300x199.jpg 300w\" sizes=\"(max-width: 600px) 100vw, 600px\" \/><\/a><\/p>\n<p>Tanto el equipo como los dos pilotos H\u00fclkenberg y Di Resta, son optimistas sobre su trabajo en los entrenamientos y la preparaci\u00f3n de clasificaci\u00f3n y carrera en el circuito de Marine Bay que esperan sea para ellos muy positivo.<\/p>\n<p>&nbsp;<\/p>\n<p><strong>Nico H\u00fclkenberg<\/strong>: \u00abHa sido un positivo viernes y creo que podemos ser competitivos aqu\u00ed. La lluvia en el inicio de la primera sesi\u00f3n no ten\u00eda realmente un impacto en nosotros y todav\u00eda ten\u00edamos un mont\u00f3n de tiempo para hacer el programa. Creo que en t\u00e9rminos de preparaci\u00f3n de la carrera podemos estar contentos porque hemos centrado en las tandas largas y tenemos un mont\u00f3n de informaci\u00f3n para ma\u00f1ana. \u00bb<\/p>\n<p>&nbsp;<\/p>\n<p><strong>Paul Di Resta:<\/strong> \u00abCreo que siempre hay tiempo para ponerse al d\u00eda en cualquier circuito urbano por lo que era \u00fatil tener algunas sesiones sin problemas y obtener las \u00faltimas vueltas en mi haber. El saldo que tenemos con el coche ya est\u00e1 en buenas condiciones, pero siempre hay espacio para mejorar las cosas durante la noche. As\u00ed que creo que estamos en buena forma y los datos recopilados deben dejarnos bien preparados para la carrera del domingo\u201d.<\/p>\n<p>&nbsp;<\/p>\n<p><strong>Jakob Andreasen, Ingeniero Jefe:<\/strong> \u00abHa sido un viernes t\u00edpico con todos nuestros sistemas de control y procedimientos habituales. Tambi\u00e9n nos aseguramos de que ambos coches hicieran tandas largas con ambos compuestos de neum\u00e1ticos, que se espera que entreguen dividendos en la noche del domingo. El equilibrio general del coche era bueno desde las primeras vueltas y nuestro ritmo parece competitivo con el combustible bajo y alto. As\u00ed que un d\u00eda muy productivo, los pilotos parecen estar contentos y tenemos muchos datos para estudiar con el fin de mejorar a\u00fan m\u00e1s antes de la calificaci\u00f3n. \u00bb<\/p>\n<p>&nbsp;<\/p>\n<p><strong>Imagen:<\/strong> David Sarr\u00f3<\/p>\n<div class=\"sharedaddy sd-sharing-enabled\"><div class=\"robots-nocontent sd-block sd-social sd-social-official sd-sharing\"><h3 class=\"sd-title\">Opciones Sociales:<\/h3><div class=\"sd-content\"><ul><li class=\"share-facebook\"><div class=\"fb-share-button\" data-href=\"http:\/\/www.michael-schumacher.es\/noticias-f1\/2012\/09\/21\/entrenamientos-gp-de-singapur-marina-bay-2012-force-india\/\" data-layout=\"button_count\"><\/div><\/li><li class=\"share-twitter\"><a href=\"https:\/\/twitter.com\/share\" class=\"twitter-share-button\" data-url=\"http:\/\/www.michael-schumacher.es\/noticias-f1\/2012\/09\/21\/entrenamientos-gp-de-singapur-marina-bay-2012-force-india\/\" data-text=\"Entrenamientos GP de Singapur, Marina Bay 2012. Force India\"  >Tweet<\/a><\/li><li class=\"share-email\"><a rel=\"nofollow noopener noreferrer\" data-shared=\"\" class=\"share-email sd-button\" href=\"http:\/\/www.michael-schumacher.es\/noticias-f1\/2012\/09\/21\/entrenamientos-gp-de-singapur-marina-bay-2012-force-india\/?share=email\" target=\"_blank\" title=\"Haz clic para enviar por correo electr\u00f3nico a un amigo\"><span>Correo electr\u00f3nico<\/span><\/a><\/li><li class=\"share-end\"><\/li><\/ul><\/div><\/div><\/div>","protected":false},"excerpt":{"rendered":"<p>Tanto el equipo como los dos pilotos H\u00fclkenberg y Di Resta, son optimistas sobre su trabajo en los entrenamientos y la preparaci\u00f3n de clasificaci\u00f3n y carrera en el circuito de Marine Bay que esperan sea para ellos muy positivo.<\/p>\n<div class=\"sharedaddy sd-sharing-enabled\"><div class=\"robots-nocontent sd-block sd-social sd-social-official sd-sharing\"><h3 class=\"sd-title\">Opciones Sociales:<\/h3><div class=\"sd-content\"><ul><li class=\"share-facebook\"><div class=\"fb-share-button\" data-href=\"http:\/\/www.michael-schumacher.es\/noticias-f1\/2012\/09\/21\/entrenamientos-gp-de-singapur-marina-bay-2012-force-india\/\" data-layout=\"button_count\"><\/div><\/li><li class=\"share-twitter\"><a href=\"https:\/\/twitter.com\/share\" class=\"twitter-share-button\" data-url=\"http:\/\/www.michael-schumacher.es\/noticias-f1\/2012\/09\/21\/entrenamientos-gp-de-singapur-marina-bay-2012-force-india\/\" data-text=\"Entrenamientos GP de Singapur, Marina Bay 2012. Force India\"  >Tweet<\/a><\/li><li class=\"share-email\"><a rel=\"nofollow noopener noreferrer\" data-shared=\"\" class=\"share-email sd-button\" href=\"http:\/\/www.michael-schumacher.es\/noticias-f1\/2012\/09\/21\/entrenamientos-gp-de-singapur-marina-bay-2012-force-india\/?share=email\" target=\"_blank\" title=\"Haz clic para enviar por correo electr\u00f3nico a un amigo\"><span>Correo electr\u00f3nico<\/span><\/a><\/li><li class=\"share-end\"><\/li><\/ul><\/div><\/div><\/div>","protected":false},"author":3,"featured_media":0,"comment_status":"open","ping_status":"open","sticky":false,"template":"","format":"standard","meta":{"_monsterinsights_skip_tracking":false,"_monsterinsights_sitenote_active":false,"_monsterinsights_sitenote_note":"","_monsterinsights_sitenote_category":0,"spay_email":"","jetpack_publicize_message":"","jetpack_is_tweetstorm":false,"jetpack_publicize_feature_enabled":true},"categories":[67,3],"tags":[14,110,131,17,126,15,6,112,379,1399,111,109,1245,402,503],"jetpack_featured_media_url":"","jetpack_publicize_connections":[],"jetpack_sharing_enabled":true,"jetpack_shortlink":"https:\/\/wp.me\/p27q3P-15Y","_links":{"self":[{"href":"http:\/\/www.michael-schumacher.es\/noticias-f1\/wp-json\/wp\/v2\/posts\/4214"}],"collection":[{"href":"http:\/\/www.michael-schumacher.es\/noticias-f1\/wp-json\/wp\/v2\/posts"}],"about":[{"href":"http:\/\/www.michael-schumacher.es\/noticias-f1\/wp-json\/wp\/v2\/types\/post"}],"author":[{"embeddable":true,"href":"http:\/\/www.michael-schumacher.es\/noticias-f1\/wp-json\/wp\/v2\/users\/3"}],"replies":[{"embeddable":true,"href":"http:\/\/www.michael-schumacher.es\/noticias-f1\/wp-json\/wp\/v2\/comments?post=4214"}],"version-history":[{"count":0,"href":"http:\/\/www.michael-schumacher.es\/noticias-f1\/wp-json\/wp\/v2\/posts\/4214\/revisions"}],"wp:attachment":[{"href":"http:\/\/www.michael-schumacher.es\/noticias-f1\/wp-json\/wp\/v2\/media?parent=4214"}],"wp:term":[{"taxonomy":"category","embeddable":true,"href":"http:\/\/www.michael-schumacher.es\/noticias-f1\/wp-json\/wp\/v2\/categories?post=4214"},{"taxonomy":"post_tag","embeddable":true,"href":"http:\/\/www.michael-schumacher.es\/noticias-f1\/wp-json\/wp\/v2\/tags?post=4214"}],"curies":[{"name":"wp","href":"https:\/\/api.w.org\/{rel}","templated":true}]}}