{"id":4266,"date":"2012-09-22T19:58:37","date_gmt":"2012-09-22T17:58:37","guid":{"rendered":"http:\/\/www.michael-schumacher.es\/noticias-f1\/?p=4266"},"modified":"2012-09-22T19:58:37","modified_gmt":"2012-09-22T17:58:37","slug":"calificacion-gp-de-singapur-marina-bay-2012-toro-rosso","status":"publish","type":"post","link":"http:\/\/www.michael-schumacher.es\/noticias-f1\/2012\/09\/22\/calificacion-gp-de-singapur-marina-bay-2012-toro-rosso\/","title":{"rendered":"Calificaci\u00f3n  GP de Singapur, Marina Bay 2012. Toro Rosso"},"content":{"rendered":"<p><a href=\"http:\/\/www.michael-schumacher.es\/noticias-f1\/wp-content\/uploads\/2012\/08\/david_sarro.ricciardo-1-mini.jpg\"><img loading=\"lazy\" class=\"alignleft size-full wp-image-3172\" title=\"Daniel Ricciardo 1 - miniatura \" src=\"http:\/\/www.michael-schumacher.es\/noticias-f1\/wp-content\/uploads\/2012\/08\/david_sarro.ricciardo-1-mini.jpg\" alt=\"\" width=\"200\" height=\"133\" \/><\/a>Sobretodo Jean-Eric Vergne, que es la primera vez que participa en el Gran Premio de Singapur, y ha tenido solamente el fin de semana para aprender, Daniel Ricciardo tambi\u00e9n ha progresado en el circuito de Marine Bay que es muy duro para los pilotos y los coches, en cualquier caso el equipo y ambos pilotos esperar poder estar preparados para cualquier oportunidad de mejorar en carrera<\/p>\n<p><!--more--> <!--noteaser--><\/p>\n<p><a href=\"http:\/\/www.michael-schumacher.es\/noticias-f1\/wp-content\/uploads\/2012\/08\/david_sarro.ricciardo-1.jpg\"><img loading=\"lazy\" class=\"aligncenter size-full wp-image-3171\" title=\"Daniel Ricciardo 1 \" src=\"http:\/\/www.michael-schumacher.es\/noticias-f1\/wp-content\/uploads\/2012\/08\/david_sarro.ricciardo-1.jpg\" alt=\"\" width=\"600\" height=\"400\" srcset=\"http:\/\/www.michael-schumacher.es\/noticias-f1\/wp-content\/uploads\/2012\/08\/david_sarro.ricciardo-1.jpg 600w, http:\/\/www.michael-schumacher.es\/noticias-f1\/wp-content\/uploads\/2012\/08\/david_sarro.ricciardo-1-300x200.jpg 300w\" sizes=\"(max-width: 600px) 100vw, 600px\" \/><\/a><\/p>\n<p>Sobretodo Jean-Eric Vergne, que es la primera vez que participa en el Gran Premio de Singapur, y ha tenido solamente el fin de semana para aprender, Daniel Ricciardo tambi\u00e9n ha progresado en el circuito de Marine Bay que es muy duro para los pilotos y los coches, en cualquier caso el equipo y ambos pilotos esperar poder estar preparados para cualquier oportunidad de mejorar en carrera<\/p>\n<p>&nbsp;<\/p>\n<p><strong>Daniel Ricciardo<\/strong>: \u00abEn realidad, yo\u00a0 estaba feliz con mi mejor vuelta en la Q1 por lo que yo estaba con mi mejor esfuerzo en la Q2, por si hubiera la esperanza de estar un poco m\u00e1s arriba en la parrilla, tal vez superando a\u00a0 los Sauber, esta posici\u00f3n es no est\u00e1 tan mal y, en general, yo dir\u00eda que estamos haciendo progresos. Por cierto, gracias al trabajo que hicimos durante la noche, el coche era mejor de lo que era en FP3 y \u00a0ayer, as\u00ed que espero que podamos tener otra buena carrera ma\u00f1ana. \u00a0Hacemos un seguimiento sabemos que cualquier cosa puede pasar\u201d.<\/p>\n<p>&nbsp;<\/p>\n<p><strong>Jean-Eric Vergne:<\/strong> \u00abPara mi primera vez en Singapur, siento que puedo estar satisfecho con la forma en la calificaci\u00f3n fue de esta noche. Desde Monza, he tenido que lidiar con un poco de dolor de cuello y me las arregl\u00e9 con esa posici\u00f3n tambi\u00e9n, para que yo pudiera ocuparse de todos los golpes y Bordillos en esta pista. Acabado a una d\u00e9cima de mi compa\u00f1ero de equipo, quien ha corrido aqu\u00ed antes, \u00a0es otra raz\u00f3n para que yo est\u00e9 satisfecho con mi actuaci\u00f3n, considerando que ayer era un segundo m\u00e1s lento que \u00e9l. Es una larga carrera ma\u00f1ana, espero que podamos mejorar a\u00fan m\u00e1s, y yo realmente espero que podamos hacer m\u00e1s con cualquier oportunidad que se nos presente\u201d.<\/p>\n<p>&nbsp;<\/p>\n<p><strong>James Key (Director T\u00e9cnico):<\/strong> \u00abDespu\u00e9s del viernes, ten\u00edamos que afinar el sentido en el que est\u00e1bamos trabajando, especialmente con \u00a0los neum\u00e1ticos blandos en el caso de Daniel, mientras Jean-Eric, estaba luchando un poco con la estabilidad en la frenada. Es su primera vez en esta pista y tuvo mucho que aprender, considerando lo largo y t\u00e9cnico que es. A continuaci\u00f3n, durante la noche, los dos pilotos y sus ingenieros lograron hacer un buen paso adelante, en particular por Jean-Eric, por lo que les parec\u00eda razonablemente bien equilibrados en FP3. En la calificaci\u00f3n, sentimos que pod\u00edamos aunque la \u00a0Q3 era poco probable. Era el prop\u00f3sito de s\u00f3lo unos pocos con esas d\u00e9cimas por delante de nosotros. Pero este a\u00f1o la carrera es accidentada normalmente, vamos a estar buscando sacar provecho de nuestro rendimiento en carrera. Lo m\u00e1s importante, los dos pilotos, ten\u00edan la semana para aprender, as\u00ed que enhorabuena a los dos y sobre todo a Jean-Eric para aprender tan r\u00e1pidamente.\u00bb<\/p>\n<p>&nbsp;<\/p>\n<p><strong>Imagen:<\/strong> David Sarr\u00f3<\/p>\n<div class=\"sharedaddy sd-sharing-enabled\"><div class=\"robots-nocontent sd-block sd-social sd-social-official sd-sharing\"><h3 class=\"sd-title\">Opciones Sociales:<\/h3><div class=\"sd-content\"><ul><li class=\"share-facebook\"><div class=\"fb-share-button\" data-href=\"http:\/\/www.michael-schumacher.es\/noticias-f1\/2012\/09\/22\/calificacion-gp-de-singapur-marina-bay-2012-toro-rosso\/\" data-layout=\"button_count\"><\/div><\/li><li class=\"share-twitter\"><a href=\"https:\/\/twitter.com\/share\" class=\"twitter-share-button\" data-url=\"http:\/\/www.michael-schumacher.es\/noticias-f1\/2012\/09\/22\/calificacion-gp-de-singapur-marina-bay-2012-toro-rosso\/\" data-text=\"Calificaci\u00f3n  GP de Singapur, Marina Bay 2012. Toro Rosso\"  >Tweet<\/a><\/li><li class=\"share-email\"><a rel=\"nofollow noopener noreferrer\" data-shared=\"\" class=\"share-email sd-button\" href=\"http:\/\/www.michael-schumacher.es\/noticias-f1\/2012\/09\/22\/calificacion-gp-de-singapur-marina-bay-2012-toro-rosso\/?share=email\" target=\"_blank\" title=\"Haz clic para enviar por correo electr\u00f3nico a un amigo\"><span>Correo electr\u00f3nico<\/span><\/a><\/li><li class=\"share-end\"><\/li><\/ul><\/div><\/div><\/div>","protected":false},"excerpt":{"rendered":"<p>Sobretodo Jean-Eric Vergne, que es la primera vez que participa en el Gran Premio de Singapur, y ha tenido solamente el fin de semana para aprender, Daniel Ricciardo tambi\u00e9n ha progresado en el circuito de Marine Bay que es muy duro para los pilotos y los coches, en cualquier caso el equipo y ambos pilotos [&hellip;]<\/p>\n<div class=\"sharedaddy sd-sharing-enabled\"><div class=\"robots-nocontent sd-block sd-social sd-social-official sd-sharing\"><h3 class=\"sd-title\">Opciones Sociales:<\/h3><div class=\"sd-content\"><ul><li class=\"share-facebook\"><div class=\"fb-share-button\" data-href=\"http:\/\/www.michael-schumacher.es\/noticias-f1\/2012\/09\/22\/calificacion-gp-de-singapur-marina-bay-2012-toro-rosso\/\" data-layout=\"button_count\"><\/div><\/li><li class=\"share-twitter\"><a href=\"https:\/\/twitter.com\/share\" class=\"twitter-share-button\" data-url=\"http:\/\/www.michael-schumacher.es\/noticias-f1\/2012\/09\/22\/calificacion-gp-de-singapur-marina-bay-2012-toro-rosso\/\" data-text=\"Calificaci\u00f3n  GP de Singapur, Marina Bay 2012. Toro Rosso\"  >Tweet<\/a><\/li><li class=\"share-email\"><a rel=\"nofollow noopener noreferrer\" data-shared=\"\" class=\"share-email sd-button\" href=\"http:\/\/www.michael-schumacher.es\/noticias-f1\/2012\/09\/22\/calificacion-gp-de-singapur-marina-bay-2012-toro-rosso\/?share=email\" target=\"_blank\" title=\"Haz clic para enviar por correo electr\u00f3nico a un amigo\"><span>Correo electr\u00f3nico<\/span><\/a><\/li><li class=\"share-end\"><\/li><\/ul><\/div><\/div><\/div>","protected":false},"author":3,"featured_media":0,"comment_status":"open","ping_status":"open","sticky":false,"template":"","format":"standard","meta":{"_monsterinsights_skip_tracking":false,"_monsterinsights_sitenote_active":false,"_monsterinsights_sitenote_note":"","_monsterinsights_sitenote_category":0,"spay_email":"","jetpack_publicize_message":"","jetpack_is_tweetstorm":false,"jetpack_publicize_feature_enabled":true},"categories":[68,3],"tags":[14,155,159,101,17,15,6,99,1399,102,503,103,100],"jetpack_featured_media_url":"","jetpack_publicize_connections":[],"jetpack_sharing_enabled":true,"jetpack_shortlink":"https:\/\/wp.me\/p27q3P-16O","_links":{"self":[{"href":"http:\/\/www.michael-schumacher.es\/noticias-f1\/wp-json\/wp\/v2\/posts\/4266"}],"collection":[{"href":"http:\/\/www.michael-schumacher.es\/noticias-f1\/wp-json\/wp\/v2\/posts"}],"about":[{"href":"http:\/\/www.michael-schumacher.es\/noticias-f1\/wp-json\/wp\/v2\/types\/post"}],"author":[{"embeddable":true,"href":"http:\/\/www.michael-schumacher.es\/noticias-f1\/wp-json\/wp\/v2\/users\/3"}],"replies":[{"embeddable":true,"href":"http:\/\/www.michael-schumacher.es\/noticias-f1\/wp-json\/wp\/v2\/comments?post=4266"}],"version-history":[{"count":0,"href":"http:\/\/www.michael-schumacher.es\/noticias-f1\/wp-json\/wp\/v2\/posts\/4266\/revisions"}],"wp:attachment":[{"href":"http:\/\/www.michael-schumacher.es\/noticias-f1\/wp-json\/wp\/v2\/media?parent=4266"}],"wp:term":[{"taxonomy":"category","embeddable":true,"href":"http:\/\/www.michael-schumacher.es\/noticias-f1\/wp-json\/wp\/v2\/categories?post=4266"},{"taxonomy":"post_tag","embeddable":true,"href":"http:\/\/www.michael-schumacher.es\/noticias-f1\/wp-json\/wp\/v2\/tags?post=4266"}],"curies":[{"name":"wp","href":"https:\/\/api.w.org\/{rel}","templated":true}]}}