{"id":4307,"date":"2012-09-23T18:37:03","date_gmt":"2012-09-23T16:37:03","guid":{"rendered":"http:\/\/www.michael-schumacher.es\/noticias-f1\/?p=4307"},"modified":"2012-09-23T18:37:03","modified_gmt":"2012-09-23T16:37:03","slug":"balance-gp-de-singapur-marina-bay-2012-hrt","status":"publish","type":"post","link":"http:\/\/www.michael-schumacher.es\/noticias-f1\/2012\/09\/23\/balance-gp-de-singapur-marina-bay-2012-hrt\/","title":{"rendered":"Balance GP de Singapur, Marina Bay 2012. HRT"},"content":{"rendered":"<p><a href=\"http:\/\/www.michael-schumacher.es\/noticias-f1\/wp-content\/uploads\/2012\/09\/david_sarro.de-la-rosa-1-mini.jpg\"><img loading=\"lazy\" class=\"alignleft size-full wp-image-3517\" title=\"Pedro de la Rosa 1 - Miniatura\" src=\"http:\/\/www.michael-schumacher.es\/noticias-f1\/wp-content\/uploads\/2012\/09\/david_sarro.de-la-rosa-1-mini.jpg\" alt=\"\" width=\"200\" height=\"133\" \/><\/a>Pedro de la Rosa ha tenido una actuaci\u00f3n destacable y ha llegado a ocupar la 15\u00ba posici\u00f3n, que finalmente no ha podido mantener debido a la elevada degradaci\u00f3n de los neum\u00e1ticos en las \u00faltimas vueltas. El piloto barcelon\u00e9s ha terminado 17\u00ba e iguala su mejor resultado de esta temporada. Su compa\u00f1ero Narain Karthikeyan tambi\u00e9n estaba realizando una carrera consistente cuando, al pisar la zona sucia de la pista, ha perdido el control de su monoplaza y ha terminado contra el muro cuando apenas se alcanzaba el ecuador de la prueba.<\/p>\n<p><!--more--> <!--noteaser--><\/p>\n<p><a href=\"http:\/\/www.michael-schumacher.es\/noticias-f1\/wp-content\/uploads\/2012\/09\/david_sarro.de-la-rosa-1.jpg\"><img loading=\"lazy\" class=\"aligncenter size-full wp-image-3516\" title=\"Pedro de la Rosa 1 \" src=\"http:\/\/www.michael-schumacher.es\/noticias-f1\/wp-content\/uploads\/2012\/09\/david_sarro.de-la-rosa-1.jpg\" alt=\"\" width=\"600\" height=\"400\" srcset=\"http:\/\/www.michael-schumacher.es\/noticias-f1\/wp-content\/uploads\/2012\/09\/david_sarro.de-la-rosa-1.jpg 600w, http:\/\/www.michael-schumacher.es\/noticias-f1\/wp-content\/uploads\/2012\/09\/david_sarro.de-la-rosa-1-300x200.jpg 300w\" sizes=\"(max-width: 600px) 100vw, 600px\" \/><\/a><\/p>\n<p>Pedro de la Rosa ha tenido una actuaci\u00f3n destacable y ha llegado a ocupar la 15\u00ba posici\u00f3n, que finalmente no ha podido mantener debido a la elevada degradaci\u00f3n de los neum\u00e1ticos en las \u00faltimas vueltas. El piloto barcelon\u00e9s ha terminado 17\u00ba e iguala su mejor resultado de esta temporada. Su compa\u00f1ero Narain Karthikeyan tambi\u00e9n estaba realizando una carrera consistente cuando, al pisar la zona sucia de la pista, ha perdido el control de su monoplaza y ha terminado contra el muro cuando apenas se alcanzaba el ecuador de la prueba.<\/p>\n<p>&nbsp;<\/p>\n<p><strong>Pedro de la Rosa:<\/strong> \u00abEstoy satisfecho con la carrera de hoy. Las salidas de los coches de seguridad me han ayudado, aunque debo reconocer que la carrera se me ha hecho un poco larga, y las cinco vueltas finales, eternas, porque me he quedado sin neum\u00e1ticos y he empezado a perder terreno con Glock y Pic, y Kobayashi, Kovalainen y Hulkenberg, que ven\u00edan como misiles, me han superado sin problemas. F\u00edsicamente ha sido una carrera dura pero he acabado bastante bien. Hemos hecho todo lo posible con las armas que tenemos y creo que hemos gestionado muy bien las situaciones. Para nosotros no era nada f\u00e1cil terminar la carrera y eso ya es una victoria. Ahora toca Suzuka, un circuito que me encanta, que conozco muy bien y donde espero volver a darlo todo\u201d.<\/p>\n<p>&nbsp;<\/p>\n<p><strong>Narain Karthikeyan<\/strong>: \u00abNo ha sido mi mejor carrera. Desde el inicio hemos tenido problemas de calentamiento y perd\u00edamos mucho tiempo en las rectas, pero lo est\u00e1bamos gestionando bien hasta que he pasado por una zona sucia y el coche no me ha girado, por lo que me he chocado contra el muro. Es una prueba m\u00e1s de que en los circuitos urbanos no hay margen de error. Me quedo con la buena sesi\u00f3n de clasificaci\u00f3n y eso me da confianza de cara al siguiente Gran Premio. Ha sido una l\u00e1stima no poder rematarlo con un buen resultado en carrera\u201d.<\/p>\n<p>&nbsp;<\/p>\n<p><strong>Luis P\u00e9rez-Sala, Team Principal:<\/strong> \u00abHa sido una carrera muy dura porque \u00edbamos al l\u00edmite y ha habido que controlar la temperatura de los frenos y el motor desde el inicio. Los pilotos han hecho un buen trabajo. Ha sido una l\u00e1stima que Narain se haya salido y haya tenido que retirarse. Pedro ha luchado por el 15\u00ba puesto hasta el final, pero la elevada degradaci\u00f3n de los neum\u00e1ticos le ha relegado a 17\u00ba. Sin embargo, ha sido emocionante estar metidos en la lucha y nos vamos muy satisfechos. Ahora vamos a Jap\u00f3n, donde no sufriremos tanto con las temperaturas y veremos un poco mejor d\u00f3nde estamos para continuar con nuestro trabajo y seguir en esta l\u00ednea\u201d.<\/p>\n<p>&nbsp;<\/p>\n<p><strong>Imagen:<\/strong> David Sarr\u00f3<\/p>\n<div class=\"sharedaddy sd-sharing-enabled\"><div class=\"robots-nocontent sd-block sd-social sd-social-official sd-sharing\"><h3 class=\"sd-title\">Opciones Sociales:<\/h3><div class=\"sd-content\"><ul><li class=\"share-facebook\"><div class=\"fb-share-button\" data-href=\"http:\/\/www.michael-schumacher.es\/noticias-f1\/2012\/09\/23\/balance-gp-de-singapur-marina-bay-2012-hrt\/\" data-layout=\"button_count\"><\/div><\/li><li class=\"share-twitter\"><a href=\"https:\/\/twitter.com\/share\" class=\"twitter-share-button\" data-url=\"http:\/\/www.michael-schumacher.es\/noticias-f1\/2012\/09\/23\/balance-gp-de-singapur-marina-bay-2012-hrt\/\" data-text=\"Balance GP de Singapur, Marina Bay 2012. HRT\"  >Tweet<\/a><\/li><li class=\"share-email\"><a rel=\"nofollow noopener noreferrer\" data-shared=\"\" class=\"share-email sd-button\" href=\"http:\/\/www.michael-schumacher.es\/noticias-f1\/2012\/09\/23\/balance-gp-de-singapur-marina-bay-2012-hrt\/?share=email\" target=\"_blank\" title=\"Haz clic para enviar por correo electr\u00f3nico a un amigo\"><span>Correo electr\u00f3nico<\/span><\/a><\/li><li class=\"share-end\"><\/li><\/ul><\/div><\/div><\/div>","protected":false},"excerpt":{"rendered":"<p>Pedro de la Rosa ha tenido una actuaci\u00f3n destacable y ha llegado a ocupar la 15\u00ba posici\u00f3n, que finalmente no ha podido mantener debido a la elevada degradaci\u00f3n de los neum\u00e1ticos en las \u00faltimas vueltas. El piloto barcelon\u00e9s ha terminado 17\u00ba e iguala su mejor resultado de esta temporada. Su compa\u00f1ero Narain Karthikeyan tambi\u00e9n estaba [&hellip;]<\/p>\n<div class=\"sharedaddy sd-sharing-enabled\"><div class=\"robots-nocontent sd-block sd-social sd-social-official sd-sharing\"><h3 class=\"sd-title\">Opciones Sociales:<\/h3><div class=\"sd-content\"><ul><li class=\"share-facebook\"><div class=\"fb-share-button\" data-href=\"http:\/\/www.michael-schumacher.es\/noticias-f1\/2012\/09\/23\/balance-gp-de-singapur-marina-bay-2012-hrt\/\" data-layout=\"button_count\"><\/div><\/li><li class=\"share-twitter\"><a href=\"https:\/\/twitter.com\/share\" class=\"twitter-share-button\" data-url=\"http:\/\/www.michael-schumacher.es\/noticias-f1\/2012\/09\/23\/balance-gp-de-singapur-marina-bay-2012-hrt\/\" data-text=\"Balance GP de Singapur, Marina Bay 2012. HRT\"  >Tweet<\/a><\/li><li class=\"share-email\"><a rel=\"nofollow noopener noreferrer\" data-shared=\"\" class=\"share-email sd-button\" href=\"http:\/\/www.michael-schumacher.es\/noticias-f1\/2012\/09\/23\/balance-gp-de-singapur-marina-bay-2012-hrt\/?share=email\" target=\"_blank\" title=\"Haz clic para enviar por correo electr\u00f3nico a un amigo\"><span>Correo electr\u00f3nico<\/span><\/a><\/li><li class=\"share-end\"><\/li><\/ul><\/div><\/div><\/div>","protected":false},"author":3,"featured_media":0,"comment_status":"open","ping_status":"open","sticky":false,"template":"","format":"standard","meta":{"_monsterinsights_skip_tracking":false,"_monsterinsights_sitenote_active":false,"_monsterinsights_sitenote_note":"","_monsterinsights_sitenote_category":0,"spay_email":"","jetpack_publicize_message":"","jetpack_is_tweetstorm":false,"jetpack_publicize_feature_enabled":true},"categories":[4,3],"tags":[14,401,64,78,17,15,6,75,79,1399,1287,76,503],"jetpack_featured_media_url":"","jetpack_publicize_connections":[],"jetpack_sharing_enabled":true,"jetpack_shortlink":"https:\/\/wp.me\/p27q3P-17t","_links":{"self":[{"href":"http:\/\/www.michael-schumacher.es\/noticias-f1\/wp-json\/wp\/v2\/posts\/4307"}],"collection":[{"href":"http:\/\/www.michael-schumacher.es\/noticias-f1\/wp-json\/wp\/v2\/posts"}],"about":[{"href":"http:\/\/www.michael-schumacher.es\/noticias-f1\/wp-json\/wp\/v2\/types\/post"}],"author":[{"embeddable":true,"href":"http:\/\/www.michael-schumacher.es\/noticias-f1\/wp-json\/wp\/v2\/users\/3"}],"replies":[{"embeddable":true,"href":"http:\/\/www.michael-schumacher.es\/noticias-f1\/wp-json\/wp\/v2\/comments?post=4307"}],"version-history":[{"count":0,"href":"http:\/\/www.michael-schumacher.es\/noticias-f1\/wp-json\/wp\/v2\/posts\/4307\/revisions"}],"wp:attachment":[{"href":"http:\/\/www.michael-schumacher.es\/noticias-f1\/wp-json\/wp\/v2\/media?parent=4307"}],"wp:term":[{"taxonomy":"category","embeddable":true,"href":"http:\/\/www.michael-schumacher.es\/noticias-f1\/wp-json\/wp\/v2\/categories?post=4307"},{"taxonomy":"post_tag","embeddable":true,"href":"http:\/\/www.michael-schumacher.es\/noticias-f1\/wp-json\/wp\/v2\/tags?post=4307"}],"curies":[{"name":"wp","href":"https:\/\/api.w.org\/{rel}","templated":true}]}}