{"id":4385,"date":"2012-09-25T13:56:40","date_gmt":"2012-09-25T11:56:40","guid":{"rendered":"http:\/\/www.michael-schumacher.es\/noticias-f1\/?p=4385"},"modified":"2012-09-25T13:56:40","modified_gmt":"2012-09-25T11:56:40","slug":"grosjean-webber-fue-muy-duro-en-singapur","status":"publish","type":"post","link":"http:\/\/www.michael-schumacher.es\/noticias-f1\/2012\/09\/25\/grosjean-webber-fue-muy-duro-en-singapur\/","title":{"rendered":"Grosjean: \u00abWebber fue muy duro en Singapur\u00bb"},"content":{"rendered":"<p><a href=\"http:\/\/www.michael-schumacher.es\/noticias-f1\/wp-content\/uploads\/2012\/09\/grosjean-1-1-mini.jpg\"><img loading=\"lazy\" class=\"alignleft size-full wp-image-3594\" title=\"Romain Grosjean 1-1 - Miniatura\" src=\"http:\/\/www.michael-schumacher.es\/noticias-f1\/wp-content\/uploads\/2012\/09\/grosjean-1-1-mini.jpg\" alt=\"\" width=\"200\" height=\"133\" \/><\/a>Romain Grosjean, que no pudo participar del Gran Premio de Italia en Monza por tener que cumplir la sanci\u00f3n que le imped\u00eda disputar una carrera, ten\u00eda especial cuidado en no verse involucrado en accidentes en Singapur y ha comentado que Webber fue muy duro en la primera curva del Gran Premio este domingo.<\/p>\n<p><!--more--> <!--noteaser--><\/p>\n<p><a href=\"http:\/\/www.michael-schumacher.es\/noticias-f1\/wp-content\/uploads\/2012\/09\/grosjean-1-1.jpg\"><img loading=\"lazy\" class=\"aligncenter size-full wp-image-3595\" title=\"Romain Grosjean 1-1\" src=\"http:\/\/www.michael-schumacher.es\/noticias-f1\/wp-content\/uploads\/2012\/09\/grosjean-1-1.jpg\" alt=\"\" width=\"600\" height=\"400\" srcset=\"http:\/\/www.michael-schumacher.es\/noticias-f1\/wp-content\/uploads\/2012\/09\/grosjean-1-1.jpg 600w, http:\/\/www.michael-schumacher.es\/noticias-f1\/wp-content\/uploads\/2012\/09\/grosjean-1-1-300x200.jpg 300w\" sizes=\"(max-width: 600px) 100vw, 600px\" \/><\/a><\/p>\n<p>Romain Grosjean, que no pudo participar del Gran Premio de Italia en Monza por tener que cumplir la sanci\u00f3n que le imped\u00eda disputar una carrera, ten\u00eda especial cuidado en no verse involucrado en accidentes en Singapur y ha comentado que Webber fue muy duro en la primera curva del Gran Premio este domingo.<\/p>\n<p>&nbsp;<\/p>\n<p>Pese a que Grosjean reconoce llevarse bien con Webber y elogio al piloto australiano porque le apoyo en Monza: <strong>\u201cWebber no fue muy justo, por que cort\u00f3 completamente la primera curva. Tengo que decir que en Monza \u00e9l fue el primero en venir a verme para decirme que (la sanci\u00f3n) era un poco dura. Me llevo bien con \u00e9l\u00bb.<\/strong><\/p>\n<p>&nbsp;<\/p>\n<p>El piloto de Lotus Grosjean, tuvo un excelente regreso, terminando el Gran Premio de Singapur en s\u00e9ptimo despu\u00e9s de perder el sexto con su compa\u00f1ero Kimi Raikkonen y evidentemente no pod\u00eda verse involucrado en accidentes porque la sanci\u00f3n pod\u00eda ser mayor.<\/p>\n<p>&nbsp;<\/p>\n<p>Tambien ha revelado que ha mejorado su preparaci\u00f3n y se encuentra muy preparado para en el resto de carreras tener un buen rendimiento: <strong>\u00abHe cambiado un poco la rutina, soy mejor antes de la salida. Hay seis carreras y todav\u00eda quiero subir al podio\u201d.<\/strong><\/p>\n<p>&nbsp;<\/p>\n<p>&nbsp;<\/p>\n<div class=\"sharedaddy sd-sharing-enabled\"><div class=\"robots-nocontent sd-block sd-social sd-social-official sd-sharing\"><h3 class=\"sd-title\">Opciones Sociales:<\/h3><div class=\"sd-content\"><ul><li class=\"share-facebook\"><div class=\"fb-share-button\" data-href=\"http:\/\/www.michael-schumacher.es\/noticias-f1\/2012\/09\/25\/grosjean-webber-fue-muy-duro-en-singapur\/\" data-layout=\"button_count\"><\/div><\/li><li class=\"share-twitter\"><a href=\"https:\/\/twitter.com\/share\" class=\"twitter-share-button\" data-url=\"http:\/\/www.michael-schumacher.es\/noticias-f1\/2012\/09\/25\/grosjean-webber-fue-muy-duro-en-singapur\/\" data-text=\"Grosjean: &quot;Webber fue muy duro en Singapur&quot;\"  >Tweet<\/a><\/li><li class=\"share-email\"><a rel=\"nofollow noopener noreferrer\" data-shared=\"\" class=\"share-email sd-button\" href=\"http:\/\/www.michael-schumacher.es\/noticias-f1\/2012\/09\/25\/grosjean-webber-fue-muy-duro-en-singapur\/?share=email\" target=\"_blank\" title=\"Haz clic para enviar por correo electr\u00f3nico a un amigo\"><span>Correo electr\u00f3nico<\/span><\/a><\/li><li class=\"share-end\"><\/li><\/ul><\/div><\/div><\/div>","protected":false},"excerpt":{"rendered":"<p>Romain Grosjean, que no pudo participar del Gran Premio de Italia en Monza por tener que cumplir la sanci\u00f3n que le imped\u00eda disputar una carrera, ten\u00eda especial cuidado en no verse involucrado en accidentes en Singapur y ha comentado que Webber fue muy duro en la primera curva del Gran Premio este domingo.<\/p>\n<div class=\"sharedaddy sd-sharing-enabled\"><div class=\"robots-nocontent sd-block sd-social sd-social-official sd-sharing\"><h3 class=\"sd-title\">Opciones Sociales:<\/h3><div class=\"sd-content\"><ul><li class=\"share-facebook\"><div class=\"fb-share-button\" data-href=\"http:\/\/www.michael-schumacher.es\/noticias-f1\/2012\/09\/25\/grosjean-webber-fue-muy-duro-en-singapur\/\" data-layout=\"button_count\"><\/div><\/li><li class=\"share-twitter\"><a href=\"https:\/\/twitter.com\/share\" class=\"twitter-share-button\" data-url=\"http:\/\/www.michael-schumacher.es\/noticias-f1\/2012\/09\/25\/grosjean-webber-fue-muy-duro-en-singapur\/\" data-text=\"Grosjean: &quot;Webber fue muy duro en Singapur&quot;\"  >Tweet<\/a><\/li><li class=\"share-email\"><a rel=\"nofollow noopener noreferrer\" data-shared=\"\" class=\"share-email sd-button\" href=\"http:\/\/www.michael-schumacher.es\/noticias-f1\/2012\/09\/25\/grosjean-webber-fue-muy-duro-en-singapur\/?share=email\" target=\"_blank\" title=\"Haz clic para enviar por correo electr\u00f3nico a un amigo\"><span>Correo electr\u00f3nico<\/span><\/a><\/li><li class=\"share-end\"><\/li><\/ul><\/div><\/div><\/div>","protected":false},"author":3,"featured_media":0,"comment_status":"open","ping_status":"open","sticky":false,"template":"","format":"standard","meta":{"_monsterinsights_skip_tracking":false,"_monsterinsights_sitenote_active":false,"_monsterinsights_sitenote_note":"","_monsterinsights_sitenote_category":0,"spay_email":"","jetpack_publicize_message":"","jetpack_is_tweetstorm":false,"jetpack_publicize_feature_enabled":true},"categories":[3],"tags":[14,1485,996,1486,1487,1483,17,15,83,72,566,1484,82,621,503],"jetpack_featured_media_url":"","jetpack_publicize_connections":[],"jetpack_sharing_enabled":true,"jetpack_shortlink":"https:\/\/wp.me\/p27q3P-18J","_links":{"self":[{"href":"http:\/\/www.michael-schumacher.es\/noticias-f1\/wp-json\/wp\/v2\/posts\/4385"}],"collection":[{"href":"http:\/\/www.michael-schumacher.es\/noticias-f1\/wp-json\/wp\/v2\/posts"}],"about":[{"href":"http:\/\/www.michael-schumacher.es\/noticias-f1\/wp-json\/wp\/v2\/types\/post"}],"author":[{"embeddable":true,"href":"http:\/\/www.michael-schumacher.es\/noticias-f1\/wp-json\/wp\/v2\/users\/3"}],"replies":[{"embeddable":true,"href":"http:\/\/www.michael-schumacher.es\/noticias-f1\/wp-json\/wp\/v2\/comments?post=4385"}],"version-history":[{"count":0,"href":"http:\/\/www.michael-schumacher.es\/noticias-f1\/wp-json\/wp\/v2\/posts\/4385\/revisions"}],"wp:attachment":[{"href":"http:\/\/www.michael-schumacher.es\/noticias-f1\/wp-json\/wp\/v2\/media?parent=4385"}],"wp:term":[{"taxonomy":"category","embeddable":true,"href":"http:\/\/www.michael-schumacher.es\/noticias-f1\/wp-json\/wp\/v2\/categories?post=4385"},{"taxonomy":"post_tag","embeddable":true,"href":"http:\/\/www.michael-schumacher.es\/noticias-f1\/wp-json\/wp\/v2\/tags?post=4385"}],"curies":[{"name":"wp","href":"https:\/\/api.w.org\/{rel}","templated":true}]}}