{"id":4414,"date":"2012-09-26T15:35:27","date_gmt":"2012-09-26T13:35:27","guid":{"rendered":"http:\/\/www.michael-schumacher.es\/noticias-f1\/?p=4414"},"modified":"2012-09-26T15:35:27","modified_gmt":"2012-09-26T13:35:27","slug":"ecclestone-considera-un-grand-slam-para-la-f1","status":"publish","type":"post","link":"http:\/\/www.michael-schumacher.es\/noticias-f1\/2012\/09\/26\/ecclestone-considera-un-grand-slam-para-la-f1\/","title":{"rendered":"Ecclestone considera un Grand Slam para la F1"},"content":{"rendered":"<p><img loading=\"lazy\" class=\"alignleft\" title=\"Bernie Ecclestone\" src=\"http:\/\/img.michael-schumacher.es\/noticias-f1\/ecclestone-1-mini.jpg\" alt=\"\" width=\"200\" height=\"100\" \/>Considera que su idea crear\u00eda mayor emoci\u00f3n, \u00a0como ya lanz\u00f3 el pasado mes de abril siguen con la intenci\u00f3n de un Gran Premio Especial para incorporar en el calendario<\/p>\n<p><!--more--> <!--noteaser--><\/p>\n<p style=\"text-align: center;\">\u00a0<img loading=\"lazy\" class=\"aligncenter\" title=\"Bernie Ecclestone\" src=\"http:\/\/img.michael-schumacher.es\/noticias-f1\/ecclestone-1.jpg\" alt=\"\" width=\"605\" height=\"300\" \/><\/p>\n<p>Considera que su idea crear\u00eda mayor emoci\u00f3n, \u00a0como ya lanz\u00f3 el pasado mes de abril siguen con la intenci\u00f3n de un Gran Premio Especial para incorporar en el calendario<\/p>\n<p>&nbsp;<\/p>\n<p>En Tenis el Grand Slam consta de los cuatro torneos m\u00e1s importantes internacionales organizado por la Federaci\u00f3n Internacional de Tenis: el Abierto de Australia, Roland Garros, Wimbledon y el Abierto de EE.UU. Son los cuatro torneos m\u00e1s prestigiosos.<\/p>\n<p>&nbsp;<\/p>\n<p>Siguiendo esta misma base, Ecclestone elegir\u00eda algunas carreras del calendario que podr\u00edan ser M\u00f3naco, Spa y\u00a0 Suzuka \u00a0y piensa que estas carrera tambi\u00e9n traer\u00edan \u00a0m\u00e1s emoci\u00f3n en torno a la F\u00f3rmula 1.<\/p>\n<p>&nbsp;<\/p>\n<p>Su idea se \u00a0reforzada por lo que sinti\u00f3, qued\u00f3 impresionado por la estimulaci\u00f3n que producen los Juegos Ol\u00edmpicos de Londres. <strong>\u00abNunca he visto algo de deporte. \u00a0Salto con p\u00e9rtiga, salto de longitud, etc. No hay tiempo para verlo, pero debido a que fueron los Juegos Ol\u00edmpicos los segu\u00ed. Es la emoci\u00f3n, emoci\u00f3n. En la F\u00f3rmula 1 no tenemos eso\u201d.<\/strong><\/p>\n<p>&nbsp;<\/p>\n<p>Por eso, Ecclestone, \u00a0sigue d\u00e1ndole vueltas a la idea de un Grand Slam: <strong>\u00abTal vez si tuvi\u00e9ramos una carrera cada 4 a\u00f1os, tambi\u00e9n tendr\u00eda el mismo tipo de emoci\u00f3n! Pero mi idea es que debemos dise\u00f1ar algo bastante especial, cinco carreras cada a\u00f1o que constituyan una especie Grand Slam\u201d.<\/strong><\/p>\n<p>&nbsp;<\/p>\n<div class=\"sharedaddy sd-sharing-enabled\"><div class=\"robots-nocontent sd-block sd-social sd-social-official sd-sharing\"><h3 class=\"sd-title\">Opciones Sociales:<\/h3><div class=\"sd-content\"><ul><li class=\"share-facebook\"><div class=\"fb-share-button\" data-href=\"http:\/\/www.michael-schumacher.es\/noticias-f1\/2012\/09\/26\/ecclestone-considera-un-grand-slam-para-la-f1\/\" data-layout=\"button_count\"><\/div><\/li><li class=\"share-twitter\"><a href=\"https:\/\/twitter.com\/share\" class=\"twitter-share-button\" data-url=\"http:\/\/www.michael-schumacher.es\/noticias-f1\/2012\/09\/26\/ecclestone-considera-un-grand-slam-para-la-f1\/\" data-text=\"Ecclestone considera un Grand Slam para la F1\"  >Tweet<\/a><\/li><li class=\"share-email\"><a rel=\"nofollow noopener noreferrer\" data-shared=\"\" class=\"share-email sd-button\" href=\"http:\/\/www.michael-schumacher.es\/noticias-f1\/2012\/09\/26\/ecclestone-considera-un-grand-slam-para-la-f1\/?share=email\" target=\"_blank\" title=\"Haz clic para enviar por correo electr\u00f3nico a un amigo\"><span>Correo electr\u00f3nico<\/span><\/a><\/li><li class=\"share-end\"><\/li><\/ul><\/div><\/div><\/div>","protected":false},"excerpt":{"rendered":"<p>Considera que su idea crear\u00eda mayor emoci\u00f3n, \u00a0como ya lanz\u00f3 el pasado mes de abril siguen con la intenci\u00f3n de un Gran Premio Especial para incorporar en el calendario<\/p>\n<div class=\"sharedaddy sd-sharing-enabled\"><div class=\"robots-nocontent sd-block sd-social sd-social-official sd-sharing\"><h3 class=\"sd-title\">Opciones Sociales:<\/h3><div class=\"sd-content\"><ul><li class=\"share-facebook\"><div class=\"fb-share-button\" data-href=\"http:\/\/www.michael-schumacher.es\/noticias-f1\/2012\/09\/26\/ecclestone-considera-un-grand-slam-para-la-f1\/\" data-layout=\"button_count\"><\/div><\/li><li class=\"share-twitter\"><a href=\"https:\/\/twitter.com\/share\" class=\"twitter-share-button\" data-url=\"http:\/\/www.michael-schumacher.es\/noticias-f1\/2012\/09\/26\/ecclestone-considera-un-grand-slam-para-la-f1\/\" data-text=\"Ecclestone considera un Grand Slam para la F1\"  >Tweet<\/a><\/li><li class=\"share-email\"><a rel=\"nofollow noopener noreferrer\" data-shared=\"\" class=\"share-email sd-button\" href=\"http:\/\/www.michael-schumacher.es\/noticias-f1\/2012\/09\/26\/ecclestone-considera-un-grand-slam-para-la-f1\/?share=email\" target=\"_blank\" title=\"Haz clic para enviar por correo electr\u00f3nico a un amigo\"><span>Correo electr\u00f3nico<\/span><\/a><\/li><li class=\"share-end\"><\/li><\/ul><\/div><\/div><\/div>","protected":false},"author":3,"featured_media":0,"comment_status":"open","ping_status":"open","sticky":false,"template":"","format":"standard","meta":{"_monsterinsights_skip_tracking":false,"_monsterinsights_sitenote_active":false,"_monsterinsights_sitenote_note":"","_monsterinsights_sitenote_category":0,"spay_email":"","jetpack_publicize_message":"","jetpack_is_tweetstorm":false,"jetpack_publicize_feature_enabled":true},"categories":[3],"tags":[1186,431,1136,1507,17,15,1503,717,1504,1505,1506],"jetpack_featured_media_url":"","jetpack_publicize_connections":[],"jetpack_sharing_enabled":true,"jetpack_shortlink":"https:\/\/wp.me\/p27q3P-19c","_links":{"self":[{"href":"http:\/\/www.michael-schumacher.es\/noticias-f1\/wp-json\/wp\/v2\/posts\/4414"}],"collection":[{"href":"http:\/\/www.michael-schumacher.es\/noticias-f1\/wp-json\/wp\/v2\/posts"}],"about":[{"href":"http:\/\/www.michael-schumacher.es\/noticias-f1\/wp-json\/wp\/v2\/types\/post"}],"author":[{"embeddable":true,"href":"http:\/\/www.michael-schumacher.es\/noticias-f1\/wp-json\/wp\/v2\/users\/3"}],"replies":[{"embeddable":true,"href":"http:\/\/www.michael-schumacher.es\/noticias-f1\/wp-json\/wp\/v2\/comments?post=4414"}],"version-history":[{"count":0,"href":"http:\/\/www.michael-schumacher.es\/noticias-f1\/wp-json\/wp\/v2\/posts\/4414\/revisions"}],"wp:attachment":[{"href":"http:\/\/www.michael-schumacher.es\/noticias-f1\/wp-json\/wp\/v2\/media?parent=4414"}],"wp:term":[{"taxonomy":"category","embeddable":true,"href":"http:\/\/www.michael-schumacher.es\/noticias-f1\/wp-json\/wp\/v2\/categories?post=4414"},{"taxonomy":"post_tag","embeddable":true,"href":"http:\/\/www.michael-schumacher.es\/noticias-f1\/wp-json\/wp\/v2\/tags?post=4414"}],"curies":[{"name":"wp","href":"https:\/\/api.w.org\/{rel}","templated":true}]}}