{"id":4416,"date":"2012-09-26T16:04:32","date_gmt":"2012-09-26T14:04:32","guid":{"rendered":"http:\/\/www.michael-schumacher.es\/noticias-f1\/?p=4416"},"modified":"2012-09-26T16:04:32","modified_gmt":"2012-09-26T14:04:32","slug":"marko-espera-una-nueva-alianza-de-mclaren-y-ferrari","status":"publish","type":"post","link":"http:\/\/www.michael-schumacher.es\/noticias-f1\/2012\/09\/26\/marko-espera-una-nueva-alianza-de-mclaren-y-ferrari\/","title":{"rendered":"Marko espera una nueva alianza de McLaren y Ferrari"},"content":{"rendered":"<p><a href=\"http:\/\/www.michael-schumacher.es\/noticias-f1\/wp-content\/uploads\/2012\/09\/helmu-marko-2.jpg\"><img loading=\"lazy\" class=\"alignleft\" title=\"Helmut Marko - 2 \" src=\"http:\/\/www.michael-schumacher.es\/noticias-f1\/wp-content\/uploads\/2012\/09\/helmu-marko-2.jpg\" alt=\"\" width=\"200\" height=\"133\" \/><\/a>Iniciamos la parte final de la temporada de F1 y se anticipa dura intensa y ajustada, ya que a falta de seis carreras el campeonato est\u00e1 abierto para varios pilotos, y Marko opina que habr\u00e1 intentos de desestabilizaci\u00f3n psicol\u00f3gica que conlleva a\u00fan no han comenzado. Que comenzaran en breve.<\/p>\n<p><!--more--> <!--noteaser--><\/p>\n<p><a href=\"http:\/\/www.michael-schumacher.es\/noticias-f1\/wp-content\/uploads\/2012\/09\/helmu-marko-2.jpg\"><img loading=\"lazy\" class=\"aligncenter  wp-image-4423\" title=\"Helmut Marko - 2 \" src=\"http:\/\/www.michael-schumacher.es\/noticias-f1\/wp-content\/uploads\/2012\/09\/helmu-marko-2.jpg\" alt=\"\" width=\"640\" height=\"427\" srcset=\"http:\/\/www.michael-schumacher.es\/noticias-f1\/wp-content\/uploads\/2012\/09\/helmu-marko-2.jpg 640w, http:\/\/www.michael-schumacher.es\/noticias-f1\/wp-content\/uploads\/2012\/09\/helmu-marko-2-300x200.jpg 300w\" sizes=\"(max-width: 640px) 100vw, 640px\" \/><\/a><\/p>\n<p>Iniciamos la parte final de la temporada de F1 y se anticipa dura intensa y ajustada, ya que a falta de seis carreras el campeonato est\u00e1 abierto para varios pilotos, y Marko opina que habr\u00e1 intentos de desestabilizaci\u00f3n psicol\u00f3gica que conlleva a\u00fan no han comenzado. Que comenzaran en breve.<\/p>\n<p>&nbsp;<\/p>\n<p>Para Marko, hay alianza \u00abcontra natura\u00bb entre McLaren y Ferrari son juegos psicol\u00f3gicos para perturbar la concentraci\u00f3n de Vettel: <strong>\u00abObviamente, la guerra de palabras est\u00e1 ocurriendo. Y lo ser\u00e1 a\u00fan m\u00e1s intensa de McLaren y Ferrari. Me parece interesante que los enemigos durante d\u00e9cadas de pronto se hacen amigos cuando se trata contra nosotros\u00bb.<\/strong><\/p>\n<p>&nbsp;<\/p>\n<p>Fernando Alonso y Lewis Hamilton unen \u00a0fuerzas para batir a Sebastian Vettel y Red Bull, como ya intentaron en 2011., y en el 2010 tambi\u00e9n\u00bb: <strong>\u00abEs divertido ver a Alonso y Hamilton, que no se llevaban despu\u00e9s de su colaboraci\u00f3n con McLaren, ahora son buenos amigos, est\u00e1n constantemente charlando. Ellos no tienen la misma actitud vis-\u00e0-vis con Sebasti\u00e1n\u201d.<\/strong><\/p>\n<div class=\"sharedaddy sd-sharing-enabled\"><div class=\"robots-nocontent sd-block sd-social sd-social-official sd-sharing\"><h3 class=\"sd-title\">Opciones Sociales:<\/h3><div class=\"sd-content\"><ul><li class=\"share-facebook\"><div class=\"fb-share-button\" data-href=\"http:\/\/www.michael-schumacher.es\/noticias-f1\/2012\/09\/26\/marko-espera-una-nueva-alianza-de-mclaren-y-ferrari\/\" data-layout=\"button_count\"><\/div><\/li><li class=\"share-twitter\"><a href=\"https:\/\/twitter.com\/share\" class=\"twitter-share-button\" data-url=\"http:\/\/www.michael-schumacher.es\/noticias-f1\/2012\/09\/26\/marko-espera-una-nueva-alianza-de-mclaren-y-ferrari\/\" data-text=\"Marko espera una nueva alianza de McLaren y Ferrari\"  >Tweet<\/a><\/li><li class=\"share-email\"><a rel=\"nofollow noopener noreferrer\" data-shared=\"\" class=\"share-email sd-button\" href=\"http:\/\/www.michael-schumacher.es\/noticias-f1\/2012\/09\/26\/marko-espera-una-nueva-alianza-de-mclaren-y-ferrari\/?share=email\" target=\"_blank\" title=\"Haz clic para enviar por correo electr\u00f3nico a un amigo\"><span>Correo electr\u00f3nico<\/span><\/a><\/li><li class=\"share-end\"><\/li><\/ul><\/div><\/div><\/div>","protected":false},"excerpt":{"rendered":"<p>Iniciamos la parte final de la temporada de F1 y se anticipa dura intensa y ajustada, ya que a falta de seis carreras el campeonato est\u00e1 abierto para varios pilotos, y Marko opina que habr\u00e1 intentos de desestabilizaci\u00f3n psicol\u00f3gica que conlleva a\u00fan no han comenzado. Que comenzaran en breve.<\/p>\n<div class=\"sharedaddy sd-sharing-enabled\"><div class=\"robots-nocontent sd-block sd-social sd-social-official sd-sharing\"><h3 class=\"sd-title\">Opciones Sociales:<\/h3><div class=\"sd-content\"><ul><li class=\"share-facebook\"><div class=\"fb-share-button\" data-href=\"http:\/\/www.michael-schumacher.es\/noticias-f1\/2012\/09\/26\/marko-espera-una-nueva-alianza-de-mclaren-y-ferrari\/\" data-layout=\"button_count\"><\/div><\/li><li class=\"share-twitter\"><a href=\"https:\/\/twitter.com\/share\" class=\"twitter-share-button\" data-url=\"http:\/\/www.michael-schumacher.es\/noticias-f1\/2012\/09\/26\/marko-espera-una-nueva-alianza-de-mclaren-y-ferrari\/\" data-text=\"Marko espera una nueva alianza de McLaren y Ferrari\"  >Tweet<\/a><\/li><li class=\"share-email\"><a rel=\"nofollow noopener noreferrer\" data-shared=\"\" class=\"share-email sd-button\" href=\"http:\/\/www.michael-schumacher.es\/noticias-f1\/2012\/09\/26\/marko-espera-una-nueva-alianza-de-mclaren-y-ferrari\/?share=email\" target=\"_blank\" title=\"Haz clic para enviar por correo electr\u00f3nico a un amigo\"><span>Correo electr\u00f3nico<\/span><\/a><\/li><li class=\"share-end\"><\/li><\/ul><\/div><\/div><\/div>","protected":false},"author":3,"featured_media":0,"comment_status":"open","ping_status":"open","sticky":false,"template":"","format":"standard","meta":{"_monsterinsights_skip_tracking":false,"_monsterinsights_sitenote_active":false,"_monsterinsights_sitenote_note":"","_monsterinsights_sitenote_category":0,"spay_email":"","jetpack_publicize_message":"","jetpack_is_tweetstorm":false,"jetpack_publicize_feature_enabled":true},"categories":[3],"tags":[1510,1508,1509,17,141,15,1155,1153,1154,138,51,1511],"jetpack_featured_media_url":"","jetpack_publicize_connections":[],"jetpack_sharing_enabled":true,"jetpack_shortlink":"https:\/\/wp.me\/p27q3P-19e","_links":{"self":[{"href":"http:\/\/www.michael-schumacher.es\/noticias-f1\/wp-json\/wp\/v2\/posts\/4416"}],"collection":[{"href":"http:\/\/www.michael-schumacher.es\/noticias-f1\/wp-json\/wp\/v2\/posts"}],"about":[{"href":"http:\/\/www.michael-schumacher.es\/noticias-f1\/wp-json\/wp\/v2\/types\/post"}],"author":[{"embeddable":true,"href":"http:\/\/www.michael-schumacher.es\/noticias-f1\/wp-json\/wp\/v2\/users\/3"}],"replies":[{"embeddable":true,"href":"http:\/\/www.michael-schumacher.es\/noticias-f1\/wp-json\/wp\/v2\/comments?post=4416"}],"version-history":[{"count":0,"href":"http:\/\/www.michael-schumacher.es\/noticias-f1\/wp-json\/wp\/v2\/posts\/4416\/revisions"}],"wp:attachment":[{"href":"http:\/\/www.michael-schumacher.es\/noticias-f1\/wp-json\/wp\/v2\/media?parent=4416"}],"wp:term":[{"taxonomy":"category","embeddable":true,"href":"http:\/\/www.michael-schumacher.es\/noticias-f1\/wp-json\/wp\/v2\/categories?post=4416"},{"taxonomy":"post_tag","embeddable":true,"href":"http:\/\/www.michael-schumacher.es\/noticias-f1\/wp-json\/wp\/v2\/tags?post=4416"}],"curies":[{"name":"wp","href":"https:\/\/api.w.org\/{rel}","templated":true}]}}