{"id":4434,"date":"2012-09-27T00:51:09","date_gmt":"2012-09-26T22:51:09","guid":{"rendered":"http:\/\/www.michael-schumacher.es\/noticias-f1\/?p=4434"},"modified":"2012-09-27T00:51:09","modified_gmt":"2012-09-26T22:51:09","slug":"buemi-espera-regresar-a-la-f1","status":"publish","type":"post","link":"http:\/\/www.michael-schumacher.es\/noticias-f1\/2012\/09\/27\/buemi-espera-regresar-a-la-f1\/","title":{"rendered":"Buemi espera regresar a la F1"},"content":{"rendered":"<p><a href=\"http:\/\/www.michael-schumacher.es\/noticias-f1\/wp-content\/uploads\/2012\/08\/buemi-2011-1-mini.jpg\"><img loading=\"lazy\" class=\"alignleft\" title=\"buemi-2011-1-mini\" src=\"http:\/\/www.michael-schumacher.es\/noticias-f1\/wp-content\/uploads\/2012\/08\/buemi-2011-1-mini.jpg\" alt=\"\" width=\"200\" height=\"150\" \/><\/a>Sebastien Buemi y Jaime Alguersuari, dejaron de ser pilotos de Toro Rosso a finales de 2011 hasta ese momento hab\u00eda pilotado para Toro Rosso, un total de 55 Grandes Premios. Desde entonces es el piloto reserva oficial de Red Bull y principalmente trabaja y entrena \u00a0en el simulador<\/p>\n<p><!--more--> <!--noteaser--><\/p>\n<p style=\"text-align: center;\">\u00a0<a href=\"http:\/\/www.michael-schumacher.es\/noticias-f1\/wp-content\/uploads\/2012\/08\/buemi-2011-1.jpg\"><img loading=\"lazy\" class=\"aligncenter\" title=\"buemi-2011-1\" src=\"http:\/\/www.michael-schumacher.es\/noticias-f1\/wp-content\/uploads\/2012\/08\/buemi-2011-1.jpg\" alt=\"\" width=\"600\" height=\"450\" \/><\/a><\/p>\n<p>Sebastien Buemi y Jaime Alguersuari, dejaron de ser pilotos de Toro Rosso a finales de 2011 hasta ese momento hab\u00eda pilotado para Toro Rosso, un total de 55 Grandes Premios. Desde entonces es el piloto reserva oficial de Red Bull y principalmente trabaja y entrena \u00a0en el simulador<\/p>\n<p>&nbsp;<\/p>\n<p>Aunque el regreso es dif\u00edcil, hay\u00a0 asientos potencialmente en juego en la parrilla de 2013, podr\u00eda ser en Sauber y Force India y tambi\u00e9n Caterham, por lo que se\u00a0 especula \u00a0con un posible regreso de Buemi: <strong>\u00bb No quiero ser siempre el tercer piloto. El cambio es dif\u00edcil\u00bb.<\/strong><\/p>\n<p>&nbsp;<\/p>\n<p>Red Bull ha ofrecido a Buemi mantenerlo a bordo como su reserva, piloto de pruebas y simulaci\u00f3n, pero no ser\u00e1n un obst\u00e1culo si puede fichar de titular en un equipo, seg\u00fan ha dicho Helmut Marko: <strong>\u00abS\u00ed, estamos m\u00e1s que satisfechos con trabajo de Sebastien. \u00a0Pero si puede ir a competir en alguna parte, no nos \u00a0interpondremos \u00a0en su camino, por supuesto\u00bb.<\/strong><\/p>\n<div class=\"sharedaddy sd-sharing-enabled\"><div class=\"robots-nocontent sd-block sd-social sd-social-official sd-sharing\"><h3 class=\"sd-title\">Opciones Sociales:<\/h3><div class=\"sd-content\"><ul><li class=\"share-facebook\"><div class=\"fb-share-button\" data-href=\"http:\/\/www.michael-schumacher.es\/noticias-f1\/2012\/09\/27\/buemi-espera-regresar-a-la-f1\/\" data-layout=\"button_count\"><\/div><\/li><li class=\"share-twitter\"><a href=\"https:\/\/twitter.com\/share\" class=\"twitter-share-button\" data-url=\"http:\/\/www.michael-schumacher.es\/noticias-f1\/2012\/09\/27\/buemi-espera-regresar-a-la-f1\/\" data-text=\"Buemi espera regresar a la F1\"  >Tweet<\/a><\/li><li class=\"share-email\"><a rel=\"nofollow noopener noreferrer\" data-shared=\"\" class=\"share-email sd-button\" href=\"http:\/\/www.michael-schumacher.es\/noticias-f1\/2012\/09\/27\/buemi-espera-regresar-a-la-f1\/?share=email\" target=\"_blank\" title=\"Haz clic para enviar por correo electr\u00f3nico a un amigo\"><span>Correo electr\u00f3nico<\/span><\/a><\/li><li class=\"share-end\"><\/li><\/ul><\/div><\/div><\/div>","protected":false},"excerpt":{"rendered":"<p>Sebastien Buemi y Jaime Alguersuari, dejaron de ser pilotos de Toro Rosso a finales de 2011 hasta ese momento hab\u00eda pilotado para Toro Rosso, un total de 55 Grandes Premios. Desde entonces es el piloto reserva oficial de Red Bull y principalmente trabaja y entrena \u00a0en el simulador<\/p>\n<div class=\"sharedaddy sd-sharing-enabled\"><div class=\"robots-nocontent sd-block sd-social sd-social-official sd-sharing\"><h3 class=\"sd-title\">Opciones Sociales:<\/h3><div class=\"sd-content\"><ul><li class=\"share-facebook\"><div class=\"fb-share-button\" data-href=\"http:\/\/www.michael-schumacher.es\/noticias-f1\/2012\/09\/27\/buemi-espera-regresar-a-la-f1\/\" data-layout=\"button_count\"><\/div><\/li><li class=\"share-twitter\"><a href=\"https:\/\/twitter.com\/share\" class=\"twitter-share-button\" data-url=\"http:\/\/www.michael-schumacher.es\/noticias-f1\/2012\/09\/27\/buemi-espera-regresar-a-la-f1\/\" data-text=\"Buemi espera regresar a la F1\"  >Tweet<\/a><\/li><li class=\"share-email\"><a rel=\"nofollow noopener noreferrer\" data-shared=\"\" class=\"share-email sd-button\" href=\"http:\/\/www.michael-schumacher.es\/noticias-f1\/2012\/09\/27\/buemi-espera-regresar-a-la-f1\/?share=email\" target=\"_blank\" title=\"Haz clic para enviar por correo electr\u00f3nico a un amigo\"><span>Correo electr\u00f3nico<\/span><\/a><\/li><li class=\"share-end\"><\/li><\/ul><\/div><\/div><\/div>","protected":false},"author":3,"featured_media":0,"comment_status":"open","ping_status":"open","sticky":false,"template":"","format":"standard","meta":{"_monsterinsights_skip_tracking":false,"_monsterinsights_sitenote_active":false,"_monsterinsights_sitenote_note":"","_monsterinsights_sitenote_category":0,"spay_email":"","jetpack_publicize_message":"","jetpack_is_tweetstorm":false,"jetpack_publicize_feature_enabled":true},"categories":[3],"tags":[53,373,806,550,1059,17,15,734,1519,195,1520,808,805,823,103,199],"jetpack_featured_media_url":"","jetpack_publicize_connections":[],"jetpack_sharing_enabled":true,"jetpack_shortlink":"https:\/\/wp.me\/p27q3P-19w","_links":{"self":[{"href":"http:\/\/www.michael-schumacher.es\/noticias-f1\/wp-json\/wp\/v2\/posts\/4434"}],"collection":[{"href":"http:\/\/www.michael-schumacher.es\/noticias-f1\/wp-json\/wp\/v2\/posts"}],"about":[{"href":"http:\/\/www.michael-schumacher.es\/noticias-f1\/wp-json\/wp\/v2\/types\/post"}],"author":[{"embeddable":true,"href":"http:\/\/www.michael-schumacher.es\/noticias-f1\/wp-json\/wp\/v2\/users\/3"}],"replies":[{"embeddable":true,"href":"http:\/\/www.michael-schumacher.es\/noticias-f1\/wp-json\/wp\/v2\/comments?post=4434"}],"version-history":[{"count":0,"href":"http:\/\/www.michael-schumacher.es\/noticias-f1\/wp-json\/wp\/v2\/posts\/4434\/revisions"}],"wp:attachment":[{"href":"http:\/\/www.michael-schumacher.es\/noticias-f1\/wp-json\/wp\/v2\/media?parent=4434"}],"wp:term":[{"taxonomy":"category","embeddable":true,"href":"http:\/\/www.michael-schumacher.es\/noticias-f1\/wp-json\/wp\/v2\/categories?post=4434"},{"taxonomy":"post_tag","embeddable":true,"href":"http:\/\/www.michael-schumacher.es\/noticias-f1\/wp-json\/wp\/v2\/tags?post=4434"}],"curies":[{"name":"wp","href":"https:\/\/api.w.org\/{rel}","templated":true}]}}