{"id":4539,"date":"2012-10-01T14:53:18","date_gmt":"2012-10-01T12:53:18","guid":{"rendered":"http:\/\/www.michael-schumacher.es\/noticias-f1\/?p=4539"},"modified":"2012-10-01T14:53:18","modified_gmt":"2012-10-01T12:53:18","slug":"grosjean-confia-en-que-raikkonen-pueda-ganar-el-campeonato","status":"publish","type":"post","link":"http:\/\/www.michael-schumacher.es\/noticias-f1\/2012\/10\/01\/grosjean-confia-en-que-raikkonen-pueda-ganar-el-campeonato\/","title":{"rendered":"Grosjean conf\u00eda en que Raikkonen pueda ganar el Campeonato"},"content":{"rendered":"<p><a href=\"http:\/\/www.michael-schumacher.es\/noticias-f1\/wp-content\/uploads\/2012\/09\/eric-boullier-kimi-raikkonen-romain-grosjean.jpg\"><img loading=\"lazy\" class=\"alignleft\" title=\"Eric Boullier - Kimi Raikkonen - Romain Grosjean \" src=\"http:\/\/www.michael-schumacher.es\/noticias-f1\/wp-content\/uploads\/2012\/09\/eric-boullier-kimi-raikkonen-romain-grosjean.jpg\" alt=\"\" width=\"200\" height=\"145\" \/><\/a>Raikkonen ha impresionado a todos con su excelente rendimiento hasta ahora y se ha situado en la tercera posici\u00f3n en la clasificaci\u00f3n de pilotos con 149 puntos, en el a\u00f1o que ha regresado con Lotus a la F1, tras dos a\u00f1os en el Campeonato Mundial de Rally.<\/p>\n<p><!--more--> <!--noteaser--><\/p>\n<p style=\"text-align: center;\">\u00a0<a href=\"http:\/\/www.michael-schumacher.es\/noticias-f1\/wp-content\/uploads\/2012\/09\/eric-boullier-kimi-raikkonen-romain-grosjean.jpg\"><img loading=\"lazy\" class=\"aligncenter size-full wp-image-3676\" title=\"Eric Boullier - Kimi Raikkonen - Romain Grosjean \" src=\"http:\/\/www.michael-schumacher.es\/noticias-f1\/wp-content\/uploads\/2012\/09\/eric-boullier-kimi-raikkonen-romain-grosjean.jpg\" alt=\"\" width=\"600\" height=\"440\" srcset=\"http:\/\/www.michael-schumacher.es\/noticias-f1\/wp-content\/uploads\/2012\/09\/eric-boullier-kimi-raikkonen-romain-grosjean.jpg 600w, http:\/\/www.michael-schumacher.es\/noticias-f1\/wp-content\/uploads\/2012\/09\/eric-boullier-kimi-raikkonen-romain-grosjean-300x220.jpg 300w\" sizes=\"(max-width: 600px) 100vw, 600px\" \/><\/a><\/p>\n<p>Raikkonen ha impresionado a todos con su excelente rendimiento hasta ahora y se ha situado en la tercera posici\u00f3n en la clasificaci\u00f3n de pilotos con 149 puntos, en el a\u00f1o que ha regresado con Lotus a la F1, tras dos a\u00f1os en el Campeonato Mundial de Rally.<\/p>\n<p>&nbsp;<\/p>\n<p>Kimi Raikkonen \u00a0est\u00e1 situado \u00a0a 16 puntos detr\u00e1s del actual campe\u00f3n, Sebastian Vettel de Red Bull Racing. Y a 45 de \u00a0Fernando Alonso de l\u00edder del campeonato, sin embargo, Grosjean ha afirmado que su compa\u00f1ero, a\u00fan puede ganar el t\u00edtulo de campe\u00f3n, cuando todav\u00eda hay 150 puntos por repartir.<\/p>\n<p>&nbsp;<\/p>\n<p>Grosjean ha dicho que su compa\u00f1ero de equipo es un piloto incre\u00edble y tiene posibilidades de cerrar la ventaja con los dos pilotos de delante: <strong>\u00abEst\u00e1bamos muy parejos en camino, pero ahora \u00e9l est\u00e1 luchando por ser Campe\u00f3n del Mundo, y tiene muy buenas posibilidades de lograr eso. Sigue siendo un piloto muy bueno. Por supuesto que no voy a hacer que sea dif\u00edcil para \u00e9l ya que est\u00e1 m\u00e1s cerca de la parte delantera del campeonato que yo\u201d.<\/strong><\/p>\n<p>&nbsp;<\/p>\n<p>Para el piloto de Lotus Grosjean, la pista del Gran Premio de Jap\u00f3n es uno de los circuitos m\u00e1s exigentes del calendario y no se pueden cometer errores. Tambi\u00e9n los aficionados japoneses ofrecen un gran apoyo y conf\u00eda en tener un buen rendimiento y hacer la mejor carrera por el campeonato de este a\u00f1o:<strong> \u00abEs todo un circuito! Si tenemos buena puesta a punto, podemos realmente disfrutar de la pista. Es un circuito incre\u00edble. S\u00f3lo he corrido all\u00ed una vez, pero me encant\u00f3, as\u00ed que estoy deseando volver. Es dif\u00edcil escoger una sola parte del circuito como favorita\u201d.<\/strong><\/p>\n<div class=\"sharedaddy sd-sharing-enabled\"><div class=\"robots-nocontent sd-block sd-social sd-social-official sd-sharing\"><h3 class=\"sd-title\">Opciones Sociales:<\/h3><div class=\"sd-content\"><ul><li class=\"share-facebook\"><div class=\"fb-share-button\" data-href=\"http:\/\/www.michael-schumacher.es\/noticias-f1\/2012\/10\/01\/grosjean-confia-en-que-raikkonen-pueda-ganar-el-campeonato\/\" data-layout=\"button_count\"><\/div><\/li><li class=\"share-twitter\"><a href=\"https:\/\/twitter.com\/share\" class=\"twitter-share-button\" data-url=\"http:\/\/www.michael-schumacher.es\/noticias-f1\/2012\/10\/01\/grosjean-confia-en-que-raikkonen-pueda-ganar-el-campeonato\/\" data-text=\"Grosjean conf\u00eda en que Raikkonen pueda ganar el Campeonato\"  >Tweet<\/a><\/li><li class=\"share-email\"><a rel=\"nofollow noopener noreferrer\" data-shared=\"\" class=\"share-email sd-button\" href=\"http:\/\/www.michael-schumacher.es\/noticias-f1\/2012\/10\/01\/grosjean-confia-en-que-raikkonen-pueda-ganar-el-campeonato\/?share=email\" target=\"_blank\" title=\"Haz clic para enviar por correo electr\u00f3nico a un amigo\"><span>Correo electr\u00f3nico<\/span><\/a><\/li><li class=\"share-end\"><\/li><\/ul><\/div><\/div><\/div>","protected":false},"excerpt":{"rendered":"<p>Raikkonen ha impresionado a todos con su excelente rendimiento hasta ahora y se ha situado en la tercera posici\u00f3n en la clasificaci\u00f3n de pilotos con 149 puntos, en el a\u00f1o que ha regresado con Lotus a la F1, tras dos a\u00f1os en el Campeonato Mundial de Rally.<\/p>\n<div class=\"sharedaddy sd-sharing-enabled\"><div class=\"robots-nocontent sd-block sd-social sd-social-official sd-sharing\"><h3 class=\"sd-title\">Opciones Sociales:<\/h3><div class=\"sd-content\"><ul><li class=\"share-facebook\"><div class=\"fb-share-button\" data-href=\"http:\/\/www.michael-schumacher.es\/noticias-f1\/2012\/10\/01\/grosjean-confia-en-que-raikkonen-pueda-ganar-el-campeonato\/\" data-layout=\"button_count\"><\/div><\/li><li class=\"share-twitter\"><a href=\"https:\/\/twitter.com\/share\" class=\"twitter-share-button\" data-url=\"http:\/\/www.michael-schumacher.es\/noticias-f1\/2012\/10\/01\/grosjean-confia-en-que-raikkonen-pueda-ganar-el-campeonato\/\" data-text=\"Grosjean conf\u00eda en que Raikkonen pueda ganar el Campeonato\"  >Tweet<\/a><\/li><li class=\"share-email\"><a rel=\"nofollow noopener noreferrer\" data-shared=\"\" class=\"share-email sd-button\" href=\"http:\/\/www.michael-schumacher.es\/noticias-f1\/2012\/10\/01\/grosjean-confia-en-que-raikkonen-pueda-ganar-el-campeonato\/?share=email\" target=\"_blank\" title=\"Haz clic para enviar por correo electr\u00f3nico a un amigo\"><span>Correo electr\u00f3nico<\/span><\/a><\/li><li class=\"share-end\"><\/li><\/ul><\/div><\/div><\/div>","protected":false},"author":3,"featured_media":0,"comment_status":"open","ping_status":"open","sticky":false,"template":"","format":"standard","meta":{"_monsterinsights_skip_tracking":false,"_monsterinsights_sitenote_active":false,"_monsterinsights_sitenote_note":"","_monsterinsights_sitenote_category":0,"spay_email":"","jetpack_publicize_message":"","jetpack_is_tweetstorm":false,"jetpack_publicize_feature_enabled":true},"categories":[3],"tags":[544,591,17,15,326,83,81,26,24,82,1465,1584],"jetpack_featured_media_url":"","jetpack_publicize_connections":[],"jetpack_sharing_enabled":true,"jetpack_shortlink":"https:\/\/wp.me\/p27q3P-1bd","_links":{"self":[{"href":"http:\/\/www.michael-schumacher.es\/noticias-f1\/wp-json\/wp\/v2\/posts\/4539"}],"collection":[{"href":"http:\/\/www.michael-schumacher.es\/noticias-f1\/wp-json\/wp\/v2\/posts"}],"about":[{"href":"http:\/\/www.michael-schumacher.es\/noticias-f1\/wp-json\/wp\/v2\/types\/post"}],"author":[{"embeddable":true,"href":"http:\/\/www.michael-schumacher.es\/noticias-f1\/wp-json\/wp\/v2\/users\/3"}],"replies":[{"embeddable":true,"href":"http:\/\/www.michael-schumacher.es\/noticias-f1\/wp-json\/wp\/v2\/comments?post=4539"}],"version-history":[{"count":0,"href":"http:\/\/www.michael-schumacher.es\/noticias-f1\/wp-json\/wp\/v2\/posts\/4539\/revisions"}],"wp:attachment":[{"href":"http:\/\/www.michael-schumacher.es\/noticias-f1\/wp-json\/wp\/v2\/media?parent=4539"}],"wp:term":[{"taxonomy":"category","embeddable":true,"href":"http:\/\/www.michael-schumacher.es\/noticias-f1\/wp-json\/wp\/v2\/categories?post=4539"},{"taxonomy":"post_tag","embeddable":true,"href":"http:\/\/www.michael-schumacher.es\/noticias-f1\/wp-json\/wp\/v2\/tags?post=4539"}],"curies":[{"name":"wp","href":"https:\/\/api.w.org\/{rel}","templated":true}]}}