{"id":4641,"date":"2012-10-05T14:03:31","date_gmt":"2012-10-05T12:03:31","guid":{"rendered":"http:\/\/www.michael-schumacher.es\/noticias-f1\/?p=4641"},"modified":"2012-10-05T14:03:31","modified_gmt":"2012-10-05T12:03:31","slug":"raikkonen-dice-que-no-tiene-contrato-para-el-2013","status":"publish","type":"post","link":"http:\/\/www.michael-schumacher.es\/noticias-f1\/2012\/10\/05\/raikkonen-dice-que-no-tiene-contrato-para-el-2013\/","title":{"rendered":"Raikkonen dice que no tiene contrato para el 2013"},"content":{"rendered":"<p><a href=\"http:\/\/www.michael-schumacher.es\/noticias-f1\/wp-content\/uploads\/2012\/09\/eric-boullier-kimi-raikkonen-romain-grosjean.jpg\"><img loading=\"lazy\" class=\"alignleft\" title=\"Eric Boullier - Kimi Raikkonen - Romain Grosjean \" src=\"http:\/\/www.michael-schumacher.es\/noticias-f1\/wp-content\/uploads\/2012\/09\/eric-boullier-kimi-raikkonen-romain-grosjean.jpg\" alt=\"\" width=\"200\" height=\"145\" \/><\/a>Tanto Gerard L\u00f3pez como Eric Boullier, manifestaron en varias ocasiones que Kimi, el Campeon del mundo de 2007 se quedaba en Lotus en 2013, debido a la \u00abopci\u00f3n\u00bb de un contrato. Sin embargo el piloto confirma que no ha firmado un contrato.<\/p>\n<p><!--more--> <!--noteaser--><\/p>\n<p><a href=\"http:\/\/www.michael-schumacher.es\/noticias-f1\/wp-content\/uploads\/2012\/09\/eric-boullier-kimi-raikkonen-romain-grosjean.jpg\"><img loading=\"lazy\" class=\"aligncenter size-full wp-image-3676\" title=\"Eric Boullier - Kimi Raikkonen - Romain Grosjean \" src=\"http:\/\/www.michael-schumacher.es\/noticias-f1\/wp-content\/uploads\/2012\/09\/eric-boullier-kimi-raikkonen-romain-grosjean.jpg\" alt=\"\" width=\"600\" height=\"440\" srcset=\"http:\/\/www.michael-schumacher.es\/noticias-f1\/wp-content\/uploads\/2012\/09\/eric-boullier-kimi-raikkonen-romain-grosjean.jpg 600w, http:\/\/www.michael-schumacher.es\/noticias-f1\/wp-content\/uploads\/2012\/09\/eric-boullier-kimi-raikkonen-romain-grosjean-300x220.jpg 300w\" sizes=\"(max-width: 600px) 100vw, 600px\" \/><\/a><\/p>\n<p>Tanto Gerard L\u00f3pez como Eric Boullier, manifestaron en varias ocasiones que Kimi, el Campeon del mundo de 2007 se quedaba en Lotus en 2013, debido a la \u00abopci\u00f3n\u00bb de un contrato. Sin embargo el piloto confirma que no ha firmado un contrato.<\/p>\n<p>&nbsp;<\/p>\n<p>Seg\u00fan las declaraciones de Kimi, ofrecidas al peri\u00f3dico Turun Sanomat: <strong>\u00abNo he firmado para la pr\u00f3xima temporada. Yo no tengo ning\u00fan acuerdo para la pr\u00f3xima temporada todav\u00eda.\u00bb<\/strong><\/p>\n<p>&nbsp;<\/p>\n<p>Respecto a los movimientos de Hamilton y Micael Schumacher y los rumores del baile de pilotos Kimi no quiso pronunciarse<strong>: \u201cNo tiene nada que ver conmigo y es por eso que no voy a hacer ning\u00fan comentario sobre cualquier cosa que no tiene que ver conmigo\u00bb.<\/strong><\/p>\n<p>&nbsp;<\/p>\n<p>&nbsp;<\/p>\n<div class=\"sharedaddy sd-sharing-enabled\"><div class=\"robots-nocontent sd-block sd-social sd-social-official sd-sharing\"><h3 class=\"sd-title\">Opciones Sociales:<\/h3><div class=\"sd-content\"><ul><li class=\"share-facebook\"><div class=\"fb-share-button\" data-href=\"http:\/\/www.michael-schumacher.es\/noticias-f1\/2012\/10\/05\/raikkonen-dice-que-no-tiene-contrato-para-el-2013\/\" data-layout=\"button_count\"><\/div><\/li><li class=\"share-twitter\"><a href=\"https:\/\/twitter.com\/share\" class=\"twitter-share-button\" data-url=\"http:\/\/www.michael-schumacher.es\/noticias-f1\/2012\/10\/05\/raikkonen-dice-que-no-tiene-contrato-para-el-2013\/\" data-text=\"Raikkonen dice que no tiene contrato para el 2013\"  >Tweet<\/a><\/li><li class=\"share-email\"><a rel=\"nofollow noopener noreferrer\" data-shared=\"\" class=\"share-email sd-button\" href=\"http:\/\/www.michael-schumacher.es\/noticias-f1\/2012\/10\/05\/raikkonen-dice-que-no-tiene-contrato-para-el-2013\/?share=email\" target=\"_blank\" title=\"Haz clic para enviar por correo electr\u00f3nico a un amigo\"><span>Correo electr\u00f3nico<\/span><\/a><\/li><li class=\"share-end\"><\/li><\/ul><\/div><\/div><\/div>","protected":false},"excerpt":{"rendered":"<p>Tanto Gerard L\u00f3pez como Eric Boullier, manifestaron en varias ocasiones que Kimi, el Campeon del mundo de 2007 se quedaba en Lotus en 2013, debido a la \u00abopci\u00f3n\u00bb de un contrato. Sin embargo el piloto confirma que no ha firmado un contrato.<\/p>\n<div class=\"sharedaddy sd-sharing-enabled\"><div class=\"robots-nocontent sd-block sd-social sd-social-official sd-sharing\"><h3 class=\"sd-title\">Opciones Sociales:<\/h3><div class=\"sd-content\"><ul><li class=\"share-facebook\"><div class=\"fb-share-button\" data-href=\"http:\/\/www.michael-schumacher.es\/noticias-f1\/2012\/10\/05\/raikkonen-dice-que-no-tiene-contrato-para-el-2013\/\" data-layout=\"button_count\"><\/div><\/li><li class=\"share-twitter\"><a href=\"https:\/\/twitter.com\/share\" class=\"twitter-share-button\" data-url=\"http:\/\/www.michael-schumacher.es\/noticias-f1\/2012\/10\/05\/raikkonen-dice-que-no-tiene-contrato-para-el-2013\/\" data-text=\"Raikkonen dice que no tiene contrato para el 2013\"  >Tweet<\/a><\/li><li class=\"share-email\"><a rel=\"nofollow noopener noreferrer\" data-shared=\"\" class=\"share-email sd-button\" href=\"http:\/\/www.michael-schumacher.es\/noticias-f1\/2012\/10\/05\/raikkonen-dice-que-no-tiene-contrato-para-el-2013\/?share=email\" target=\"_blank\" title=\"Haz clic para enviar por correo electr\u00f3nico a un amigo\"><span>Correo electr\u00f3nico<\/span><\/a><\/li><li class=\"share-end\"><\/li><\/ul><\/div><\/div><\/div>","protected":false},"author":3,"featured_media":0,"comment_status":"open","ping_status":"open","sticky":false,"template":"","format":"standard","meta":{"_monsterinsights_skip_tracking":false,"_monsterinsights_sitenote_active":false,"_monsterinsights_sitenote_note":"","_monsterinsights_sitenote_category":0,"spay_email":"","jetpack_publicize_message":"","jetpack_is_tweetstorm":false,"jetpack_publicize_feature_enabled":true},"categories":[3],"tags":[373,1606,13,500,1605,17,1604,15,11,12,81,10,26,24],"jetpack_featured_media_url":"","jetpack_publicize_connections":[],"jetpack_sharing_enabled":true,"jetpack_shortlink":"https:\/\/wp.me\/p27q3P-1cR","_links":{"self":[{"href":"http:\/\/www.michael-schumacher.es\/noticias-f1\/wp-json\/wp\/v2\/posts\/4641"}],"collection":[{"href":"http:\/\/www.michael-schumacher.es\/noticias-f1\/wp-json\/wp\/v2\/posts"}],"about":[{"href":"http:\/\/www.michael-schumacher.es\/noticias-f1\/wp-json\/wp\/v2\/types\/post"}],"author":[{"embeddable":true,"href":"http:\/\/www.michael-schumacher.es\/noticias-f1\/wp-json\/wp\/v2\/users\/3"}],"replies":[{"embeddable":true,"href":"http:\/\/www.michael-schumacher.es\/noticias-f1\/wp-json\/wp\/v2\/comments?post=4641"}],"version-history":[{"count":0,"href":"http:\/\/www.michael-schumacher.es\/noticias-f1\/wp-json\/wp\/v2\/posts\/4641\/revisions"}],"wp:attachment":[{"href":"http:\/\/www.michael-schumacher.es\/noticias-f1\/wp-json\/wp\/v2\/media?parent=4641"}],"wp:term":[{"taxonomy":"category","embeddable":true,"href":"http:\/\/www.michael-schumacher.es\/noticias-f1\/wp-json\/wp\/v2\/categories?post=4641"},{"taxonomy":"post_tag","embeddable":true,"href":"http:\/\/www.michael-schumacher.es\/noticias-f1\/wp-json\/wp\/v2\/tags?post=4641"}],"curies":[{"name":"wp","href":"https:\/\/api.w.org\/{rel}","templated":true}]}}