{"id":4653,"date":"2012-10-05T15:00:35","date_gmt":"2012-10-05T13:00:35","guid":{"rendered":"http:\/\/www.michael-schumacher.es\/noticias-f1\/?p=4653"},"modified":"2012-10-05T15:00:35","modified_gmt":"2012-10-05T13:00:35","slug":"entrenamientos-gp-de-japon-suzuka-2012-force-india","status":"publish","type":"post","link":"http:\/\/www.michael-schumacher.es\/noticias-f1\/2012\/10\/05\/entrenamientos-gp-de-japon-suzuka-2012-force-india\/","title":{"rendered":"Entrenamientos GP de Jap\u00f3n, Suzuka 2012. Force India."},"content":{"rendered":"<p><a href=\"http:\/\/www.michael-schumacher.es\/noticias-f1\/wp-content\/uploads\/2012\/08\/david_sarro.hulkenberg-1-mini.jpg\"><img loading=\"lazy\" class=\"alignleft size-full wp-image-3107\" title=\"Nico Hulkenberg 1 - miniatura\" src=\"http:\/\/www.michael-schumacher.es\/noticias-f1\/wp-content\/uploads\/2012\/08\/david_sarro.hulkenberg-1-mini.jpg\" alt=\"\" width=\"200\" height=\"133\" \/><\/a>El equipo ha conseguido tener muchos datos para estudiar para la clasificaci\u00f3n y la carrera por lo que han terminado la sesi\u00f3n de hoy contentos. Nico Hulkenberg ha completado el programa sin problemas y consiguiendo mucha informaci\u00f3n. Paul Di Resta tuvo una buena sesi\u00f3n en la ma\u00f1ana pero en la tarde tuvo un peque\u00f1o error que le ha hecho perder tiempo en la pista .<\/p>\n<p><!--more--> <!--noteaser--><\/p>\n<p><a href=\"http:\/\/www.michael-schumacher.es\/noticias-f1\/wp-content\/uploads\/2012\/08\/david_sarro.hulkenberg-1.jpg\"><img loading=\"lazy\" class=\"aligncenter size-full wp-image-3108\" title=\"Nico Hulkenberg 1\" src=\"http:\/\/www.michael-schumacher.es\/noticias-f1\/wp-content\/uploads\/2012\/08\/david_sarro.hulkenberg-1.jpg\" alt=\"\" width=\"600\" height=\"400\" srcset=\"http:\/\/www.michael-schumacher.es\/noticias-f1\/wp-content\/uploads\/2012\/08\/david_sarro.hulkenberg-1.jpg 600w, http:\/\/www.michael-schumacher.es\/noticias-f1\/wp-content\/uploads\/2012\/08\/david_sarro.hulkenberg-1-300x200.jpg 300w\" sizes=\"(max-width: 600px) 100vw, 600px\" \/><\/a><\/p>\n<p>El equipo ha conseguido tener muchos datos para estudiar para la clasificaci\u00f3n y la carrera por lo que han terminado la sesi\u00f3n de hoy contentos. Nico Hulkenberg ha completado el programa sin problemas y consiguiendo mucha informaci\u00f3n. Paul Di Resta tuvo una buena sesi\u00f3n en la ma\u00f1ana pero en la tarde tuvo un peque\u00f1o error que le ha hecho perder tiempo en la pista .<\/p>\n<p>&nbsp;<\/p>\n<p><strong>Nico Hulkenberg:<\/strong> \u00abUn buen viernes para mi suave y agradable de tener dos sesiones en seco con un clima constante. Pasamos por el programa e hicimos todas las cosas que quer\u00edamos, sin problemas. Estoy bastante contento con el coche con poco combustible, pero creo que todav\u00eda tenemos mucho trabajo que hacer para mejorar el rendimiento de combustible. Nos tomamos nuestro enfoque habitual con los neum\u00e1ticos con los compuestos duro y blando, as\u00ed que tenemos un mont\u00f3n de informaci\u00f3n que nos ayuden para la carrera. \u00bb<\/p>\n<p>&nbsp;<\/p>\n<p><strong>Paul Di Resta:<\/strong> \u00abLa sesi\u00f3n de la ma\u00f1ana fue sencillo y el equilibrio era bueno justo despu\u00e9s de almorzar con los cambios que se hab\u00edan introducido en el coche. Por desgracia, comet\u00ed un error muy pronto y fue probablemente un poco demasiado ambicioso. Me encontr\u00e9 con mis dos ruedas del lado derecho en la hierba y se pierde control sobre la tierra suelta. Es una pena que ten\u00eda que suceder tan temprano en la sesi\u00f3n, y se crea m\u00e1s trabajo para los chicos esta noche. Usted tiene que estar en el borde de sentir lo que el coche est\u00e1 haciendo y, a veces estas cosas pasan, pero espero que no nos vaya a costar demasiado para el resto del fin de semana. \u00bb<\/p>\n<p>&nbsp;<\/p>\n<p><strong>Jakob Andreasen, Ingeniero Jefe:<\/strong> \u00abEn general estamos contentos con c\u00f3mo fueron las cosas hoy en d\u00eda. El coche est\u00e1 funcionando bien y los pilotos se sientan c\u00f3modos. Las cosas que hemos probado nos dieron los resultados que esper\u00e1bamos as\u00ed que dir\u00eda que nos estamos moviendo en la direcci\u00f3n correcta para aprender a obtener un mayor rendimiento del coche. Paul perdi\u00f3 tiempo en la pista esta tarde con un peque\u00f1o error, as\u00ed que vamos a evaluar c\u00f3mo acercarse ma\u00f1ana para asegurarse de que est\u00e1 listo para la calificaci\u00f3n. Los neum\u00e1ticos ser\u00e1 un reto, como siempre, pero creo que conocemos los l\u00edmites de los dos compuestos duros y blandos, y tenemos buenos datos de largo plazo. \u00bb<\/p>\n<p>&nbsp;<\/p>\n<p><strong>Imagen:<\/strong> David Sarr\u00f3<\/p>\n<div class=\"sharedaddy sd-sharing-enabled\"><div class=\"robots-nocontent sd-block sd-social sd-social-official sd-sharing\"><h3 class=\"sd-title\">Opciones Sociales:<\/h3><div class=\"sd-content\"><ul><li class=\"share-facebook\"><div class=\"fb-share-button\" data-href=\"http:\/\/www.michael-schumacher.es\/noticias-f1\/2012\/10\/05\/entrenamientos-gp-de-japon-suzuka-2012-force-india\/\" data-layout=\"button_count\"><\/div><\/li><li class=\"share-twitter\"><a href=\"https:\/\/twitter.com\/share\" class=\"twitter-share-button\" data-url=\"http:\/\/www.michael-schumacher.es\/noticias-f1\/2012\/10\/05\/entrenamientos-gp-de-japon-suzuka-2012-force-india\/\" data-text=\"Entrenamientos GP de Jap\u00f3n, Suzuka 2012. Force India.\"  >Tweet<\/a><\/li><li class=\"share-email\"><a rel=\"nofollow noopener noreferrer\" data-shared=\"\" class=\"share-email sd-button\" href=\"http:\/\/www.michael-schumacher.es\/noticias-f1\/2012\/10\/05\/entrenamientos-gp-de-japon-suzuka-2012-force-india\/?share=email\" target=\"_blank\" title=\"Haz clic para enviar por correo electr\u00f3nico a un amigo\"><span>Correo electr\u00f3nico<\/span><\/a><\/li><li class=\"share-end\"><\/li><\/ul><\/div><\/div><\/div>","protected":false},"excerpt":{"rendered":"<p>El equipo ha conseguido tener muchos datos para estudiar para la clasificaci\u00f3n y la carrera por lo que han terminado la sesi\u00f3n de hoy contentos. Nico Hulkenberg ha completado el programa sin problemas y consiguiendo mucha informaci\u00f3n. Paul Di Resta tuvo una buena sesi\u00f3n en la ma\u00f1ana pero en la tarde tuvo un peque\u00f1o error [&hellip;]<\/p>\n<div class=\"sharedaddy sd-sharing-enabled\"><div class=\"robots-nocontent sd-block sd-social sd-social-official sd-sharing\"><h3 class=\"sd-title\">Opciones Sociales:<\/h3><div class=\"sd-content\"><ul><li class=\"share-facebook\"><div class=\"fb-share-button\" data-href=\"http:\/\/www.michael-schumacher.es\/noticias-f1\/2012\/10\/05\/entrenamientos-gp-de-japon-suzuka-2012-force-india\/\" data-layout=\"button_count\"><\/div><\/li><li class=\"share-twitter\"><a href=\"https:\/\/twitter.com\/share\" class=\"twitter-share-button\" data-url=\"http:\/\/www.michael-schumacher.es\/noticias-f1\/2012\/10\/05\/entrenamientos-gp-de-japon-suzuka-2012-force-india\/\" data-text=\"Entrenamientos GP de Jap\u00f3n, Suzuka 2012. Force India.\"  >Tweet<\/a><\/li><li class=\"share-email\"><a rel=\"nofollow noopener noreferrer\" data-shared=\"\" class=\"share-email sd-button\" href=\"http:\/\/www.michael-schumacher.es\/noticias-f1\/2012\/10\/05\/entrenamientos-gp-de-japon-suzuka-2012-force-india\/?share=email\" target=\"_blank\" title=\"Haz clic para enviar por correo electr\u00f3nico a un amigo\"><span>Correo electr\u00f3nico<\/span><\/a><\/li><li class=\"share-end\"><\/li><\/ul><\/div><\/div><\/div>","protected":false},"author":3,"featured_media":0,"comment_status":"open","ping_status":"open","sticky":false,"template":"","format":"standard","meta":{"_monsterinsights_skip_tracking":false,"_monsterinsights_sitenote_active":false,"_monsterinsights_sitenote_note":"","_monsterinsights_sitenote_category":0,"spay_email":"","jetpack_publicize_message":"","jetpack_is_tweetstorm":false,"jetpack_publicize_feature_enabled":true},"categories":[67,3],"tags":[14,110,131,17,126,15,6,112,1220,379,111,109,1245,402,1465],"jetpack_featured_media_url":"","jetpack_publicize_connections":[],"jetpack_sharing_enabled":true,"jetpack_shortlink":"https:\/\/wp.me\/p27q3P-1d3","_links":{"self":[{"href":"http:\/\/www.michael-schumacher.es\/noticias-f1\/wp-json\/wp\/v2\/posts\/4653"}],"collection":[{"href":"http:\/\/www.michael-schumacher.es\/noticias-f1\/wp-json\/wp\/v2\/posts"}],"about":[{"href":"http:\/\/www.michael-schumacher.es\/noticias-f1\/wp-json\/wp\/v2\/types\/post"}],"author":[{"embeddable":true,"href":"http:\/\/www.michael-schumacher.es\/noticias-f1\/wp-json\/wp\/v2\/users\/3"}],"replies":[{"embeddable":true,"href":"http:\/\/www.michael-schumacher.es\/noticias-f1\/wp-json\/wp\/v2\/comments?post=4653"}],"version-history":[{"count":0,"href":"http:\/\/www.michael-schumacher.es\/noticias-f1\/wp-json\/wp\/v2\/posts\/4653\/revisions"}],"wp:attachment":[{"href":"http:\/\/www.michael-schumacher.es\/noticias-f1\/wp-json\/wp\/v2\/media?parent=4653"}],"wp:term":[{"taxonomy":"category","embeddable":true,"href":"http:\/\/www.michael-schumacher.es\/noticias-f1\/wp-json\/wp\/v2\/categories?post=4653"},{"taxonomy":"post_tag","embeddable":true,"href":"http:\/\/www.michael-schumacher.es\/noticias-f1\/wp-json\/wp\/v2\/tags?post=4653"}],"curies":[{"name":"wp","href":"https:\/\/api.w.org\/{rel}","templated":true}]}}