{"id":4674,"date":"2012-10-05T15:42:51","date_gmt":"2012-10-05T13:42:51","guid":{"rendered":"http:\/\/www.michael-schumacher.es\/noticias-f1\/?p=4674"},"modified":"2012-10-05T15:42:51","modified_gmt":"2012-10-05T13:42:51","slug":"entrenamientos-gp-de-japon-suzuka-2012-toro-rosso","status":"publish","type":"post","link":"http:\/\/www.michael-schumacher.es\/noticias-f1\/2012\/10\/05\/entrenamientos-gp-de-japon-suzuka-2012-toro-rosso\/","title":{"rendered":"Entrenamientos GP de Jap\u00f3n, Suzuka 2012. Toro Rosso"},"content":{"rendered":"<p><a href=\"http:\/\/www.michael-schumacher.es\/noticias-f1\/wp-content\/uploads\/2012\/08\/david_sarro.vergne-1-mini.jpg\"><img loading=\"lazy\" class=\"alignleft size-full wp-image-3130\" title=\"Jean Eric Vergne 1 - Miniatura\" src=\"http:\/\/www.michael-schumacher.es\/noticias-f1\/wp-content\/uploads\/2012\/08\/david_sarro.vergne-1-mini.jpg\" alt=\"\" width=\"200\" height=\"133\" \/><\/a>Daniel Ricciardo despu\u00e9s de efectuar unos cambios se ha sentido m\u00e1s c\u00f3modo pero aunque mejoran no siente que puedan cerrar la brecha con los rivales. Jean-Eric Vergne est\u00e1 satisfecho de su primera toma de contacto con el circuito de Suzuka, aunque espera que tanto el como el coche mejoren para ma\u00f1ana. El equipo tiene trabajo de analizar los datos para conseguir el mejor rendimiento y que los pilotos tengan mejor equilibrio en el coche.<\/p>\n<p><!--more--> <!--noteaser--><\/p>\n<p><a href=\"http:\/\/www.michael-schumacher.es\/noticias-f1\/wp-content\/uploads\/2012\/08\/david_sarro.vergne-1.jpg\"><img loading=\"lazy\" class=\"aligncenter size-full wp-image-3129\" title=\"Jean Eric Vergne 1 \" src=\"http:\/\/www.michael-schumacher.es\/noticias-f1\/wp-content\/uploads\/2012\/08\/david_sarro.vergne-1.jpg\" alt=\"\" width=\"600\" height=\"400\" srcset=\"http:\/\/www.michael-schumacher.es\/noticias-f1\/wp-content\/uploads\/2012\/08\/david_sarro.vergne-1.jpg 600w, http:\/\/www.michael-schumacher.es\/noticias-f1\/wp-content\/uploads\/2012\/08\/david_sarro.vergne-1-300x200.jpg 300w\" sizes=\"(max-width: 600px) 100vw, 600px\" \/><\/a><\/p>\n<p>Daniel Ricciardo despu\u00e9s de efectuar unos cambios se ha sentido m\u00e1s c\u00f3modo pero aunque mejoran no siente que puedan cerrar la brecha con los rivales. Jean-Eric Vergne est\u00e1 satisfecho de su primera toma de contacto con el circuito de Suzuka, aunque espera que tanto el como el coche mejoren para ma\u00f1ana. El equipo tiene trabajo de analizar los datos para conseguir el mejor rendimiento y que los pilotos tengan mejor equilibrio en el coche.<\/p>\n<p>&nbsp;<\/p>\n<p><strong>Daniel Ricciardo:<\/strong> \u00abEs un circuito muy bonito, me siento feliz de estar de vuelta despu\u00e9s de mi primera experiencia aqu\u00ed el a\u00f1o pasado y me he divertido de conducir hoy. Me gusta especialmente la 130R, que es muy dif\u00edcil con el DRS y es el punto de la pista en la que a veces hay que contener la respiraci\u00f3n! Esta ma\u00f1ana hemos empezado desde nuestro punto de referencia habitual y entonces sent\u00ed que pod\u00edamos hacer algunos cambios que hicimos entre las sesiones. Creo que esta mejorado el coche aunque no parec\u00eda que nos ayuden a cerrar la brecha con nuestros oponentes, lo que sugiere que todo el mundo est\u00e1 haciendo algunos pasos hacia adelante. Sin embargo, estoy feliz que hemos avanzado y, como siempre, de hecho, parece que nuestro ritmo en tandas largas parece m\u00e1s competitivo que nuestro ritmo de calificaci\u00f3n, lo cual es importante teniendo en cuenta que los puntos s\u00f3lo se anotan el domingo\u201d.<\/p>\n<p><strong>\u00a0<\/strong><\/p>\n<p><strong>Jean-Eric Vergne:<\/strong> \u00abOtro circuito que s\u00f3lo hab\u00eda visto en el simulador hasta hoy y tengo que decir que es muy agradable. La mejor parte es la primera parte, las Esses, que es muy divertido de conducir. Aparte de eso, yo dir\u00eda que hemos tenido un d\u00eda positivo en primer lugar de la pr\u00e1ctica, un viernes normal, cuando los tiempos no significan mucho, ya que no s\u00e9 lo que todo el mundo lleva de cargas de combustible. Yo dir\u00eda que parece en buena forma, aunque todav\u00eda hay algunas \u00e1reas en las que se puede trabajar para encontrar un mayor rendimiento para el resto del fin de semana. Como esta es mi primera vez aqu\u00ed, yo tambi\u00e9n estoy mejorando cada vez que voy por buen camino y hay m\u00e1s por venir de m\u00ed tambi\u00e9n. Corr\u00ed con \u00a0las dos llantas y ese lado del paquete parece bastante sencillo. \u00bb<\/p>\n<p>&nbsp;<\/p>\n<p><strong>Mekies Laurent Ingeniero Jefe:<\/strong> \u00abHemos completado todo el programa que nos hab\u00edamos fijado para hoy, que incluy\u00f3 la evaluaci\u00f3n de algunas piezas nuevas, as\u00ed como comparar diferentes configuraciones de escape. Los pilotos han hecho bien en t\u00e9rminos de conseguir un buen ritmo en este gran circuito y tambi\u00e9n probamos algunas cosas en t\u00e9rminos de reglajes del coche. Todav\u00eda tenemos que hacer un poco m\u00e1s para que los dos pilotos vayan \u00a0a ser m\u00e1s feliz con el equilibrio de sus coches, pero en general el d\u00eda ha ido bien. Tambi\u00e9n trabajamos en la clasificaci\u00f3n usual y evaluaciones de carrera y tenemos muchos datos para estudiar para tratar de dar un paso adelante para ma\u00f1ana y otra para el domingo. \u00bb<\/p>\n<p>&nbsp;<\/p>\n<p><em><\/em><strong>Imagen:<\/strong> David Sarr\u00f3<em>\u00a0\u00a0<\/em><\/p>\n<div class=\"sharedaddy sd-sharing-enabled\"><div class=\"robots-nocontent sd-block sd-social sd-social-official sd-sharing\"><h3 class=\"sd-title\">Opciones Sociales:<\/h3><div class=\"sd-content\"><ul><li class=\"share-facebook\"><div class=\"fb-share-button\" data-href=\"http:\/\/www.michael-schumacher.es\/noticias-f1\/2012\/10\/05\/entrenamientos-gp-de-japon-suzuka-2012-toro-rosso\/\" data-layout=\"button_count\"><\/div><\/li><li class=\"share-twitter\"><a href=\"https:\/\/twitter.com\/share\" class=\"twitter-share-button\" data-url=\"http:\/\/www.michael-schumacher.es\/noticias-f1\/2012\/10\/05\/entrenamientos-gp-de-japon-suzuka-2012-toro-rosso\/\" data-text=\"Entrenamientos GP de Jap\u00f3n, Suzuka 2012. Toro Rosso\"  >Tweet<\/a><\/li><li class=\"share-email\"><a rel=\"nofollow noopener noreferrer\" data-shared=\"\" class=\"share-email sd-button\" href=\"http:\/\/www.michael-schumacher.es\/noticias-f1\/2012\/10\/05\/entrenamientos-gp-de-japon-suzuka-2012-toro-rosso\/?share=email\" target=\"_blank\" title=\"Haz clic para enviar por correo electr\u00f3nico a un amigo\"><span>Correo electr\u00f3nico<\/span><\/a><\/li><li class=\"share-end\"><\/li><\/ul><\/div><\/div><\/div>","protected":false},"excerpt":{"rendered":"<p>Daniel Ricciardo despu\u00e9s de efectuar unos cambios se ha sentido m\u00e1s c\u00f3modo pero aunque mejoran no siente que puedan cerrar la brecha con los rivales. Jean-Eric Vergne est\u00e1 satisfecho de su primera toma de contacto con el circuito de Suzuka, aunque espera que tanto el como el coche mejoren para ma\u00f1ana. El equipo tiene trabajo [&hellip;]<\/p>\n<div class=\"sharedaddy sd-sharing-enabled\"><div class=\"robots-nocontent sd-block sd-social sd-social-official sd-sharing\"><h3 class=\"sd-title\">Opciones Sociales:<\/h3><div class=\"sd-content\"><ul><li class=\"share-facebook\"><div class=\"fb-share-button\" data-href=\"http:\/\/www.michael-schumacher.es\/noticias-f1\/2012\/10\/05\/entrenamientos-gp-de-japon-suzuka-2012-toro-rosso\/\" data-layout=\"button_count\"><\/div><\/li><li class=\"share-twitter\"><a href=\"https:\/\/twitter.com\/share\" class=\"twitter-share-button\" data-url=\"http:\/\/www.michael-schumacher.es\/noticias-f1\/2012\/10\/05\/entrenamientos-gp-de-japon-suzuka-2012-toro-rosso\/\" data-text=\"Entrenamientos GP de Jap\u00f3n, Suzuka 2012. Toro Rosso\"  >Tweet<\/a><\/li><li class=\"share-email\"><a rel=\"nofollow noopener noreferrer\" data-shared=\"\" class=\"share-email sd-button\" href=\"http:\/\/www.michael-schumacher.es\/noticias-f1\/2012\/10\/05\/entrenamientos-gp-de-japon-suzuka-2012-toro-rosso\/?share=email\" target=\"_blank\" title=\"Haz clic para enviar por correo electr\u00f3nico a un amigo\"><span>Correo electr\u00f3nico<\/span><\/a><\/li><li class=\"share-end\"><\/li><\/ul><\/div><\/div><\/div>","protected":false},"author":3,"featured_media":0,"comment_status":"open","ping_status":"open","sticky":false,"template":"","format":"standard","meta":{"_monsterinsights_skip_tracking":false,"_monsterinsights_sitenote_active":false,"_monsterinsights_sitenote_note":"","_monsterinsights_sitenote_category":0,"spay_email":"","jetpack_publicize_message":"","jetpack_is_tweetstorm":false,"jetpack_publicize_feature_enabled":true},"categories":[67,3],"tags":[14,101,131,17,15,6,1220,99,379,1245,102,1465,103,100],"jetpack_featured_media_url":"","jetpack_publicize_connections":[],"jetpack_sharing_enabled":true,"jetpack_shortlink":"https:\/\/wp.me\/p27q3P-1do","_links":{"self":[{"href":"http:\/\/www.michael-schumacher.es\/noticias-f1\/wp-json\/wp\/v2\/posts\/4674"}],"collection":[{"href":"http:\/\/www.michael-schumacher.es\/noticias-f1\/wp-json\/wp\/v2\/posts"}],"about":[{"href":"http:\/\/www.michael-schumacher.es\/noticias-f1\/wp-json\/wp\/v2\/types\/post"}],"author":[{"embeddable":true,"href":"http:\/\/www.michael-schumacher.es\/noticias-f1\/wp-json\/wp\/v2\/users\/3"}],"replies":[{"embeddable":true,"href":"http:\/\/www.michael-schumacher.es\/noticias-f1\/wp-json\/wp\/v2\/comments?post=4674"}],"version-history":[{"count":0,"href":"http:\/\/www.michael-schumacher.es\/noticias-f1\/wp-json\/wp\/v2\/posts\/4674\/revisions"}],"wp:attachment":[{"href":"http:\/\/www.michael-schumacher.es\/noticias-f1\/wp-json\/wp\/v2\/media?parent=4674"}],"wp:term":[{"taxonomy":"category","embeddable":true,"href":"http:\/\/www.michael-schumacher.es\/noticias-f1\/wp-json\/wp\/v2\/categories?post=4674"},{"taxonomy":"post_tag","embeddable":true,"href":"http:\/\/www.michael-schumacher.es\/noticias-f1\/wp-json\/wp\/v2\/tags?post=4674"}],"curies":[{"name":"wp","href":"https:\/\/api.w.org\/{rel}","templated":true}]}}