{"id":4771,"date":"2012-10-07T22:19:50","date_gmt":"2012-10-07T20:19:50","guid":{"rendered":"http:\/\/www.michael-schumacher.es\/noticias-f1\/?p=4771"},"modified":"2012-10-07T22:19:50","modified_gmt":"2012-10-07T20:19:50","slug":"balance-gp-de-japon-suzuka-2012-lotus","status":"publish","type":"post","link":"http:\/\/www.michael-schumacher.es\/noticias-f1\/2012\/10\/07\/balance-gp-de-japon-suzuka-2012-lotus\/","title":{"rendered":"Balance GP de Jap\u00f3n, Suzuka 2012. Lotus"},"content":{"rendered":"<p><a href=\"http:\/\/www.michael-schumacher.es\/noticias-f1\/wp-content\/uploads\/2012\/08\/raikkonen-1.2-mini.jpg\"><img loading=\"lazy\" class=\"alignleft size-full wp-image-3299\" title=\"Kimi Raikkonen 1.2 - MIniatura\" src=\"http:\/\/www.michael-schumacher.es\/noticias-f1\/wp-content\/uploads\/2012\/08\/raikkonen-1.2-mini.jpg\" alt=\"\" width=\"200\" height=\"133\" \/><\/a>El equipo Lotus ha tenido una dura carrera con Kimi\u00a0 Raikkonen luchando por defenderse con un ritmo m\u00e1s bajo de lo esperado, por lo que solamente ha conseguido acabar sexto, lo que al menos le permite seguir sumando puntos. Romain Grosjean, que en la primera vuelta de carrera se ha chocado con \u00a0Mark Webber y finalmente ya fuera de la zona de puntos se ha retirado.<\/p>\n<p><!--more--> <!--noteaser--><\/p>\n<p style=\"text-align: center;\">\u00a0<a href=\"http:\/\/www.michael-schumacher.es\/noticias-f1\/wp-content\/uploads\/2012\/08\/raikkonen-1.2.jpg\"><img loading=\"lazy\" class=\"aligncenter  wp-image-3298\" title=\"Kimi Raikkonen 1.2\" src=\"http:\/\/www.michael-schumacher.es\/noticias-f1\/wp-content\/uploads\/2012\/08\/raikkonen-1.2.jpg\" alt=\"\" width=\"600\" height=\"400\" srcset=\"http:\/\/www.michael-schumacher.es\/noticias-f1\/wp-content\/uploads\/2012\/08\/raikkonen-1.2.jpg 600w, http:\/\/www.michael-schumacher.es\/noticias-f1\/wp-content\/uploads\/2012\/08\/raikkonen-1.2-300x200.jpg 300w\" sizes=\"(max-width: 600px) 100vw, 600px\" \/><\/a><\/p>\n<p>El equipo Lotus ha tenido una dura carrera con Kimi Raikkonen luchando por defenderse con un ritmo m\u00e1s bajo de lo esperado, por lo que solamente ha conseguido acabar sexto, lo que al menos le permite seguir sumando puntos. Romain Grosjean, que en la primera vuelta de carrera se ha chocado con \u00a0Mark Webber y finalmente ya fuera de la zona de puntos se ha retirado.<\/p>\n<p>&nbsp;<\/p>\n<p><strong>Kimi Raikkonen:\u00bb<\/strong>Sexto no es el resultado que esper\u00e1bamos, pero desgraciadamente no tuvimos la velocidad para hacerlo mejor hoy. La salida fue apretada; estaba junto a Fernando Alonso cuando \u00e9l comenz\u00f3 a cruzarse hasta que no me ten\u00eda sitio adonde ir. Perdimos algo de tiempo ah\u00ed, y nuestra segunda parada no fue la mejor, as\u00ed que en general ha sido carrera dif\u00edcil. Lo bueno es que aun as\u00ed hemos logrado sumar puntos para seguir en la lucha por el campeonato\u00bb.<\/p>\n<p>&nbsp;<\/p>\n<p><strong>Romain Grosjean:<\/strong> \u00abDesde que regres\u00e9 en Singapur mi prioridad ha sido tener mucho cuidado en la salida. Estaba atento a Sergio P\u00e9rez a mi izquierda para asegurarme de que no ten\u00eda ning\u00fan toque con \u00e9l. Hubo una diferencia de velocidad bastante grande entre Mark Webber y yo, y cuando llegu\u00e9 a la primera curva me pill\u00f3 por sorpresa y chocamos. Fue un error est\u00fapido. Mark vino a verme tras la carrera y realmente no estaba contento, pero me disculp\u00e9 y tenemos que seguir adelante. Nos sentaremos y analizaremos una vez m\u00e1s las cosas antes de la pr\u00f3xima carrera para ver qu\u00e9 podemos hacer para evitar estas situaciones. En las \u00faltimas vueltas de la carrera los neum\u00e1ticos estaban al final de su vida \u00fatil y est\u00e1bamos fuera de la zona de puntos, as\u00ed que lo natural era retirarse. No fue un buen d\u00eda, pero tenemos que pensar en Corea, una oportunidad para recuperarnos del da\u00f1o causado\u00bb.<\/p>\n<p>&nbsp;<\/p>\n<p><strong>Eric Boullier, jefe de equipo:<\/strong> \u00abClaramente no ha ido como esper\u00e1bamos. Pudimos ver en Singapur, cuando Romain volvi\u00f3 a las pistas, que los otros pilotos le presionaron mucho en la salida. Aqu\u00ed fue algo m\u00e1s f\u00e1cil, pero cometi\u00f3 un peque\u00f1o error calculando err\u00f3neamente su ritmo comparado con el \u00a0de Mark, que era algo m\u00e1s lento. Creo que ha logrado progresos, pero es desafortunado que le haya pasado otra vez esto en estas circunstancias. Respecto a Kimi, el ritmo del coche tampoco \u00a0fue tan bueno como esper\u00e1bamos. Comenzando s\u00e9ptimo ten\u00edamos mayores aspiraciones, pero si no tienes el ritmo, no funciona. No pudimos juntarlo \u00a0todo para facilitar las cosas y ganar m\u00e1s posiciones\u00bb.<\/p>\n<p>&nbsp;<\/p>\n<p><strong>James Allison, director t\u00e9cnico:<\/strong> \u00abLo mejor que se puede decir sobre esta carrera es que sumamos algunos puntos, pero realmente no ha sido el fin de semana que pod\u00edamos esperar \u00a0el viernes, ni el que esper\u00e1bamos tras el s\u00e1bado. Estamos decepcionados por que Kimi ha tenido que correr m\u00e1s mirando los retrovisores que atacando a los de delante, y tenemos que enfrentar el hecho de que necesitamos m\u00e1s rendimiento del E20 si queremos escalar en el Campeonato de Constructores y no acomodarnos en nuestra c\u00f3moda cuarta posici\u00f3n. Habr\u00eda sido mucho mejor para nosotros haber sumado puntos con ambos coches, pero tristemente el incidente de Romain en la primera vuelta nos lo neg\u00f3\u00bb.<\/p>\n<p>&nbsp;<\/p>\n<p>&nbsp;<\/p>\n<div class=\"sharedaddy sd-sharing-enabled\"><div class=\"robots-nocontent sd-block sd-social sd-social-official sd-sharing\"><h3 class=\"sd-title\">Opciones Sociales:<\/h3><div class=\"sd-content\"><ul><li class=\"share-facebook\"><div class=\"fb-share-button\" data-href=\"http:\/\/www.michael-schumacher.es\/noticias-f1\/2012\/10\/07\/balance-gp-de-japon-suzuka-2012-lotus\/\" data-layout=\"button_count\"><\/div><\/li><li class=\"share-twitter\"><a href=\"https:\/\/twitter.com\/share\" class=\"twitter-share-button\" data-url=\"http:\/\/www.michael-schumacher.es\/noticias-f1\/2012\/10\/07\/balance-gp-de-japon-suzuka-2012-lotus\/\" data-text=\"Balance GP de Jap\u00f3n, Suzuka 2012. Lotus\"  >Tweet<\/a><\/li><li class=\"share-email\"><a rel=\"nofollow noopener noreferrer\" data-shared=\"\" class=\"share-email sd-button\" href=\"http:\/\/www.michael-schumacher.es\/noticias-f1\/2012\/10\/07\/balance-gp-de-japon-suzuka-2012-lotus\/?share=email\" target=\"_blank\" title=\"Haz clic para enviar por correo electr\u00f3nico a un amigo\"><span>Correo electr\u00f3nico<\/span><\/a><\/li><li class=\"share-end\"><\/li><\/ul><\/div><\/div><\/div>","protected":false},"excerpt":{"rendered":"<p>El equipo Lotus ha tenido una dura carrera con Kimi\u00a0 Raikkonen luchando por defenderse con un ritmo m\u00e1s bajo de lo esperado, por lo que solamente ha conseguido acabar sexto, lo que al menos le permite seguir sumando puntos. Romain Grosjean, que en la primera vuelta de carrera se ha chocado con \u00a0Mark Webber y [&hellip;]<\/p>\n<div class=\"sharedaddy sd-sharing-enabled\"><div class=\"robots-nocontent sd-block sd-social sd-social-official sd-sharing\"><h3 class=\"sd-title\">Opciones Sociales:<\/h3><div class=\"sd-content\"><ul><li class=\"share-facebook\"><div class=\"fb-share-button\" data-href=\"http:\/\/www.michael-schumacher.es\/noticias-f1\/2012\/10\/07\/balance-gp-de-japon-suzuka-2012-lotus\/\" data-layout=\"button_count\"><\/div><\/li><li class=\"share-twitter\"><a href=\"https:\/\/twitter.com\/share\" class=\"twitter-share-button\" data-url=\"http:\/\/www.michael-schumacher.es\/noticias-f1\/2012\/10\/07\/balance-gp-de-japon-suzuka-2012-lotus\/\" data-text=\"Balance GP de Jap\u00f3n, Suzuka 2012. Lotus\"  >Tweet<\/a><\/li><li class=\"share-email\"><a rel=\"nofollow noopener noreferrer\" data-shared=\"\" class=\"share-email sd-button\" href=\"http:\/\/www.michael-schumacher.es\/noticias-f1\/2012\/10\/07\/balance-gp-de-japon-suzuka-2012-lotus\/?share=email\" target=\"_blank\" title=\"Haz clic para enviar por correo electr\u00f3nico a un amigo\"><span>Correo electr\u00f3nico<\/span><\/a><\/li><li class=\"share-end\"><\/li><\/ul><\/div><\/div><\/div>","protected":false},"author":3,"featured_media":0,"comment_status":"open","ping_status":"open","sticky":false,"template":"","format":"standard","meta":{"_monsterinsights_skip_tracking":false,"_monsterinsights_sitenote_active":false,"_monsterinsights_sitenote_note":"","_monsterinsights_sitenote_category":0,"spay_email":"","jetpack_publicize_message":"","jetpack_is_tweetstorm":false,"jetpack_publicize_feature_enabled":true},"categories":[4,3],"tags":[14,401,64,17,15,6,83,1220,81,26,24,82,1465],"jetpack_featured_media_url":"","jetpack_publicize_connections":[],"jetpack_sharing_enabled":true,"jetpack_shortlink":"https:\/\/wp.me\/p27q3P-1eX","_links":{"self":[{"href":"http:\/\/www.michael-schumacher.es\/noticias-f1\/wp-json\/wp\/v2\/posts\/4771"}],"collection":[{"href":"http:\/\/www.michael-schumacher.es\/noticias-f1\/wp-json\/wp\/v2\/posts"}],"about":[{"href":"http:\/\/www.michael-schumacher.es\/noticias-f1\/wp-json\/wp\/v2\/types\/post"}],"author":[{"embeddable":true,"href":"http:\/\/www.michael-schumacher.es\/noticias-f1\/wp-json\/wp\/v2\/users\/3"}],"replies":[{"embeddable":true,"href":"http:\/\/www.michael-schumacher.es\/noticias-f1\/wp-json\/wp\/v2\/comments?post=4771"}],"version-history":[{"count":0,"href":"http:\/\/www.michael-schumacher.es\/noticias-f1\/wp-json\/wp\/v2\/posts\/4771\/revisions"}],"wp:attachment":[{"href":"http:\/\/www.michael-schumacher.es\/noticias-f1\/wp-json\/wp\/v2\/media?parent=4771"}],"wp:term":[{"taxonomy":"category","embeddable":true,"href":"http:\/\/www.michael-schumacher.es\/noticias-f1\/wp-json\/wp\/v2\/categories?post=4771"},{"taxonomy":"post_tag","embeddable":true,"href":"http:\/\/www.michael-schumacher.es\/noticias-f1\/wp-json\/wp\/v2\/tags?post=4771"}],"curies":[{"name":"wp","href":"https:\/\/api.w.org\/{rel}","templated":true}]}}