{"id":478,"date":"2012-04-22T22:59:35","date_gmt":"2012-04-22T20:59:35","guid":{"rendered":"http:\/\/www.michael-schumacher.es\/noticias-f1\/?p=478"},"modified":"2012-04-22T22:59:35","modified_gmt":"2012-04-22T20:59:35","slug":"balance-gp-de-bahrain-sakhir-2012-hrt","status":"publish","type":"post","link":"http:\/\/www.michael-schumacher.es\/noticias-f1\/2012\/04\/22\/balance-gp-de-bahrain-sakhir-2012-hrt\/","title":{"rendered":"Balance GP de Bahrain, Sakhir 2012. HRT"},"content":{"rendered":"<p><img loading=\"lazy\" class=\"alignleft\" title=\"Balance GP de Bahrain, Sakhir 2012. HRT\" src=\"http:\/\/img.michael-schumacher.es\/noticias-f1\/hrt\/hrt-1-mini.jpg\" alt=\"Balance GP de Bahrain, Sakhir 2012. HRT\" width=\"202\" height=\"100\" \/>Nuevamente HRT, logra finalizar la carrera con los dos coches, Pedro de la Rosa ha terminado en la posici\u00f3n vigesima y Narain Karthikeyan en la vigesimoprimera El equipo superado otra prueba de fuego con las altas temperaturas y han conseguido el objetivo marcado y un balance positivo. Ahora quieren seguir trabajando y mejorando de cara a la vuelta a Europa, en el Gran Premio de Espa\u00f1a en el Circuit de Catalunya.<\/p>\n<p><!--more--> <!--noteaser--><\/p>\n<p style=\"text-align: center;\">\u00a0<img loading=\"lazy\" class=\"aligncenter\" title=\"Balance GP de Bahrain, Sakhir 2012. HRT\" src=\"http:\/\/img.michael-schumacher.es\/noticias-f1\/hrt\/hrt-1.jpg\" alt=\"Balance GP de Bahrain, Sakhir 2012. HRT\" width=\"605\" height=\"300\" \/><\/p>\n<p>Nuevamente HRT, logra finalizar la carrera con los dos coches, Pedro de la Rosa ha terminado en la posici\u00f3n vigesima y Narain Karthikeyan en la vigesimoprimera El equipo superado otra prueba de fuego con las altas temperaturas y han conseguido el objetivo marcado y un balance positivo. Ahora quieren seguir trabajando y mejorando de cara a la vuelta a Europa, en el Gran Premio de Espa\u00f1a en el Circuit de Catalunya.<\/p>\n<p>&nbsp;<\/p>\n<p><strong>Pedro de la Rosa<em>:<\/em><\/strong><em> \u00a0\u00abLa carrera ha sido dif\u00edcil, pero hemos terminado con los dos coches, y eso es lo positivo para el equipo.La verdad es que nuestro ritmo no ha sido el que nos hubiera gustado. Tenemos que ganar velocidad por vuelta, sobre todo porque queremos estar luchando continuamente con nuestros rivales. Hoy en carrera no hemos tenido todav\u00eda \u00a0el ritmo suficiente. Mirando hacia atr\u00e1s es cierto que hemos dado un salto de gigante, pero no hay que conformarse. Hemos mejorado mucho pero estamos en el punto de partida que \u00a0deb\u00edamos tener \u00a0en Australia. Contamos con muy buena gente y nueva f\u00e1brica donde poder construir sobre una base s\u00f3lida, y eso es lo m\u00e1s positivo. Ahora queremos volver para trabajar en el coche y probar cosas nuevas. Volvemos a Europa con muchas ganas\u00bb.<\/em><\/p>\n<p>&nbsp;<\/p>\n<p><strong>Narain Karthikeyan:<\/strong> \u00a0<em>\u00abHoy la salida ha sido buena, pero luego las primeras vueltas han sido muy \u00a0complicadas porque hab\u00eda mucho polvo. Me asent\u00e9 detr\u00e1s de Pedro pero creo que he forzado demasiado al principio porque mis neum\u00e1ticos enseguida estaban al l\u00edmite. Despues de la \u00a0primera parada en boxes he mejorado mucho a partir de ah\u00ed, mis tiempos han sido constantes. Hemos hecho una estrategia de cuatro paradas, que ha funcionado bien, y al final hemos cruzado la l\u00ednea de meta solo a medio segundo de Pedro. Mi rendimiento en carrera ha sido muy bueno, dir\u00eda que ha sido mi mejor Gran Premio en lo que va de temporada, as\u00ed que estoy muy contento\u00bb.<\/em><\/p>\n<p>&nbsp;<\/p>\n<p><strong>Luis P\u00e9rez-Sala, Jefe de equipo:<\/strong> <em>\u00abEn Bahr\u00e9in hemos superado otra prueba de fuego como la de las altas temperaturas y estoy francamente satisfecho de c\u00f3mo ha ido todo. De nuevo hemos cumplido los objetivos y quiero felicitar al equipo por su excelente trabajo. El \u00a0punto negativo es que degradamos mucho los neum\u00e1ticos y por eso hemos tenido que ir a estrategias de cuatro paradas. Con Pedro hemos probado a ir a tres pero ha terminado demasiado al l\u00edmite y \u00a0tal vez no haya sido lo m\u00e1s adecuado. La fiabilidad tambi\u00e9n ha sido buena y el equipo est\u00e1 trabajando bien. Podemos decir que ya hemos conseguido llegar al nivel al que terminamos el a\u00f1o pasado. A partir de aqu\u00ed hay que seguir trabajando y mejorando\u00bb.<\/em><\/p>\n<div class=\"sharedaddy sd-sharing-enabled\"><div class=\"robots-nocontent sd-block sd-social sd-social-official sd-sharing\"><h3 class=\"sd-title\">Opciones Sociales:<\/h3><div class=\"sd-content\"><ul><li class=\"share-facebook\"><div class=\"fb-share-button\" data-href=\"http:\/\/www.michael-schumacher.es\/noticias-f1\/2012\/04\/22\/balance-gp-de-bahrain-sakhir-2012-hrt\/\" data-layout=\"button_count\"><\/div><\/li><li class=\"share-twitter\"><a href=\"https:\/\/twitter.com\/share\" class=\"twitter-share-button\" data-url=\"http:\/\/www.michael-schumacher.es\/noticias-f1\/2012\/04\/22\/balance-gp-de-bahrain-sakhir-2012-hrt\/\" data-text=\"Balance GP de Bahrain, Sakhir 2012. HRT\"  >Tweet<\/a><\/li><li class=\"share-email\"><a rel=\"nofollow noopener noreferrer\" data-shared=\"\" class=\"share-email sd-button\" href=\"http:\/\/www.michael-schumacher.es\/noticias-f1\/2012\/04\/22\/balance-gp-de-bahrain-sakhir-2012-hrt\/?share=email\" target=\"_blank\" title=\"Haz clic para enviar por correo electr\u00f3nico a un amigo\"><span>Correo electr\u00f3nico<\/span><\/a><\/li><li class=\"share-end\"><\/li><\/ul><\/div><\/div><\/div>","protected":false},"excerpt":{"rendered":"<p>Nuevamente HRT, logra finalizar la carrera con los dos coches, Pedro de la Rosa ha terminado en la posici\u00f3n vigesima y Narain Karthikeyan en la vigesimoprimera El equipo superado otra prueba de fuego con las altas temperaturas y han conseguido el objetivo marcado y un balance positivo. Ahora quieren seguir trabajando y mejorando de cara [&hellip;]<\/p>\n<div class=\"sharedaddy sd-sharing-enabled\"><div class=\"robots-nocontent sd-block sd-social sd-social-official sd-sharing\"><h3 class=\"sd-title\">Opciones Sociales:<\/h3><div class=\"sd-content\"><ul><li class=\"share-facebook\"><div class=\"fb-share-button\" data-href=\"http:\/\/www.michael-schumacher.es\/noticias-f1\/2012\/04\/22\/balance-gp-de-bahrain-sakhir-2012-hrt\/\" data-layout=\"button_count\"><\/div><\/li><li class=\"share-twitter\"><a href=\"https:\/\/twitter.com\/share\" class=\"twitter-share-button\" data-url=\"http:\/\/www.michael-schumacher.es\/noticias-f1\/2012\/04\/22\/balance-gp-de-bahrain-sakhir-2012-hrt\/\" data-text=\"Balance GP de Bahrain, Sakhir 2012. HRT\"  >Tweet<\/a><\/li><li class=\"share-email\"><a rel=\"nofollow noopener noreferrer\" data-shared=\"\" class=\"share-email sd-button\" href=\"http:\/\/www.michael-schumacher.es\/noticias-f1\/2012\/04\/22\/balance-gp-de-bahrain-sakhir-2012-hrt\/?share=email\" target=\"_blank\" title=\"Haz clic para enviar por correo electr\u00f3nico a un amigo\"><span>Correo electr\u00f3nico<\/span><\/a><\/li><li class=\"share-end\"><\/li><\/ul><\/div><\/div><\/div>","protected":false},"author":3,"featured_media":0,"comment_status":"open","ping_status":"open","sticky":false,"template":"","format":"standard","meta":{"_monsterinsights_skip_tracking":false,"_monsterinsights_sitenote_active":false,"_monsterinsights_sitenote_note":"","_monsterinsights_sitenote_category":0,"spay_email":"","jetpack_publicize_message":"","jetpack_is_tweetstorm":false,"jetpack_publicize_feature_enabled":true},"categories":[4,3],"tags":[35,64,78,17,6,75,79,132,76,173,70],"jetpack_featured_media_url":"","jetpack_publicize_connections":[],"jetpack_sharing_enabled":true,"jetpack_shortlink":"https:\/\/wp.me\/p27q3P-7I","_links":{"self":[{"href":"http:\/\/www.michael-schumacher.es\/noticias-f1\/wp-json\/wp\/v2\/posts\/478"}],"collection":[{"href":"http:\/\/www.michael-schumacher.es\/noticias-f1\/wp-json\/wp\/v2\/posts"}],"about":[{"href":"http:\/\/www.michael-schumacher.es\/noticias-f1\/wp-json\/wp\/v2\/types\/post"}],"author":[{"embeddable":true,"href":"http:\/\/www.michael-schumacher.es\/noticias-f1\/wp-json\/wp\/v2\/users\/3"}],"replies":[{"embeddable":true,"href":"http:\/\/www.michael-schumacher.es\/noticias-f1\/wp-json\/wp\/v2\/comments?post=478"}],"version-history":[{"count":0,"href":"http:\/\/www.michael-schumacher.es\/noticias-f1\/wp-json\/wp\/v2\/posts\/478\/revisions"}],"wp:attachment":[{"href":"http:\/\/www.michael-schumacher.es\/noticias-f1\/wp-json\/wp\/v2\/media?parent=478"}],"wp:term":[{"taxonomy":"category","embeddable":true,"href":"http:\/\/www.michael-schumacher.es\/noticias-f1\/wp-json\/wp\/v2\/categories?post=478"},{"taxonomy":"post_tag","embeddable":true,"href":"http:\/\/www.michael-schumacher.es\/noticias-f1\/wp-json\/wp\/v2\/tags?post=478"}],"curies":[{"name":"wp","href":"https:\/\/api.w.org\/{rel}","templated":true}]}}