{"id":482,"date":"2012-04-23T02:01:36","date_gmt":"2012-04-23T00:01:36","guid":{"rendered":"http:\/\/www.michael-schumacher.es\/noticias-f1\/?p=482"},"modified":"2012-04-23T02:01:36","modified_gmt":"2012-04-23T00:01:36","slug":"balance-gp-de-bahrain-sakhir-2012-marussia","status":"publish","type":"post","link":"http:\/\/www.michael-schumacher.es\/noticias-f1\/2012\/04\/23\/balance-gp-de-bahrain-sakhir-2012-marussia\/","title":{"rendered":"Balance GP de Bahrain, Sakhir 2012. Marussia"},"content":{"rendered":"<p><img loading=\"lazy\" class=\"alignleft\" title=\"Balance GP de Bahrain, Sakhir 2012. Marussia\" src=\"http:\/\/img.michael-schumacher.es\/noticias-f1\/marussia\/marussia-1-mini.jpeg\" alt=\"Balance GP de Bahrain, Sakhir 2012. Marussia\" width=\"202\" height=\"100\" \/>Charles comenz\u00f3 la carrera desde la P19 en la parrilla, y Timo en la \u00a0P23. Charles estaba progresando bien hasta la vuelta 24 de la carrera cuando su coche sufri\u00f3 una ca\u00edda en la presi\u00f3n con la AVS (Sistema de v\u00e1lvula de aire) y se vio obligado a retirarse. Timo termino la carrera en la P19, con un \u00a0el kilometraje valioso, y por lo tanto, los datos, en circunstancias dif\u00edciles para el Pirelli P-Zero de goma.<\/p>\n<p><!--more--> <!--noteaser--><\/p>\n<p style=\"text-align: center;\">\u00a0<img loading=\"lazy\" class=\"aligncenter\" title=\"Balance GP de Bahrain, Sakhir 2012. Marussia\" src=\"http:\/\/img.michael-schumacher.es\/noticias-f1\/marussia\/marussia-1.jpeg\" alt=\"Balance GP de Bahrain, Sakhir 2012. Marussia\" width=\"605\" height=\"300\" \/><\/p>\n<p>\u00a0Charles comenz\u00f3 la carrera desde la P19 en la parrilla, y Timo en la \u00a0P23. Charles estaba progresando bien hasta la vuelta 24 de la carrera cuando su coche sufri\u00f3 una ca\u00edda en la presi\u00f3n con la AVS (Sistema de v\u00e1lvula de aire) y se vio obligado a retirarse. Timo termino la carrera en la P19, con un \u00a0el kilometraje valioso, y por lo tanto, los datos, en circunstancias dif\u00edciles para el Pirelli P-Zero de goma. \u00c9l tambi\u00e9n experiment\u00f3 el problema de consumo de AVS. Marussia juzga un positivo progreso que los hace un equipo fuerte y son optimistas pero saben que tienen mucho trabajo por delante.<\/p>\n<p>&nbsp;<\/p>\n<p><strong>Timo Glock :<\/strong> <em>\u00abHa sido una carrera muy dif\u00edcil en d\u00eda de hoy. No ten\u00eda equilibrio en el coche, ni la \u00a0velocidad y no tenia oportunidad de impulsar despu\u00e9s de la segunda vuelta o de tercera. Los neum\u00e1ticos traseros se perdian de forma masiva y cada vez que trat\u00f3 de empujar, las ruedas traseras bloqueabaan en la frenada y no ten\u00eda estabilidad en la frenada. Desafortunadamente, este es un fin de semana para aprender y a partir de entonces dejar atr\u00e1s con bastante rapidez. Hemos tenido un trabajo complejo de viernes a domingo y tenemos que volver sobre nuestros pasos y mirar a las decisiones de reglajes que hemos hecho con el fin de entender c\u00f3mo podemos mejorar y aplicar el paquete actualizado de Espa\u00f1a. \u00ab<\/em><\/p>\n<p>&nbsp;<\/p>\n<p><strong>Charles Pic :<\/strong> <em>\u00abPor supuesto estoy decepcionado, ya que la carrera ha sido dura, pero yo estaba muy contento con el coche y la gesti\u00f3n del desgaste de los neum\u00e1ticos fue bastante bien. A pesar de las dif\u00edciles condiciones de la pista todav\u00eda era capaz de empujar y creo que est\u00e1bamos bastante bien en comparaci\u00f3n con el ritmo de los Caterhams. Desafortunadamente en la vuelta 24 ten\u00eda un problema con el sistema de v\u00e1lvula de aire y no ten\u00eda m\u00e1s opci\u00f3n que retirar el coche, lo cual es frustrante para m\u00ed y para el equipo, ya que han trabajado muy duro para avanzar aqu\u00ed todo el fin de semana. Nos dirigimos a Europa, ahora tengo que estar satisfecho con las primeras carreras, en general, pero tenemos que estar centrado ahora en las mejoras para Espa\u00f1a. \u00ab<\/em><\/p>\n<p>&nbsp;<\/p>\n<p><strong>John Booth, director del equipo:<\/strong> <em>\u00abComo nota positiva, en la carrera de hoy hemos visto una progresion de forma cada vez m\u00e1s fuerte de Charles y la consolidaci\u00f3n de su buen trabajo de ayer. Es una verdadera l\u00e1stima que el problema a\u00fan sin diagnosticar AVS en el motor oblig\u00f3 a su \u00a0retiro anticipado durante un periodo de la carrera en la que Charles era muy competitivo con respecto a los coches que estaba corriendo. Timo estaba tambi\u00e9n condicionado por el tema del motor y vamos a trabajar duro con Cosworth en los pr\u00f3ximos d\u00edas para entender las causas de estos problemas. Por desgracia, nuestro problema un poco m\u00e1s grande ha sido con las caracter\u00edsticas de manejo del coche de Timo, que empezo a partir de la ma\u00f1ana del s\u00e1bado. Tenemos que identificar y comprender correctamente los problemas que ha estado experimentando con el coche. Afortunadamente la prueba de Mugello, en plazo de una semana nos dar\u00e1 oportunidad para resolver estos problemas lejos de las presiones de un fin de semana. Me gustar\u00eda aprovechar esta oportunidad para felicitar al equipo por un trabajo muy bien hecho a lo largo de las cuatro primeras carreras, que para cada uno llevo sus propios desaf\u00edos. Tenemos un equipo mucho m\u00e1s fuerte y con un mont\u00f3n de motivos para el optimismo en el inicio de la temporada europea. \u00ab<\/em><\/p>\n<div class=\"sharedaddy sd-sharing-enabled\"><div class=\"robots-nocontent sd-block sd-social sd-social-official sd-sharing\"><h3 class=\"sd-title\">Opciones Sociales:<\/h3><div class=\"sd-content\"><ul><li class=\"share-facebook\"><div class=\"fb-share-button\" data-href=\"http:\/\/www.michael-schumacher.es\/noticias-f1\/2012\/04\/23\/balance-gp-de-bahrain-sakhir-2012-marussia\/\" data-layout=\"button_count\"><\/div><\/li><li class=\"share-twitter\"><a href=\"https:\/\/twitter.com\/share\" class=\"twitter-share-button\" data-url=\"http:\/\/www.michael-schumacher.es\/noticias-f1\/2012\/04\/23\/balance-gp-de-bahrain-sakhir-2012-marussia\/\" data-text=\"Balance GP de Bahrain, Sakhir 2012. Marussia\"  >Tweet<\/a><\/li><li class=\"share-email\"><a rel=\"nofollow noopener noreferrer\" data-shared=\"\" class=\"share-email sd-button\" href=\"http:\/\/www.michael-schumacher.es\/noticias-f1\/2012\/04\/23\/balance-gp-de-bahrain-sakhir-2012-marussia\/?share=email\" target=\"_blank\" title=\"Haz clic para enviar por correo electr\u00f3nico a un amigo\"><span>Correo electr\u00f3nico<\/span><\/a><\/li><li class=\"share-end\"><\/li><\/ul><\/div><\/div><\/div>","protected":false},"excerpt":{"rendered":"<p>Charles comenz\u00f3 la carrera desde la P19 en la parrilla, y Timo en la \u00a0P23. Charles estaba progresando bien hasta la vuelta 24 de la carrera cuando su coche sufri\u00f3 una ca\u00edda en la presi\u00f3n con la AVS (Sistema de v\u00e1lvula de aire) y se vio obligado a retirarse. Timo termino la carrera en la [&hellip;]<\/p>\n<div class=\"sharedaddy sd-sharing-enabled\"><div class=\"robots-nocontent sd-block sd-social sd-social-official sd-sharing\"><h3 class=\"sd-title\">Opciones Sociales:<\/h3><div class=\"sd-content\"><ul><li class=\"share-facebook\"><div class=\"fb-share-button\" data-href=\"http:\/\/www.michael-schumacher.es\/noticias-f1\/2012\/04\/23\/balance-gp-de-bahrain-sakhir-2012-marussia\/\" data-layout=\"button_count\"><\/div><\/li><li class=\"share-twitter\"><a href=\"https:\/\/twitter.com\/share\" class=\"twitter-share-button\" data-url=\"http:\/\/www.michael-schumacher.es\/noticias-f1\/2012\/04\/23\/balance-gp-de-bahrain-sakhir-2012-marussia\/\" data-text=\"Balance GP de Bahrain, Sakhir 2012. Marussia\"  >Tweet<\/a><\/li><li class=\"share-email\"><a rel=\"nofollow noopener noreferrer\" data-shared=\"\" class=\"share-email sd-button\" href=\"http:\/\/www.michael-schumacher.es\/noticias-f1\/2012\/04\/23\/balance-gp-de-bahrain-sakhir-2012-marussia\/?share=email\" target=\"_blank\" title=\"Haz clic para enviar por correo electr\u00f3nico a un amigo\"><span>Correo electr\u00f3nico<\/span><\/a><\/li><li class=\"share-end\"><\/li><\/ul><\/div><\/div><\/div>","protected":false},"author":2,"featured_media":0,"comment_status":"open","ping_status":"open","sticky":false,"template":"","format":"standard","meta":{"_monsterinsights_skip_tracking":false,"_monsterinsights_sitenote_active":false,"_monsterinsights_sitenote_note":"","_monsterinsights_sitenote_category":0,"spay_email":"","jetpack_publicize_message":"","jetpack_is_tweetstorm":false,"jetpack_publicize_feature_enabled":true},"categories":[4,3],"tags":[35,64,116,17,119,6,139,117,70,118,166],"jetpack_featured_media_url":"","jetpack_publicize_connections":[],"jetpack_sharing_enabled":true,"jetpack_shortlink":"https:\/\/wp.me\/p27q3P-7M","_links":{"self":[{"href":"http:\/\/www.michael-schumacher.es\/noticias-f1\/wp-json\/wp\/v2\/posts\/482"}],"collection":[{"href":"http:\/\/www.michael-schumacher.es\/noticias-f1\/wp-json\/wp\/v2\/posts"}],"about":[{"href":"http:\/\/www.michael-schumacher.es\/noticias-f1\/wp-json\/wp\/v2\/types\/post"}],"author":[{"embeddable":true,"href":"http:\/\/www.michael-schumacher.es\/noticias-f1\/wp-json\/wp\/v2\/users\/2"}],"replies":[{"embeddable":true,"href":"http:\/\/www.michael-schumacher.es\/noticias-f1\/wp-json\/wp\/v2\/comments?post=482"}],"version-history":[{"count":0,"href":"http:\/\/www.michael-schumacher.es\/noticias-f1\/wp-json\/wp\/v2\/posts\/482\/revisions"}],"wp:attachment":[{"href":"http:\/\/www.michael-schumacher.es\/noticias-f1\/wp-json\/wp\/v2\/media?parent=482"}],"wp:term":[{"taxonomy":"category","embeddable":true,"href":"http:\/\/www.michael-schumacher.es\/noticias-f1\/wp-json\/wp\/v2\/categories?post=482"},{"taxonomy":"post_tag","embeddable":true,"href":"http:\/\/www.michael-schumacher.es\/noticias-f1\/wp-json\/wp\/v2\/tags?post=482"}],"curies":[{"name":"wp","href":"https:\/\/api.w.org\/{rel}","templated":true}]}}