{"id":4908,"date":"2012-10-12T01:58:20","date_gmt":"2012-10-11T23:58:20","guid":{"rendered":"http:\/\/www.michael-schumacher.es\/noticias-f1\/?p=4908"},"modified":"2012-10-12T01:58:20","modified_gmt":"2012-10-11T23:58:20","slug":"previo-gp-de-corea-yeongam-2012-ferrari","status":"publish","type":"post","link":"http:\/\/www.michael-schumacher.es\/noticias-f1\/2012\/10\/12\/previo-gp-de-corea-yeongam-2012-ferrari\/","title":{"rendered":"Previo GP de Corea, Yeongam 2012. Ferrari"},"content":{"rendered":"<p><a href=\"http:\/\/www.michael-schumacher.es\/noticias-f1\/wp-content\/uploads\/2012\/08\/david_sarro.alonso-2-mini.jpg\"><img loading=\"lazy\" class=\"alignleft size-full wp-image-3085\" title=\"Fernando Alonso 2 - miniatura\" src=\"http:\/\/www.michael-schumacher.es\/noticias-f1\/wp-content\/uploads\/2012\/08\/david_sarro.alonso-2-mini.jpg\" alt=\"\" width=\"200\" height=\"133\" \/><\/a>Los dos pilotos afrontan el Gran Premio de Corea motivados para tener buenos resultados. Fernando Alonso necesita una buena carrera despu\u00e9s de no puntuar en Suzuka y con Vettel ahora a solo cuatro puntos en el campeonato de pilotos. Felipe Massa despu\u00e9s de una gran carrera en Suzuka, espera seguir con el mismo impulso positivo y conseguir puntos para el equipo.<\/p>\n<p><!--more--> <!--noteaser--><\/p>\n<p><a href=\"http:\/\/www.michael-schumacher.es\/noticias-f1\/wp-content\/uploads\/2012\/08\/david_sarro.alonso-2.jpg\"><img loading=\"lazy\" class=\"aligncenter size-full wp-image-3084\" title=\"Fernando Alonso 2 \" src=\"http:\/\/www.michael-schumacher.es\/noticias-f1\/wp-content\/uploads\/2012\/08\/david_sarro.alonso-2.jpg\" alt=\"\" width=\"600\" height=\"400\" srcset=\"http:\/\/www.michael-schumacher.es\/noticias-f1\/wp-content\/uploads\/2012\/08\/david_sarro.alonso-2.jpg 600w, http:\/\/www.michael-schumacher.es\/noticias-f1\/wp-content\/uploads\/2012\/08\/david_sarro.alonso-2-300x200.jpg 300w\" sizes=\"(max-width: 600px) 100vw, 600px\" \/><\/a><\/p>\n<p>Los dos pilotos afrontan el Gran Premio de Corea motivados para tener buenos resultados. Fernando Alonso necesita una buena carrera despu\u00e9s de no puntuar en Suzuka y con Vettel ahora a solo cuatro puntos en el campeonato de pilotos. Felipe Massa despu\u00e9s de una gran carrera en Suzuka, espera seguir con el mismo impulso positivo y conseguir puntos para el equipo.<\/p>\n<p><strong>\u00a0<\/strong><\/p>\n<p><strong>Fernando Alonso:<\/strong> \u00abTodos necesitamos algunos puntos buenos ahora. Pero hemos estado trabajando duro desde la primera prueba del invierno, as\u00ed que no hay un cambio de enfoque para el \u00faltimo Gran estos cinco Grandes y vamos a seguir haciendo lo que hemos estado haciendo. Este ha sido un campeonato casi perfecto para nosotros, con buenas salidas, estrategias bien planificadas y un enfoque bien dirigido a maximizar siempre los puntos que podr\u00edamos tomar de cada carrera. Nos dieron una puntuaci\u00f3n de cero en Spa y otro en Suzuka, pero eran por razones que estaban fuera de nuestro control. No tenemos muchas nuevas actualizaciones para aqu\u00ed, ya que s\u00f3lo ha pasado cuatro d\u00edas desde Suzuka. Pero vamos a estar trabajando en los reglajes del coche para que se adapte el dise\u00f1o de esta pista. Sigo siendo razonablemente seguro de que podemos ser competitivos este fin de semana, como lo hemos sido en efecto la mayor\u00eda de los \u00faltimos ocho a diez carreras, ya que aunque no hemos sido los m\u00e1s r\u00e1pidos, hemos estado en la lucha por el podio. Voy a atacar \u00a0todas las carreras, luchando en todos ellos, tratando de maximizar nuestros puntos, ya que s\u00f3lo se han hecho siempre, pero sin saturar. En las \u00faltimas cuatro carreras, hemos perdido un mont\u00f3n de puntos, con no acabar en Spa, que estaba fuera de mis manos, entonces el problema de tener que comenzar d\u00e9cimo en Monza despu\u00e9s de un problema de clasificaci\u00f3n y, por \u00faltimo, mi pinchazo en la primera curva en Suzuka y podemos esperar que el resto de la temporada tambi\u00e9n tener algunos altibajos. Aparte de un baj\u00f3n de forma en Jap\u00f3n, McLaren ha sido muy fuerte en las \u00faltimas carreras. Es m\u00e1s dif\u00edcil para Lewis, por supuesto. Pero todav\u00eda hay un mont\u00f3n de puntos disponibles y un mont\u00f3n de tiempo para \u00e9l defenderse. \u00bb<\/p>\n<p>&nbsp;<\/p>\n<p><strong>Felipe Massa:<\/strong> \u00abCreo que Suzuka, fue una gran sensaci\u00f3n y fue un resultado muy importante para m\u00ed y para el equipo. Yo siempre estoy en las carreras tratando de \u00a0luchar por victorias y podios, no s\u00f3lo para conducir el coche, aunque disfruto \u00a0de eso, as\u00ed que estar de vuelta en Jap\u00f3n, despu\u00e9s de tanto tiempo era muy agradable y el podio me ha dado la felicidad, lo cual es importante, pero m\u00e1s importante a\u00fan, incluso una motivaci\u00f3n extra para las carreras restantes. Si nos fijamos en el campeonato desde el principio para las vacaciones de verano y despu\u00e9s de despu\u00e9s de las vacaciones hasta ahora, hay una diferencia muy grande, como dos campeonatos diferentes y esta segunda parte ha sido mucho mejor que me siento mucho m\u00e1s confiado y yo Tambi\u00e9n creo que es importante para mi futuro. Antes de Suzuka, que ten\u00eda muchas otras carreras en la que estaba en el ritmo y tuve una buena carrera, pero sucedi\u00f3 algo que significaba que no terminaba con el resultado correcto. Despu\u00e9s de las vacaciones de verano, yo no siento que nada cambi\u00f3 realmente, pero tuve un poco m\u00e1s de suerte, mientras que antes, tal vez yo estar\u00eda encabezado por el podio, pero algo pasaba que significaba que no lo hac\u00eda. Obtener buenos resultados no es s\u00f3lo importante para m\u00ed en t\u00e9rminos de mi futuro. No me siento en el coche pensando que tengo que hacer bien para mi futuro. No me importa que desde ese punto de vista, pero yo he sido un piloto de carreras toda mi vida y cuando me siento en la cabina s\u00f3lo quiero hacer lo mejor cada vez. Los resultados de la carrera es lo que me importa y voy a luchar por la victoria en cualquier situaci\u00f3n. Sin embargo, creo que todo va en la direcci\u00f3n correcta. Yo no dir\u00eda que he aprendido algo nuevo acerca de m\u00ed mismo, lo que pasa es que cuando las cosas van bien, por supuesto, usted se siente m\u00e1s feliz. A veces, cuando las cosas no van en la direcci\u00f3n correcta, todo parece empeorar y eventos suceden de forma que usted no entiende. Una vez que todo cae en su lugar, entonces todo se pone mejor &#8211; la forma en que usted conduce y su forma de trabajar. Lo siento, pero no puedo decir mucho sobre la comida. Llegu\u00e9 a mi hotel aqu\u00ed en torno a la medianoche, despu\u00e9s de un viaje de cuatro horas desde Se\u00fal y s\u00f3lo ten\u00eda una pizza r\u00e1pida antes de ir a la cama!\u00bb<\/p>\n<p>&nbsp;<\/p>\n<p><strong>Imagen:<\/strong> David Sarr\u00f3<\/p>\n<div class=\"sharedaddy sd-sharing-enabled\"><div class=\"robots-nocontent sd-block sd-social sd-social-official sd-sharing\"><h3 class=\"sd-title\">Opciones Sociales:<\/h3><div class=\"sd-content\"><ul><li class=\"share-facebook\"><div class=\"fb-share-button\" data-href=\"http:\/\/www.michael-schumacher.es\/noticias-f1\/2012\/10\/12\/previo-gp-de-corea-yeongam-2012-ferrari\/\" data-layout=\"button_count\"><\/div><\/li><li class=\"share-twitter\"><a href=\"https:\/\/twitter.com\/share\" class=\"twitter-share-button\" data-url=\"http:\/\/www.michael-schumacher.es\/noticias-f1\/2012\/10\/12\/previo-gp-de-corea-yeongam-2012-ferrari\/\" data-text=\"Previo GP de Corea, Yeongam 2012. Ferrari\"  >Tweet<\/a><\/li><li class=\"share-email\"><a rel=\"nofollow noopener noreferrer\" data-shared=\"\" class=\"share-email sd-button\" href=\"http:\/\/www.michael-schumacher.es\/noticias-f1\/2012\/10\/12\/previo-gp-de-corea-yeongam-2012-ferrari\/?share=email\" target=\"_blank\" title=\"Haz clic para enviar por correo electr\u00f3nico a un amigo\"><span>Correo electr\u00f3nico<\/span><\/a><\/li><li class=\"share-end\"><\/li><\/ul><\/div><\/div><\/div>","protected":false},"excerpt":{"rendered":"<p>Los dos pilotos afrontan el Gran Premio de Corea motivados para tener buenos resultados. Fernando Alonso necesita una buena carrera despu\u00e9s de no puntuar en Suzuka y con Vettel ahora a solo cuatro puntos en el campeonato de pilotos. Felipe Massa despu\u00e9s de una gran carrera en Suzuka, espera seguir con el mismo impulso positivo [&hellip;]<\/p>\n<div class=\"sharedaddy sd-sharing-enabled\"><div class=\"robots-nocontent sd-block sd-social sd-social-official sd-sharing\"><h3 class=\"sd-title\">Opciones Sociales:<\/h3><div class=\"sd-content\"><ul><li class=\"share-facebook\"><div class=\"fb-share-button\" data-href=\"http:\/\/www.michael-schumacher.es\/noticias-f1\/2012\/10\/12\/previo-gp-de-corea-yeongam-2012-ferrari\/\" data-layout=\"button_count\"><\/div><\/li><li class=\"share-twitter\"><a href=\"https:\/\/twitter.com\/share\" class=\"twitter-share-button\" data-url=\"http:\/\/www.michael-schumacher.es\/noticias-f1\/2012\/10\/12\/previo-gp-de-corea-yeongam-2012-ferrari\/\" data-text=\"Previo GP de Corea, Yeongam 2012. Ferrari\"  >Tweet<\/a><\/li><li class=\"share-email\"><a rel=\"nofollow noopener noreferrer\" data-shared=\"\" class=\"share-email sd-button\" href=\"http:\/\/www.michael-schumacher.es\/noticias-f1\/2012\/10\/12\/previo-gp-de-corea-yeongam-2012-ferrari\/?share=email\" target=\"_blank\" title=\"Haz clic para enviar por correo electr\u00f3nico a un amigo\"><span>Correo electr\u00f3nico<\/span><\/a><\/li><li class=\"share-end\"><\/li><\/ul><\/div><\/div><\/div>","protected":false},"author":3,"featured_media":0,"comment_status":"open","ping_status":"open","sticky":false,"template":"","format":"standard","meta":{"_monsterinsights_skip_tracking":false,"_monsterinsights_sitenote_active":false,"_monsterinsights_sitenote_note":"","_monsterinsights_sitenote_category":0,"spay_email":"","jetpack_publicize_message":"","jetpack_is_tweetstorm":false,"jetpack_publicize_feature_enabled":true},"categories":[3,22],"tags":[14,105,1623,107,17,106,104,141,15,6,108,1290,1289,5,1627],"jetpack_featured_media_url":"","jetpack_publicize_connections":[],"jetpack_sharing_enabled":true,"jetpack_shortlink":"https:\/\/wp.me\/p27q3P-1ha","_links":{"self":[{"href":"http:\/\/www.michael-schumacher.es\/noticias-f1\/wp-json\/wp\/v2\/posts\/4908"}],"collection":[{"href":"http:\/\/www.michael-schumacher.es\/noticias-f1\/wp-json\/wp\/v2\/posts"}],"about":[{"href":"http:\/\/www.michael-schumacher.es\/noticias-f1\/wp-json\/wp\/v2\/types\/post"}],"author":[{"embeddable":true,"href":"http:\/\/www.michael-schumacher.es\/noticias-f1\/wp-json\/wp\/v2\/users\/3"}],"replies":[{"embeddable":true,"href":"http:\/\/www.michael-schumacher.es\/noticias-f1\/wp-json\/wp\/v2\/comments?post=4908"}],"version-history":[{"count":0,"href":"http:\/\/www.michael-schumacher.es\/noticias-f1\/wp-json\/wp\/v2\/posts\/4908\/revisions"}],"wp:attachment":[{"href":"http:\/\/www.michael-schumacher.es\/noticias-f1\/wp-json\/wp\/v2\/media?parent=4908"}],"wp:term":[{"taxonomy":"category","embeddable":true,"href":"http:\/\/www.michael-schumacher.es\/noticias-f1\/wp-json\/wp\/v2\/categories?post=4908"},{"taxonomy":"post_tag","embeddable":true,"href":"http:\/\/www.michael-schumacher.es\/noticias-f1\/wp-json\/wp\/v2\/tags?post=4908"}],"curies":[{"name":"wp","href":"https:\/\/api.w.org\/{rel}","templated":true}]}}