{"id":5019,"date":"2012-10-14T21:15:41","date_gmt":"2012-10-14T19:15:41","guid":{"rendered":"http:\/\/www.michael-schumacher.es\/noticias-f1\/?p=5019"},"modified":"2012-10-14T21:15:41","modified_gmt":"2012-10-14T19:15:41","slug":"balance-gp-de-corea-yeongam-2012-red-bull","status":"publish","type":"post","link":"http:\/\/www.michael-schumacher.es\/noticias-f1\/2012\/10\/14\/balance-gp-de-corea-yeongam-2012-red-bull\/","title":{"rendered":"Balance GP de Corea, Yeongam 2012. Red Bull"},"content":{"rendered":"<p><a href=\"http:\/\/www.michael-schumacher.es\/noticias-f1\/wp-content\/uploads\/2012\/08\/david_sarro.vettel-1-mini.jpg\"><img loading=\"lazy\" class=\"alignleft size-full wp-image-2484\" title=\"Sebastian Vettel 1 - miniatura\" src=\"http:\/\/www.michael-schumacher.es\/noticias-f1\/wp-content\/uploads\/2012\/08\/david_sarro.vettel-1-mini.jpg\" alt=\"\" width=\"200\" height=\"133\" \/><\/a>Un gran resultado para el equipo Red Bull, con la magn\u00edfica victoria de Sebastian Vettel, que lo coloca l\u00edder del Mundial y tambi\u00e9n han firmado un doblete que por lo que el equipo lidera ambos campeonatos. Sebastian Vettel que iniciaba la carrera segundo, logro adelantar a su compa\u00f1ero de equipo y colocarse primero en la primera vuelta y as\u00ed se mantuvo hasta alcanzar una excelente victoria. Mark Webber no tuvo tan buena salida y perdi\u00f3 su posici\u00f3n con su compa\u00f1ero, pero logo mantener su segunda posici\u00f3n y asi lograr el doblete para el equipo. A falta de solo cuatro carreras el equipo esta magn\u00edficamente situado para lograr ambos campeonatos.<\/p>\n<p><!--more--> <!--noteaser--><\/p>\n<p><a href=\"http:\/\/www.michael-schumacher.es\/noticias-f1\/wp-content\/uploads\/2012\/08\/david_sarro.vettel-1.jpg\"><img loading=\"lazy\" class=\"aligncenter size-full wp-image-2485\" title=\"Sebastian Vettel 1 \" src=\"http:\/\/www.michael-schumacher.es\/noticias-f1\/wp-content\/uploads\/2012\/08\/david_sarro.vettel-1.jpg\" alt=\"\" width=\"600\" height=\"399\" srcset=\"http:\/\/www.michael-schumacher.es\/noticias-f1\/wp-content\/uploads\/2012\/08\/david_sarro.vettel-1.jpg 600w, http:\/\/www.michael-schumacher.es\/noticias-f1\/wp-content\/uploads\/2012\/08\/david_sarro.vettel-1-300x199.jpg 300w\" sizes=\"(max-width: 600px) 100vw, 600px\" \/><\/a><\/p>\n<p>Un gran resultado para el equipo Red Bull, con la magn\u00edfica victoria de Sebastian Vettel, que lo coloca l\u00edder del Mundial y tambi\u00e9n han firmado un doblete que por lo que el equipo lidera ambos campeonatos. Sebastian Vettel que iniciaba la carrera segundo, logro adelantar a su compa\u00f1ero de equipo y colocarse primero en la primera vuelta y as\u00ed se mantuvo hasta alcanzar una excelente victoria. Mark Webber no tuvo tan buena salida y perdi\u00f3 su posici\u00f3n con su compa\u00f1ero, pero logo mantener su segunda posici\u00f3n y asi lograr el doblete para el equipo. A falta de solo cuatro carreras el equipo esta magn\u00edficamente situado para lograr ambos campeonatos.<\/p>\n<p><strong>\u00a0<\/strong><\/p>\n<p><strong>Sebastian Vettel:<\/strong> \u00abCreo que fue un d\u00eda perfecto para m\u00ed y para el equipo. Era importante tener un buen comienzo. Tuve la oportunidad de salir a acelerar delante de Mark y conseguir ir al otro lado, ten\u00eda el interior de la curva 3 y una buena salida, lo que significaba que pod\u00eda mantenerme a la vanguardia en la curva 4. Yo estaba l\u00edder, pero hemos visto antes que no siempre se mantienen. Mi \u00fanico error hoy fue un bloqueo al entrar a la curva 3, pero con los neum\u00e1ticos era similar para todos. No se pod\u00eda empujar mucho y mi goma derecha delantera no se ve\u00eda muy bien\u00a0 despu\u00e9s de\u00a0 un tiempo. Hemos sido capaces de arrancar delante en la primera parte y la segunda y mantenerla durante la tercera. Tendremos que hacer todo lo posible para permanecer donde estamos ahora. Tenemos que seguir simplemente haciendo nuestro trabajo\u201d.<\/p>\n<p>&nbsp;<\/p>\n<p><strong>Mark Webber:<\/strong> \u201cForc\u00e9 el embrague al inicio, lo cual fue decepcionante. Luche en la recta de atr\u00e1s con Sebasti\u00e1n, ya que no todo hab\u00eda terminado. Trat\u00e9 de hacer un movimiento, pero una vez que se retir\u00f3 de su estela, los dos est\u00e1bamos en la misma velocidad. Despu\u00e9s de que me iba muy bien en la primera parte de la carrera. No pude usar DRS, debido a las banderas amarillas y despu\u00e9s de eso se convirti\u00f3 en una batalla de los neum\u00e1ticos. La segunda parte no fue tan buena, como me fui un poco m\u00e1s lento para conservar los neum\u00e1ticos, pero eso hizo que la degradaci\u00f3n de un poco peor. La tanda anterior fui el m\u00e1s fuerte, pero ya era demasiado tarde para entonces. Felicidades a Sebastian por la victoria y es genial para el equipo que nos dieron un uno-dos, especialmente para el Campeonato de Constructores, pero tengo sentimientos encontrados. Fue un buen resultado, pero por supuesto, yo quer\u00eda obtener el mejor resultado de hoy\u201d.<\/p>\n<p>&nbsp;<\/p>\n<p><strong>Christian Horner , jefe de equipo:<\/strong> \u00abUn resultado para el equipo, fenomenal. Ha sido nuestro primer doblete de la temporada y una gran actuaci\u00f3n. Ambos pilotos han ejecutado unas \u00a0carreras excelentes. Sebastian hizo el mejor comienzo y \u00a0Mark corri\u00f3 al lado del otro hasta el final de la recta a la curva 3, pero se dieron el espacio justo. A partir de entonces se trataba de un caso de la gesti\u00f3n de los neum\u00e1ticos y la ejecuci\u00f3n de una buena estrategia de carrera, lo que hicimos con los dos coches para sellar nuestro primer doblete de 2012. Han sido muy positivos diez d\u00edas y es importante continuar construyendo con este impulso para entrar en las cuatro \u00faltimas carreras\u201d.<\/p>\n<p>&nbsp;<\/p>\n<p><strong>Cyril Dumont (Renault):<\/strong> \u00abUn resultado fant\u00e1stico hoy. Empezamos primero y segundo y termin\u00f3 en la misma posici\u00f3n, pero con los controladores de la otra manera. Seb tom\u00f3 la delantera en el campeonato de pilotos, lo que es muy buen resultado en esta carrera. Hemos tenido muy buenas sensaciones de las dos \u00faltimas carreras y yo realmente espero que mantener este impulso para las otras cuatro.\u00bb<\/p>\n<p>&nbsp;<\/p>\n<p><strong>Imagen:<\/strong> David Sarr\u00f3<\/p>\n<div class=\"sharedaddy sd-sharing-enabled\"><div class=\"robots-nocontent sd-block sd-social sd-social-official sd-sharing\"><h3 class=\"sd-title\">Opciones Sociales:<\/h3><div class=\"sd-content\"><ul><li class=\"share-facebook\"><div class=\"fb-share-button\" data-href=\"http:\/\/www.michael-schumacher.es\/noticias-f1\/2012\/10\/14\/balance-gp-de-corea-yeongam-2012-red-bull\/\" data-layout=\"button_count\"><\/div><\/li><li class=\"share-twitter\"><a href=\"https:\/\/twitter.com\/share\" class=\"twitter-share-button\" data-url=\"http:\/\/www.michael-schumacher.es\/noticias-f1\/2012\/10\/14\/balance-gp-de-corea-yeongam-2012-red-bull\/\" data-text=\"Balance GP de Corea, Yeongam 2012. Red Bull\"  >Tweet<\/a><\/li><li class=\"share-email\"><a rel=\"nofollow noopener noreferrer\" data-shared=\"\" class=\"share-email sd-button\" href=\"http:\/\/www.michael-schumacher.es\/noticias-f1\/2012\/10\/14\/balance-gp-de-corea-yeongam-2012-red-bull\/?share=email\" target=\"_blank\" title=\"Haz clic para enviar por correo electr\u00f3nico a un amigo\"><span>Correo electr\u00f3nico<\/span><\/a><\/li><li class=\"share-end\"><\/li><\/ul><\/div><\/div><\/div>","protected":false},"excerpt":{"rendered":"<p>Un gran resultado para el equipo Red Bull, con la magn\u00edfica victoria de Sebastian Vettel, que lo coloca l\u00edder del Mundial y tambi\u00e9n han firmado un doblete que por lo que el equipo lidera ambos campeonatos. Sebastian Vettel que iniciaba la carrera segundo, logro adelantar a su compa\u00f1ero de equipo y colocarse primero en la [&hellip;]<\/p>\n<div class=\"sharedaddy sd-sharing-enabled\"><div class=\"robots-nocontent sd-block sd-social sd-social-official sd-sharing\"><h3 class=\"sd-title\">Opciones Sociales:<\/h3><div class=\"sd-content\"><ul><li class=\"share-facebook\"><div class=\"fb-share-button\" data-href=\"http:\/\/www.michael-schumacher.es\/noticias-f1\/2012\/10\/14\/balance-gp-de-corea-yeongam-2012-red-bull\/\" data-layout=\"button_count\"><\/div><\/li><li class=\"share-twitter\"><a href=\"https:\/\/twitter.com\/share\" class=\"twitter-share-button\" data-url=\"http:\/\/www.michael-schumacher.es\/noticias-f1\/2012\/10\/14\/balance-gp-de-corea-yeongam-2012-red-bull\/\" data-text=\"Balance GP de Corea, Yeongam 2012. Red Bull\"  >Tweet<\/a><\/li><li class=\"share-email\"><a rel=\"nofollow noopener noreferrer\" data-shared=\"\" class=\"share-email sd-button\" href=\"http:\/\/www.michael-schumacher.es\/noticias-f1\/2012\/10\/14\/balance-gp-de-corea-yeongam-2012-red-bull\/?share=email\" target=\"_blank\" title=\"Haz clic para enviar por correo electr\u00f3nico a un amigo\"><span>Correo electr\u00f3nico<\/span><\/a><\/li><li class=\"share-end\"><\/li><\/ul><\/div><\/div><\/div>","protected":false},"author":3,"featured_media":0,"comment_status":"open","ping_status":"open","sticky":false,"template":"","format":"standard","meta":{"_monsterinsights_skip_tracking":false,"_monsterinsights_sitenote_active":false,"_monsterinsights_sitenote_note":"","_monsterinsights_sitenote_category":0,"spay_email":"","jetpack_publicize_message":"","jetpack_is_tweetstorm":false,"jetpack_publicize_feature_enabled":true},"categories":[4,3],"tags":[14,401,64,1623,17,15,6,72,51,71,30,73,1627],"jetpack_featured_media_url":"","jetpack_publicize_connections":[],"jetpack_sharing_enabled":true,"jetpack_shortlink":"https:\/\/wp.me\/p27q3P-1iX","_links":{"self":[{"href":"http:\/\/www.michael-schumacher.es\/noticias-f1\/wp-json\/wp\/v2\/posts\/5019"}],"collection":[{"href":"http:\/\/www.michael-schumacher.es\/noticias-f1\/wp-json\/wp\/v2\/posts"}],"about":[{"href":"http:\/\/www.michael-schumacher.es\/noticias-f1\/wp-json\/wp\/v2\/types\/post"}],"author":[{"embeddable":true,"href":"http:\/\/www.michael-schumacher.es\/noticias-f1\/wp-json\/wp\/v2\/users\/3"}],"replies":[{"embeddable":true,"href":"http:\/\/www.michael-schumacher.es\/noticias-f1\/wp-json\/wp\/v2\/comments?post=5019"}],"version-history":[{"count":0,"href":"http:\/\/www.michael-schumacher.es\/noticias-f1\/wp-json\/wp\/v2\/posts\/5019\/revisions"}],"wp:attachment":[{"href":"http:\/\/www.michael-schumacher.es\/noticias-f1\/wp-json\/wp\/v2\/media?parent=5019"}],"wp:term":[{"taxonomy":"category","embeddable":true,"href":"http:\/\/www.michael-schumacher.es\/noticias-f1\/wp-json\/wp\/v2\/categories?post=5019"},{"taxonomy":"post_tag","embeddable":true,"href":"http:\/\/www.michael-schumacher.es\/noticias-f1\/wp-json\/wp\/v2\/tags?post=5019"}],"curies":[{"name":"wp","href":"https:\/\/api.w.org\/{rel}","templated":true}]}}