{"id":5096,"date":"2012-10-18T11:49:16","date_gmt":"2012-10-18T09:49:16","guid":{"rendered":"http:\/\/www.michael-schumacher.es\/noticias-f1\/?p=5096"},"modified":"2012-10-18T11:49:16","modified_gmt":"2012-10-18T09:49:16","slug":"christian-horner-vettel-seguira-en-red-bull-en-2014","status":"publish","type":"post","link":"http:\/\/www.michael-schumacher.es\/noticias-f1\/2012\/10\/18\/christian-horner-vettel-seguira-en-red-bull-en-2014\/","title":{"rendered":"Christian Horner:  Vettel seguir\u00e1 en Red Bull en 2014"},"content":{"rendered":"<p><a href=\"http:\/\/www.michael-schumacher.es\/noticias-f1\/wp-content\/uploads\/2012\/08\/david_sarro.vettel-1-mini.jpg\"><img loading=\"lazy\" class=\"alignleft size-full wp-image-2484\" title=\"Sebastian Vettel 1 - miniatura\" src=\"http:\/\/www.michael-schumacher.es\/noticias-f1\/wp-content\/uploads\/2012\/08\/david_sarro.vettel-1-mini.jpg\" alt=\"\" width=\"200\" height=\"133\" \/><\/a>Los rumores llevan tiempo asegurando que Sebastian Vettel, fichar\u00eda e incluso para algunas fuentes ya ha fichado por Ferrari para el a\u00f1o 2014, ahora que Felipe Massa ha renovado por Ferrari para solo un a\u00f1o, los rumores se han intensificado y si ayer lo negaba el propio Sebastian Vettel, hoy se ha ocupado de hacerlo el Jefe del equipo Red Bull.<\/p>\n<p><!--more--> <!--noteaser--><\/p>\n<p><a href=\"http:\/\/www.michael-schumacher.es\/noticias-f1\/wp-content\/uploads\/2012\/08\/david_sarro.vettel-1.jpg\"><img loading=\"lazy\" class=\"aligncenter size-full wp-image-2485\" title=\"Sebastian Vettel 1 \" src=\"http:\/\/www.michael-schumacher.es\/noticias-f1\/wp-content\/uploads\/2012\/08\/david_sarro.vettel-1.jpg\" alt=\"\" width=\"600\" height=\"399\" srcset=\"http:\/\/www.michael-schumacher.es\/noticias-f1\/wp-content\/uploads\/2012\/08\/david_sarro.vettel-1.jpg 600w, http:\/\/www.michael-schumacher.es\/noticias-f1\/wp-content\/uploads\/2012\/08\/david_sarro.vettel-1-300x199.jpg 300w\" sizes=\"(max-width: 600px) 100vw, 600px\" \/><\/a><\/p>\n<p>Los rumores llevan tiempo asegurando que Sebastian Vettel, fichar\u00eda e incluso para algunas fuentes ya ha fichado por Ferrari para el a\u00f1o 2014, ahora que Felipe Massa ha renovado por Ferrari para solo un a\u00f1o, los rumores se han intensificado y si ayer lo negaba el propio Sebastian Vettel, hoy se ha ocupado de hacerlo el Jefe del equipo Red Bull.<\/p>\n<p>&nbsp;<\/p>\n<p>Christian Horner, jefe de Red Bull Racing, ha sido totalmente contundente en sus declaraciones y sobre los rumores sobre Red Bull: <strong>\u00abSebastian Vettel, sin sombra de duda, ser\u00e1 parte del equipo Red Bull Racing en 2014. Vettel ha dejado bien claro que no ha tenido ning\u00fan di\u00e1logo y no ha firmado nada con Ferrari, pero la rumorolog\u00eda seguir\u00e1 siempre<\/strong>. <strong>La mayor\u00eda de nuestro equipo ha ido a Ferrari en alg\u00fan momento, ya sea Adrian Newey director t\u00e9cnico, Mark Webber, Sebastian, incluso yo mismo, me tengo que ir all\u00ed.\u00bb<\/strong><\/p>\n<div class=\"sharedaddy sd-sharing-enabled\"><div class=\"robots-nocontent sd-block sd-social sd-social-official sd-sharing\"><h3 class=\"sd-title\">Opciones Sociales:<\/h3><div class=\"sd-content\"><ul><li class=\"share-facebook\"><div class=\"fb-share-button\" data-href=\"http:\/\/www.michael-schumacher.es\/noticias-f1\/2012\/10\/18\/christian-horner-vettel-seguira-en-red-bull-en-2014\/\" data-layout=\"button_count\"><\/div><\/li><li class=\"share-twitter\"><a href=\"https:\/\/twitter.com\/share\" class=\"twitter-share-button\" data-url=\"http:\/\/www.michael-schumacher.es\/noticias-f1\/2012\/10\/18\/christian-horner-vettel-seguira-en-red-bull-en-2014\/\" data-text=\"Christian Horner:  Vettel seguir\u00e1 en Red Bull en 2014\"  >Tweet<\/a><\/li><li class=\"share-email\"><a rel=\"nofollow noopener noreferrer\" data-shared=\"\" class=\"share-email sd-button\" href=\"http:\/\/www.michael-schumacher.es\/noticias-f1\/2012\/10\/18\/christian-horner-vettel-seguira-en-red-bull-en-2014\/?share=email\" target=\"_blank\" title=\"Haz clic para enviar por correo electr\u00f3nico a un amigo\"><span>Correo electr\u00f3nico<\/span><\/a><\/li><li class=\"share-end\"><\/li><\/ul><\/div><\/div><\/div>","protected":false},"excerpt":{"rendered":"<p>Los rumores llevan tiempo asegurando que Sebastian Vettel, fichar\u00eda e incluso para algunas fuentes ya ha fichado por Ferrari para el a\u00f1o 2014, ahora que Felipe Massa ha renovado por Ferrari para solo un a\u00f1o, los rumores se han intensificado y si ayer lo negaba el propio Sebastian Vettel, hoy se ha ocupado de hacerlo [&hellip;]<\/p>\n<div class=\"sharedaddy sd-sharing-enabled\"><div class=\"robots-nocontent sd-block sd-social sd-social-official sd-sharing\"><h3 class=\"sd-title\">Opciones Sociales:<\/h3><div class=\"sd-content\"><ul><li class=\"share-facebook\"><div class=\"fb-share-button\" data-href=\"http:\/\/www.michael-schumacher.es\/noticias-f1\/2012\/10\/18\/christian-horner-vettel-seguira-en-red-bull-en-2014\/\" data-layout=\"button_count\"><\/div><\/li><li class=\"share-twitter\"><a href=\"https:\/\/twitter.com\/share\" class=\"twitter-share-button\" data-url=\"http:\/\/www.michael-schumacher.es\/noticias-f1\/2012\/10\/18\/christian-horner-vettel-seguira-en-red-bull-en-2014\/\" data-text=\"Christian Horner:  Vettel seguir\u00e1 en Red Bull en 2014\"  >Tweet<\/a><\/li><li class=\"share-email\"><a rel=\"nofollow noopener noreferrer\" data-shared=\"\" class=\"share-email sd-button\" href=\"http:\/\/www.michael-schumacher.es\/noticias-f1\/2012\/10\/18\/christian-horner-vettel-seguira-en-red-bull-en-2014\/?share=email\" target=\"_blank\" title=\"Haz clic para enviar por correo electr\u00f3nico a un amigo\"><span>Correo electr\u00f3nico<\/span><\/a><\/li><li class=\"share-end\"><\/li><\/ul><\/div><\/div><\/div>","protected":false},"author":3,"featured_media":0,"comment_status":"open","ping_status":"open","sticky":false,"template":"","format":"standard","meta":{"_monsterinsights_skip_tracking":false,"_monsterinsights_sitenote_active":false,"_monsterinsights_sitenote_note":"","_monsterinsights_sitenote_category":0,"spay_email":"","jetpack_publicize_message":"","jetpack_is_tweetstorm":false,"jetpack_publicize_feature_enabled":true},"categories":[3],"tags":[758,56,598,381,17,15,171,1670,51,499,71,1618,1100,30],"jetpack_featured_media_url":"","jetpack_publicize_connections":[],"jetpack_sharing_enabled":true,"jetpack_shortlink":"https:\/\/wp.me\/p27q3P-1kc","_links":{"self":[{"href":"http:\/\/www.michael-schumacher.es\/noticias-f1\/wp-json\/wp\/v2\/posts\/5096"}],"collection":[{"href":"http:\/\/www.michael-schumacher.es\/noticias-f1\/wp-json\/wp\/v2\/posts"}],"about":[{"href":"http:\/\/www.michael-schumacher.es\/noticias-f1\/wp-json\/wp\/v2\/types\/post"}],"author":[{"embeddable":true,"href":"http:\/\/www.michael-schumacher.es\/noticias-f1\/wp-json\/wp\/v2\/users\/3"}],"replies":[{"embeddable":true,"href":"http:\/\/www.michael-schumacher.es\/noticias-f1\/wp-json\/wp\/v2\/comments?post=5096"}],"version-history":[{"count":0,"href":"http:\/\/www.michael-schumacher.es\/noticias-f1\/wp-json\/wp\/v2\/posts\/5096\/revisions"}],"wp:attachment":[{"href":"http:\/\/www.michael-schumacher.es\/noticias-f1\/wp-json\/wp\/v2\/media?parent=5096"}],"wp:term":[{"taxonomy":"category","embeddable":true,"href":"http:\/\/www.michael-schumacher.es\/noticias-f1\/wp-json\/wp\/v2\/categories?post=5096"},{"taxonomy":"post_tag","embeddable":true,"href":"http:\/\/www.michael-schumacher.es\/noticias-f1\/wp-json\/wp\/v2\/tags?post=5096"}],"curies":[{"name":"wp","href":"https:\/\/api.w.org\/{rel}","templated":true}]}}