{"id":5111,"date":"2012-10-18T18:10:56","date_gmt":"2012-10-18T16:10:56","guid":{"rendered":"http:\/\/www.michael-schumacher.es\/noticias-f1\/?p=5111"},"modified":"2012-10-18T18:10:56","modified_gmt":"2012-10-18T16:10:56","slug":"trulli-ha-rechazado-ser-comentarista-de-f1-en-el-2013","status":"publish","type":"post","link":"http:\/\/www.michael-schumacher.es\/noticias-f1\/2012\/10\/18\/trulli-ha-rechazado-ser-comentarista-de-f1-en-el-2013\/","title":{"rendered":"Trulli ha rechazado ser comentarista de F1 en el 2013"},"content":{"rendered":"<p><a href=\"http:\/\/www.michael-schumacher.es\/noticias-f1\/wp-content\/uploads\/2012\/10\/jarno_trulli_f1.jpg\"><img loading=\"lazy\" class=\"alignleft\" title=\"Jarno Trulli\" src=\"http:\/\/www.michael-schumacher.es\/noticias-f1\/wp-content\/uploads\/2012\/10\/jarno_trulli_f1.jpg\" alt=\"\" width=\"200\" height=\"133\" \/><\/a>La propuesta recibida por Jarno Trulli, ha sido de la cadena de televisi\u00f3n Sky Italia para comentar los 20 Grandes Premios el pr\u00f3ximo a\u00f1o, pero el piloto italiano se han negado. Porque seg\u00fan el medio Speed Week, Jarno Trulli mantiene el proyecto de volver a la competici\u00f3n en 2013, aunque no ha especificado en que disciplina.<\/p>\n<p><!--more--> <!--noteaser--><\/p>\n<p><a href=\"http:\/\/www.michael-schumacher.es\/noticias-f1\/wp-content\/uploads\/2012\/10\/jarno_trulli_f1.jpg\"><img loading=\"lazy\" class=\"aligncenter size-full wp-image-5122\" title=\"Jarno Trulli\" src=\"http:\/\/www.michael-schumacher.es\/noticias-f1\/wp-content\/uploads\/2012\/10\/jarno_trulli_f1.jpg\" alt=\"\" width=\"650\" height=\"435\" srcset=\"http:\/\/www.michael-schumacher.es\/noticias-f1\/wp-content\/uploads\/2012\/10\/jarno_trulli_f1.jpg 650w, http:\/\/www.michael-schumacher.es\/noticias-f1\/wp-content\/uploads\/2012\/10\/jarno_trulli_f1-300x200.jpg 300w\" sizes=\"(max-width: 650px) 100vw, 650px\" \/><\/a><\/p>\n<p>La propuesta recibida por Jarno Trulli, ha sido de la cadena de televisi\u00f3n Sky Italia para comentar los 20 Grandes Premios el pr\u00f3ximo a\u00f1o, pero el piloto italiano se han negado. Porque seg\u00fan el medio Speed Week, Jarno Trulli mantiene el proyecto de volver a la competici\u00f3n en 2013, aunque no ha especificado en que disciplina.<\/p>\n<p>&nbsp;<\/p>\n<p>Trulli, el piloto de 38 a\u00f1os, es un veterano de la F1 con 256 Grandes Premios disputados, perdi\u00f3 su asiento Caterham la \u00a0temporada pasada y fue reemplazado por Vitaly Petrov y sus patrocinadores.<\/p>\n<p>&nbsp;<\/p>\n<p>Parece que Sky tambi\u00e9n ha tanteado a Jacques Villeneuve, campe\u00f3n del mundo en 1997 ex piloto de Sauber y Williams tambi\u00e9n ha rechazado la oferta porque <strong>\u00abno quiere viajar tanto\u00bb.<\/strong><\/p>\n<p>&nbsp;<\/p>\n<p>Vitantonio Liuzzi, el ex piloto de Red Bull, Force India y HRT, es el \u00faltimo candidato, para Sky seg\u00fan \u00a0Speed Week.<\/p>\n<div class=\"sharedaddy sd-sharing-enabled\"><div class=\"robots-nocontent sd-block sd-social sd-social-official sd-sharing\"><h3 class=\"sd-title\">Opciones Sociales:<\/h3><div class=\"sd-content\"><ul><li class=\"share-facebook\"><div class=\"fb-share-button\" data-href=\"http:\/\/www.michael-schumacher.es\/noticias-f1\/2012\/10\/18\/trulli-ha-rechazado-ser-comentarista-de-f1-en-el-2013\/\" data-layout=\"button_count\"><\/div><\/li><li class=\"share-twitter\"><a href=\"https:\/\/twitter.com\/share\" class=\"twitter-share-button\" data-url=\"http:\/\/www.michael-schumacher.es\/noticias-f1\/2012\/10\/18\/trulli-ha-rechazado-ser-comentarista-de-f1-en-el-2013\/\" data-text=\"Trulli ha rechazado ser comentarista de F1 en el 2013\"  >Tweet<\/a><\/li><li class=\"share-email\"><a rel=\"nofollow noopener noreferrer\" data-shared=\"\" class=\"share-email sd-button\" href=\"http:\/\/www.michael-schumacher.es\/noticias-f1\/2012\/10\/18\/trulli-ha-rechazado-ser-comentarista-de-f1-en-el-2013\/?share=email\" target=\"_blank\" title=\"Haz clic para enviar por correo electr\u00f3nico a un amigo\"><span>Correo electr\u00f3nico<\/span><\/a><\/li><li class=\"share-end\"><\/li><\/ul><\/div><\/div><\/div>","protected":false},"excerpt":{"rendered":"<p>La propuesta recibida por Jarno Trulli, ha sido de la cadena de televisi\u00f3n Sky Italia para comentar los 20 Grandes Premios el pr\u00f3ximo a\u00f1o, pero el piloto italiano se han negado. Porque seg\u00fan el medio Speed Week, Jarno Trulli mantiene el proyecto de volver a la competici\u00f3n en 2013, aunque no ha especificado en que [&hellip;]<\/p>\n<div class=\"sharedaddy sd-sharing-enabled\"><div class=\"robots-nocontent sd-block sd-social sd-social-official sd-sharing\"><h3 class=\"sd-title\">Opciones Sociales:<\/h3><div class=\"sd-content\"><ul><li class=\"share-facebook\"><div class=\"fb-share-button\" data-href=\"http:\/\/www.michael-schumacher.es\/noticias-f1\/2012\/10\/18\/trulli-ha-rechazado-ser-comentarista-de-f1-en-el-2013\/\" data-layout=\"button_count\"><\/div><\/li><li class=\"share-twitter\"><a href=\"https:\/\/twitter.com\/share\" class=\"twitter-share-button\" data-url=\"http:\/\/www.michael-schumacher.es\/noticias-f1\/2012\/10\/18\/trulli-ha-rechazado-ser-comentarista-de-f1-en-el-2013\/\" data-text=\"Trulli ha rechazado ser comentarista de F1 en el 2013\"  >Tweet<\/a><\/li><li class=\"share-email\"><a rel=\"nofollow noopener noreferrer\" data-shared=\"\" class=\"share-email sd-button\" href=\"http:\/\/www.michael-schumacher.es\/noticias-f1\/2012\/10\/18\/trulli-ha-rechazado-ser-comentarista-de-f1-en-el-2013\/?share=email\" target=\"_blank\" title=\"Haz clic para enviar por correo electr\u00f3nico a un amigo\"><span>Correo electr\u00f3nico<\/span><\/a><\/li><li class=\"share-end\"><\/li><\/ul><\/div><\/div><\/div>","protected":false},"author":3,"featured_media":0,"comment_status":"open","ping_status":"open","sticky":false,"template":"","format":"standard","meta":{"_monsterinsights_skip_tracking":false,"_monsterinsights_sitenote_active":false,"_monsterinsights_sitenote_note":"","_monsterinsights_sitenote_category":0,"spay_email":"","jetpack_publicize_message":"","jetpack_is_tweetstorm":false,"jetpack_publicize_feature_enabled":true},"categories":[3],"tags":[373,1678,17,15,1676,1674,1677,1679,1675],"jetpack_featured_media_url":"","jetpack_publicize_connections":[],"jetpack_sharing_enabled":true,"jetpack_shortlink":"https:\/\/wp.me\/p27q3P-1kr","_links":{"self":[{"href":"http:\/\/www.michael-schumacher.es\/noticias-f1\/wp-json\/wp\/v2\/posts\/5111"}],"collection":[{"href":"http:\/\/www.michael-schumacher.es\/noticias-f1\/wp-json\/wp\/v2\/posts"}],"about":[{"href":"http:\/\/www.michael-schumacher.es\/noticias-f1\/wp-json\/wp\/v2\/types\/post"}],"author":[{"embeddable":true,"href":"http:\/\/www.michael-schumacher.es\/noticias-f1\/wp-json\/wp\/v2\/users\/3"}],"replies":[{"embeddable":true,"href":"http:\/\/www.michael-schumacher.es\/noticias-f1\/wp-json\/wp\/v2\/comments?post=5111"}],"version-history":[{"count":0,"href":"http:\/\/www.michael-schumacher.es\/noticias-f1\/wp-json\/wp\/v2\/posts\/5111\/revisions"}],"wp:attachment":[{"href":"http:\/\/www.michael-schumacher.es\/noticias-f1\/wp-json\/wp\/v2\/media?parent=5111"}],"wp:term":[{"taxonomy":"category","embeddable":true,"href":"http:\/\/www.michael-schumacher.es\/noticias-f1\/wp-json\/wp\/v2\/categories?post=5111"},{"taxonomy":"post_tag","embeddable":true,"href":"http:\/\/www.michael-schumacher.es\/noticias-f1\/wp-json\/wp\/v2\/tags?post=5111"}],"curies":[{"name":"wp","href":"https:\/\/api.w.org\/{rel}","templated":true}]}}