{"id":5146,"date":"2012-10-20T09:05:21","date_gmt":"2012-10-20T07:05:21","guid":{"rendered":"http:\/\/www.michael-schumacher.es\/noticias-f1\/?p=5146"},"modified":"2012-10-20T03:00:29","modified_gmt":"2012-10-20T01:00:29","slug":"mclaren-aprende-la-leccion-se-apartara-de-conducir-en-las-vias-publicas-en-india","status":"publish","type":"post","link":"http:\/\/www.michael-schumacher.es\/noticias-f1\/2012\/10\/20\/mclaren-aprende-la-leccion-se-apartara-de-conducir-en-las-vias-publicas-en-india\/","title":{"rendered":"McLaren aprende la lecci\u00f3n, se apartara de conducir en las v\u00edas p\u00fablicas en India."},"content":{"rendered":"<p><a href=\"http:\/\/www.michael-schumacher.es\/noticias-f1\/wp-content\/uploads\/2012\/09\/martin-whitmarsh-2.jpg\"><img loading=\"lazy\" class=\"alignleft\" title=\"Martin Whitmarsh 2 \" src=\"http:\/\/www.michael-schumacher.es\/noticias-f1\/wp-content\/uploads\/2012\/09\/martin-whitmarsh-2.jpg\" alt=\"\" width=\"200\" height=\"133\" \/><\/a>McLaren se qued\u00f3 en el centro de Delhi, con todo el equipo en el mismo hotel de lujo, el a\u00f1o pasado ya que no conoc\u00edan la zona ni las costumbres de conducci\u00f3n del Pa\u00eds.<\/p>\n<p><!--more--> <!--noteaser--><\/p>\n<p><a href=\"http:\/\/www.michael-schumacher.es\/noticias-f1\/wp-content\/uploads\/2012\/09\/martin-whitmarsh-2.jpg\"><img loading=\"lazy\" class=\"aligncenter size-full wp-image-4528\" title=\"Martin Whitmarsh 2 \" src=\"http:\/\/www.michael-schumacher.es\/noticias-f1\/wp-content\/uploads\/2012\/09\/martin-whitmarsh-2.jpg\" alt=\"\" width=\"610\" height=\"406\" srcset=\"http:\/\/www.michael-schumacher.es\/noticias-f1\/wp-content\/uploads\/2012\/09\/martin-whitmarsh-2.jpg 610w, http:\/\/www.michael-schumacher.es\/noticias-f1\/wp-content\/uploads\/2012\/09\/martin-whitmarsh-2-300x199.jpg 300w\" sizes=\"(max-width: 610px) 100vw, 610px\" \/><\/a><\/p>\n<p>McLaren se qued\u00f3 en el centro de Delhi, con todo el equipo en el mismo hotel de lujo, el a\u00f1o pasado ya que no conoc\u00edan la zona ni las costumbres de conducci\u00f3n del Pa\u00eds.<\/p>\n<p>&nbsp;<\/p>\n<p>El Gran Premio de la India de F\u00f3rmula Uno se disputo por primera vez el a\u00f1o pasado y ense\u00f1o director del equipo McLaren y a sus pilotos, Jenson Button y Lewis Hamilton, lo que deben cambiar para este a\u00f1o, como alojarse cerca del circuito, comento en tono de broma: \u201c<strong>Vamos a estar mucho m\u00e1s cerca del circuito y no ir desde Nueva Delhi cada d\u00eda, porque el mayor peligro para la vida y la integridad f\u00edsica estaba conduciendo desde Nueva Delhi al circuito\u00bb.<\/strong><\/p>\n<p>&nbsp;<\/p>\n<p>Whitmarsh recuerda el susto que se dio en la autopista de seis carriles: <strong>\u00abYo no pod\u00eda creer que el primer d\u00eda. \u00cdbamos hacia abajo (la autopista) &#8230; en el carril r\u00e1pido, cuando de repente pienso. Eso es un cami\u00f3n que ven\u00eda hacia nosotros en el lado equivocado de la calle\u201d.<\/strong><\/p>\n<p>&nbsp;<\/p>\n<p>Aunque lo realmente m\u00e1s sorprendente para el director de McLaren, fue que su conductor, sin parpadear abandono el carril para dejar pasar el cami\u00f3n. Whitmarsh entonces comprendi\u00f3 que no se trataba de un hecho inusual. Efectivamente, sucedi\u00f3 una y otra vez. Y otra vez.<\/p>\n<p>&nbsp;<\/p>\n<p>Whitmarsh dijo que aparte de esto, solo seguir\u00e1n las medidas normales de fuera de Europa y el equipo estaba m\u00e1s relajado en esta situaci\u00f3n: <strong>\u00abVamos a tomar las precauciones normales que hacemos cuando fuera de Europa, pero nada extraordinario. Tenemos una serie de precauciones, pero probablemente menos que el primer a\u00f1o y si todo sale bien vamos a conseguir a\u00fan m\u00e1s complaciente para el tercer viaje, supongo.\u00bb<\/strong><\/p>\n<p>&nbsp;<\/p>\n<p>El a\u00f1o pasado que fue el inaugural hab\u00eda carencias evidentes en el circuito el a\u00f1o pasado, los equipos y locutores sufrieron algunos cortes de energ\u00eda a principios de la semana. Tambi\u00e9n hab\u00eda edificios sin acabar, pero seg\u00fan Whitmarsh, la situaci\u00f3n ha mejorado: \u00abHemos recibido un informe de que ha habido una gran cantidad de esfuerzo de mantenimiento en el paddock, as\u00ed que espero mejor nuestras instalaciones de trabajo este a\u00f1o.\u201d<\/p>\n<p>&nbsp;<\/p>\n<p>Las informaciones de ventas, sugieren una baja venta de entradas pero Narain Karthikeyan, el primer piloto indio, espera una gran multitud similar a los 94.000 de 2011: \u201c<strong>No va a ser tan malo. Indios espere hasta el \u00faltimo minuto&#8230; les encanta recibir ofertas en los billetes. Cuando eso suceda, todos corren a comprarlos. Estoy esperando que sea ese escenario y ser\u00e1 un lleno total\u00bb.<\/strong><\/p>\n<div class=\"sharedaddy sd-sharing-enabled\"><div class=\"robots-nocontent sd-block sd-social sd-social-official sd-sharing\"><h3 class=\"sd-title\">Opciones Sociales:<\/h3><div class=\"sd-content\"><ul><li class=\"share-facebook\"><div class=\"fb-share-button\" data-href=\"http:\/\/www.michael-schumacher.es\/noticias-f1\/2012\/10\/20\/mclaren-aprende-la-leccion-se-apartara-de-conducir-en-las-vias-publicas-en-india\/\" data-layout=\"button_count\"><\/div><\/li><li class=\"share-twitter\"><a href=\"https:\/\/twitter.com\/share\" class=\"twitter-share-button\" data-url=\"http:\/\/www.michael-schumacher.es\/noticias-f1\/2012\/10\/20\/mclaren-aprende-la-leccion-se-apartara-de-conducir-en-las-vias-publicas-en-india\/\" data-text=\"McLaren aprende la lecci\u00f3n, se apartara de conducir en las v\u00edas p\u00fablicas en India.\"  >Tweet<\/a><\/li><li class=\"share-email\"><a rel=\"nofollow noopener noreferrer\" data-shared=\"\" class=\"share-email sd-button\" href=\"http:\/\/www.michael-schumacher.es\/noticias-f1\/2012\/10\/20\/mclaren-aprende-la-leccion-se-apartara-de-conducir-en-las-vias-publicas-en-india\/?share=email\" target=\"_blank\" title=\"Haz clic para enviar por correo electr\u00f3nico a un amigo\"><span>Correo electr\u00f3nico<\/span><\/a><\/li><li class=\"share-end\"><\/li><\/ul><\/div><\/div><\/div>","protected":false},"excerpt":{"rendered":"<p>McLaren se qued\u00f3 en el centro de Delhi, con todo el equipo en el mismo hotel de lujo, el a\u00f1o pasado ya que no conoc\u00edan la zona ni las costumbres de conducci\u00f3n del Pa\u00eds.<\/p>\n<div class=\"sharedaddy sd-sharing-enabled\"><div class=\"robots-nocontent sd-block sd-social sd-social-official sd-sharing\"><h3 class=\"sd-title\">Opciones Sociales:<\/h3><div class=\"sd-content\"><ul><li class=\"share-facebook\"><div class=\"fb-share-button\" data-href=\"http:\/\/www.michael-schumacher.es\/noticias-f1\/2012\/10\/20\/mclaren-aprende-la-leccion-se-apartara-de-conducir-en-las-vias-publicas-en-india\/\" data-layout=\"button_count\"><\/div><\/li><li class=\"share-twitter\"><a href=\"https:\/\/twitter.com\/share\" class=\"twitter-share-button\" data-url=\"http:\/\/www.michael-schumacher.es\/noticias-f1\/2012\/10\/20\/mclaren-aprende-la-leccion-se-apartara-de-conducir-en-las-vias-publicas-en-india\/\" data-text=\"McLaren aprende la lecci\u00f3n, se apartara de conducir en las v\u00edas p\u00fablicas en India.\"  >Tweet<\/a><\/li><li class=\"share-email\"><a rel=\"nofollow noopener noreferrer\" data-shared=\"\" class=\"share-email sd-button\" href=\"http:\/\/www.michael-schumacher.es\/noticias-f1\/2012\/10\/20\/mclaren-aprende-la-leccion-se-apartara-de-conducir-en-las-vias-publicas-en-india\/?share=email\" target=\"_blank\" title=\"Haz clic para enviar por correo electr\u00f3nico a un amigo\"><span>Correo electr\u00f3nico<\/span><\/a><\/li><li class=\"share-end\"><\/li><\/ul><\/div><\/div><\/div>","protected":false},"author":3,"featured_media":0,"comment_status":"open","ping_status":"open","sticky":false,"template":"","format":"standard","meta":{"_monsterinsights_skip_tracking":false,"_monsterinsights_sitenote_active":false,"_monsterinsights_sitenote_note":"","_monsterinsights_sitenote_category":0,"spay_email":"","jetpack_publicize_message":"","jetpack_is_tweetstorm":false,"jetpack_publicize_feature_enabled":true},"categories":[3],"tags":[1682,1710,135,1709,17,15,1103,115,138,1711,1708,1169,170],"jetpack_featured_media_url":"","jetpack_publicize_connections":[],"jetpack_sharing_enabled":true,"jetpack_shortlink":"https:\/\/wp.me\/p27q3P-1l0","_links":{"self":[{"href":"http:\/\/www.michael-schumacher.es\/noticias-f1\/wp-json\/wp\/v2\/posts\/5146"}],"collection":[{"href":"http:\/\/www.michael-schumacher.es\/noticias-f1\/wp-json\/wp\/v2\/posts"}],"about":[{"href":"http:\/\/www.michael-schumacher.es\/noticias-f1\/wp-json\/wp\/v2\/types\/post"}],"author":[{"embeddable":true,"href":"http:\/\/www.michael-schumacher.es\/noticias-f1\/wp-json\/wp\/v2\/users\/3"}],"replies":[{"embeddable":true,"href":"http:\/\/www.michael-schumacher.es\/noticias-f1\/wp-json\/wp\/v2\/comments?post=5146"}],"version-history":[{"count":0,"href":"http:\/\/www.michael-schumacher.es\/noticias-f1\/wp-json\/wp\/v2\/posts\/5146\/revisions"}],"wp:attachment":[{"href":"http:\/\/www.michael-schumacher.es\/noticias-f1\/wp-json\/wp\/v2\/media?parent=5146"}],"wp:term":[{"taxonomy":"category","embeddable":true,"href":"http:\/\/www.michael-schumacher.es\/noticias-f1\/wp-json\/wp\/v2\/categories?post=5146"},{"taxonomy":"post_tag","embeddable":true,"href":"http:\/\/www.michael-schumacher.es\/noticias-f1\/wp-json\/wp\/v2\/tags?post=5146"}],"curies":[{"name":"wp","href":"https:\/\/api.w.org\/{rel}","templated":true}]}}