{"id":5240,"date":"2012-10-25T14:19:18","date_gmt":"2012-10-25T12:19:18","guid":{"rendered":"http:\/\/www.michael-schumacher.es\/noticias-f1\/?p=5240"},"modified":"2012-10-25T14:19:18","modified_gmt":"2012-10-25T12:19:18","slug":"lewis-hamilton-hablara-con-ron-dennis","status":"publish","type":"post","link":"http:\/\/www.michael-schumacher.es\/noticias-f1\/2012\/10\/25\/lewis-hamilton-hablara-con-ron-dennis\/","title":{"rendered":"Lewis Hamilton hablara con Ron Dennis"},"content":{"rendered":"<p><a href=\"http:\/\/www.michael-schumacher.es\/noticias-f1\/wp-content\/uploads\/2012\/10\/ron-dennis.jpg\"><img loading=\"lazy\" class=\"alignleft\" title=\"Ron Dennis\" src=\"http:\/\/www.michael-schumacher.es\/noticias-f1\/wp-content\/uploads\/2012\/10\/ron-dennis.jpg\" alt=\"\" width=\"200\" height=\"150\" \/><\/a>Ron Dennis, presidente del Grupo Mclaren se hizo cargo de \u00e9l joven Lewis Hamilton como su mentor y le dio \u00a0una oportunidad en la F1 en 2007.<\/p>\n<p><!--more--> <!--noteaser--><\/p>\n<p><a href=\"http:\/\/www.michael-schumacher.es\/noticias-f1\/wp-content\/uploads\/2012\/10\/ron-dennis.jpg\"><img loading=\"lazy\" class=\"aligncenter size-full wp-image-5244\" title=\"Ron Dennis\" src=\"http:\/\/www.michael-schumacher.es\/noticias-f1\/wp-content\/uploads\/2012\/10\/ron-dennis.jpg\" alt=\"\" width=\"600\" height=\"450\" srcset=\"http:\/\/www.michael-schumacher.es\/noticias-f1\/wp-content\/uploads\/2012\/10\/ron-dennis.jpg 600w, http:\/\/www.michael-schumacher.es\/noticias-f1\/wp-content\/uploads\/2012\/10\/ron-dennis-300x225.jpg 300w\" sizes=\"(max-width: 600px) 100vw, 600px\" \/><\/a><\/p>\n<p>Ron Dennis, presidente del Grupo Mclaren se hizo cargo de \u00e9l joven Lewis Hamilton como su mentor y le dio \u00a0una oportunidad en la F1 en 2007.<\/p>\n<p>&nbsp;<\/p>\n<p>Aunque parece que las relaciones entre los hombres se han enfriado bastante y \u00a0Lewis Hamilton reconoci\u00f3 que no hab\u00eda podido hablar con Ron Denis desde que tomo la decisi\u00f3n \u00a0de fichar por Mercedes AMG en 2013.<\/p>\n<p>&nbsp;<\/p>\n<p>Sin embargo despu\u00e9s del Gran Premio de Corea, \u00a0Lewis Hamilton por fin fue capaz de hablar con Ron \u00a0Dennis en la f\u00e1brica en Woking. Seg\u00fan explico el piloto en la India: <strong>\u00abHe hablado con Ron, y \u00e9l y yo planeamos encontrarnos pronto en Abu Dhabi, creo. Vamos a cenar juntos y tendremos una buena charla\u00bb<\/strong><\/p>\n<div class=\"sharedaddy sd-sharing-enabled\"><div class=\"robots-nocontent sd-block sd-social sd-social-official sd-sharing\"><h3 class=\"sd-title\">Opciones Sociales:<\/h3><div class=\"sd-content\"><ul><li class=\"share-facebook\"><div class=\"fb-share-button\" data-href=\"http:\/\/www.michael-schumacher.es\/noticias-f1\/2012\/10\/25\/lewis-hamilton-hablara-con-ron-dennis\/\" data-layout=\"button_count\"><\/div><\/li><li class=\"share-twitter\"><a href=\"https:\/\/twitter.com\/share\" class=\"twitter-share-button\" data-url=\"http:\/\/www.michael-schumacher.es\/noticias-f1\/2012\/10\/25\/lewis-hamilton-hablara-con-ron-dennis\/\" data-text=\"Lewis Hamilton hablara con Ron Dennis\"  >Tweet<\/a><\/li><li class=\"share-email\"><a rel=\"nofollow noopener noreferrer\" data-shared=\"\" class=\"share-email sd-button\" href=\"http:\/\/www.michael-schumacher.es\/noticias-f1\/2012\/10\/25\/lewis-hamilton-hablara-con-ron-dennis\/?share=email\" target=\"_blank\" title=\"Haz clic para enviar por correo electr\u00f3nico a un amigo\"><span>Correo electr\u00f3nico<\/span><\/a><\/li><li class=\"share-end\"><\/li><\/ul><\/div><\/div><\/div>","protected":false},"excerpt":{"rendered":"<p>Ron Dennis, presidente del Grupo Mclaren se hizo cargo de \u00e9l joven Lewis Hamilton como su mentor y le dio \u00a0una oportunidad en la F1 en 2007.<\/p>\n<div class=\"sharedaddy sd-sharing-enabled\"><div class=\"robots-nocontent sd-block sd-social sd-social-official sd-sharing\"><h3 class=\"sd-title\">Opciones Sociales:<\/h3><div class=\"sd-content\"><ul><li class=\"share-facebook\"><div class=\"fb-share-button\" data-href=\"http:\/\/www.michael-schumacher.es\/noticias-f1\/2012\/10\/25\/lewis-hamilton-hablara-con-ron-dennis\/\" data-layout=\"button_count\"><\/div><\/li><li class=\"share-twitter\"><a href=\"https:\/\/twitter.com\/share\" class=\"twitter-share-button\" data-url=\"http:\/\/www.michael-schumacher.es\/noticias-f1\/2012\/10\/25\/lewis-hamilton-hablara-con-ron-dennis\/\" data-text=\"Lewis Hamilton hablara con Ron Dennis\"  >Tweet<\/a><\/li><li class=\"share-email\"><a rel=\"nofollow noopener noreferrer\" data-shared=\"\" class=\"share-email sd-button\" href=\"http:\/\/www.michael-schumacher.es\/noticias-f1\/2012\/10\/25\/lewis-hamilton-hablara-con-ron-dennis\/?share=email\" target=\"_blank\" title=\"Haz clic para enviar por correo electr\u00f3nico a un amigo\"><span>Correo electr\u00f3nico<\/span><\/a><\/li><li class=\"share-end\"><\/li><\/ul><\/div><\/div><\/div>","protected":false},"author":3,"featured_media":0,"comment_status":"open","ping_status":"open","sticky":false,"template":"","format":"standard","meta":{"_monsterinsights_skip_tracking":false,"_monsterinsights_sitenote_active":false,"_monsterinsights_sitenote_note":"","_monsterinsights_sitenote_category":0,"spay_email":"","jetpack_publicize_message":"","jetpack_is_tweetstorm":false,"jetpack_publicize_feature_enabled":true},"categories":[3],"tags":[303,1750,17,387,15,609,1749,11,10,138,308,1200],"jetpack_featured_media_url":"","jetpack_publicize_connections":[],"jetpack_sharing_enabled":true,"jetpack_shortlink":"https:\/\/wp.me\/p27q3P-1mw","_links":{"self":[{"href":"http:\/\/www.michael-schumacher.es\/noticias-f1\/wp-json\/wp\/v2\/posts\/5240"}],"collection":[{"href":"http:\/\/www.michael-schumacher.es\/noticias-f1\/wp-json\/wp\/v2\/posts"}],"about":[{"href":"http:\/\/www.michael-schumacher.es\/noticias-f1\/wp-json\/wp\/v2\/types\/post"}],"author":[{"embeddable":true,"href":"http:\/\/www.michael-schumacher.es\/noticias-f1\/wp-json\/wp\/v2\/users\/3"}],"replies":[{"embeddable":true,"href":"http:\/\/www.michael-schumacher.es\/noticias-f1\/wp-json\/wp\/v2\/comments?post=5240"}],"version-history":[{"count":0,"href":"http:\/\/www.michael-schumacher.es\/noticias-f1\/wp-json\/wp\/v2\/posts\/5240\/revisions"}],"wp:attachment":[{"href":"http:\/\/www.michael-schumacher.es\/noticias-f1\/wp-json\/wp\/v2\/media?parent=5240"}],"wp:term":[{"taxonomy":"category","embeddable":true,"href":"http:\/\/www.michael-schumacher.es\/noticias-f1\/wp-json\/wp\/v2\/categories?post=5240"},{"taxonomy":"post_tag","embeddable":true,"href":"http:\/\/www.michael-schumacher.es\/noticias-f1\/wp-json\/wp\/v2\/tags?post=5240"}],"curies":[{"name":"wp","href":"https:\/\/api.w.org\/{rel}","templated":true}]}}