{"id":5277,"date":"2012-10-26T16:19:33","date_gmt":"2012-10-26T14:19:33","guid":{"rendered":"http:\/\/www.michael-schumacher.es\/noticias-f1\/?p=5277"},"modified":"2012-10-26T16:19:33","modified_gmt":"2012-10-26T14:19:33","slug":"entrenamientos-gp-de-india-buddh-2012-ferrari","status":"publish","type":"post","link":"http:\/\/www.michael-schumacher.es\/noticias-f1\/2012\/10\/26\/entrenamientos-gp-de-india-buddh-2012-ferrari\/","title":{"rendered":"Entrenamientos GP de India, Buddh 2012. Ferrari"},"content":{"rendered":"<p><a href=\"http:\/\/www.michael-schumacher.es\/noticias-f1\/wp-content\/uploads\/2012\/08\/david_sarro.alonso-3-mini.jpg\"><img loading=\"lazy\" class=\"alignleft size-full wp-image-3439\" title=\"Fernando Alonso 3 - Miniatura \" src=\"http:\/\/www.michael-schumacher.es\/noticias-f1\/wp-content\/uploads\/2012\/08\/david_sarro.alonso-3-mini.jpg\" alt=\"\" width=\"200\" height=\"133\" \/><\/a>El equipo Ferrari llegaba al Circuito Internacional de Buddh con varias actualizaciones que poner en pr\u00e1ctica y mucho trabajo por delante para ambos pilotos<\/p>\n<p><!--more--> <!--noteaser--><\/p>\n<p><a href=\"http:\/\/www.michael-schumacher.es\/noticias-f1\/wp-content\/uploads\/2012\/08\/david_sarro.alonso-3.jpg\"><img loading=\"lazy\" class=\"aligncenter size-full wp-image-3438\" title=\"Fernando Alonso 3 \" src=\"http:\/\/www.michael-schumacher.es\/noticias-f1\/wp-content\/uploads\/2012\/08\/david_sarro.alonso-3.jpg\" alt=\"\" width=\"600\" height=\"399\" srcset=\"http:\/\/www.michael-schumacher.es\/noticias-f1\/wp-content\/uploads\/2012\/08\/david_sarro.alonso-3.jpg 600w, http:\/\/www.michael-schumacher.es\/noticias-f1\/wp-content\/uploads\/2012\/08\/david_sarro.alonso-3-300x199.jpg 300w\" sizes=\"(max-width: 600px) 100vw, 600px\" \/><\/a><\/p>\n<p>El equipo Ferrari llegaba al Circuito Internacional de Buddh con varias actualizaciones que poner en pr\u00e1ctica y mucho trabajo por delante para ambos pilotos<\/p>\n<p>&nbsp;<\/p>\n<p>Fernando Alonso ha tenido unas buenas sesiones de trabajo sin problemas y un buen ritmo y agarre. Felipe Massa tuvo problemas con su configuraci\u00f3n con los neum\u00e1ticos blandos, lo que le restaba agarre y deber\u00e1n estudiar cual es el problema. As\u00ed que el equipo a\u00fan tiene trabajo para estar apunto pero nuevamente parecen los m\u00e1s r\u00e1pidos despu\u00e9s de Red Bull, que es su mayor rival.<\/p>\n<p><strong>\u00a0<\/strong><\/p>\n<p><strong>Fernando Alonso:<\/strong> \u00abEste es un circuito interesante: despu\u00e9s de la recta m\u00e1s larga, hay una combinaci\u00f3n de curvas de alta velocidad que son muy agradables de conducir. Hoy la pista estaba muy sucia, es generalmente el caso en pistas nuevas que no se utilizan muy a menudo. Ma\u00f1ana, va a entregar m\u00e1s agarre, ser\u00e1 a\u00fan m\u00e1s divertido. Las condiciones de la pista, que cambian r\u00e1pidamente vuelta tras vuelta, hacen que sea a\u00fan m\u00e1s complicado de entender la situaci\u00f3n relativa a la jerarqu\u00eda por el pit lane. Debemos estudiar cuidadosamente los datos para tomar las decisiones correctas para el resto del fin de semana. No hay mucho que decir sobre el rendimiento del neum\u00e1tico: de lo que hemos visto hoy, tenemos la esperanza que hay un problema menos para tomar en consideraci\u00f3n\u201d.<\/p>\n<p>&nbsp;<\/p>\n<p><strong>Felipe Massa:<\/strong> \u00abHa sido un d\u00eda bastante dif\u00edcil, sobre todo por la tarde. La primera sesi\u00f3n ha ido bien y hemos sido capaces de hacer todo lo que hab\u00edamos planeado. Pero en la segunda, cuando cambiamos a los blandos, el equilibrio del coche ya no era el mejor y que se estaba volviendo muy dif\u00edcil de conducir, a tal punto que acab\u00e9 dando vueltas. Por desgracia, que da\u00f1\u00f3 un neum\u00e1tico y por lo que no pudo hacer el trabajo durante un largo plazo que hab\u00eda sido una de nuestras prioridades. En la media hora final, por lo tanto, me concentre en la pr\u00e1ctica parada en boxes, lo \u00fanico posible con los neum\u00e1ticos en esa condici\u00f3n. \u00bb<\/p>\n<p>&nbsp;<\/p>\n<p><strong>Pat Fry:<\/strong> \u00abComo es habitual los viernes, tuvimos un intenso programa para pasar. Por la ma\u00f1ana nos hemos concentrado en la evaluaci\u00f3n de algunas actualizaciones aerodin\u00e1micas que ten\u00edamos para esta carrera, mientras que por la tarde se dedic\u00f3 principalmente a la comparaci\u00f3n de los dos tipos de neum\u00e1ticos en las tandas cortas y largas. Desafortunadamente, mientras que Fernando no ten\u00eda problemas y era capaz de llevar a cabo su programa normalmente, lo mismo no se puede decir de Felipe: uno de la configuraci\u00f3n de su coche era incorrecta y que compromet\u00eda la estabilidad del coche y le impidi\u00f3 sacar el m\u00e1ximo partido del conjunto de Softs y tambi\u00e9n lo llev\u00f3 a girar, lo que da\u00f1\u00f3 uno de los neum\u00e1ticos, casi terminando su per\u00edodo de sesiones. Tenemos que evaluar cuidadosamente los datos para comprender las actualizaciones que hemos tra\u00eddo aqu\u00ed se utiliza, pero las primeras impresiones parecen ser positivas\u201d.<\/p>\n<p>&nbsp;<\/p>\n<p><strong>Imagen:<\/strong> David Sarr\u00f3<\/p>\n<div class=\"sharedaddy sd-sharing-enabled\"><div class=\"robots-nocontent sd-block sd-social sd-social-official sd-sharing\"><h3 class=\"sd-title\">Opciones Sociales:<\/h3><div class=\"sd-content\"><ul><li class=\"share-facebook\"><div class=\"fb-share-button\" data-href=\"http:\/\/www.michael-schumacher.es\/noticias-f1\/2012\/10\/26\/entrenamientos-gp-de-india-buddh-2012-ferrari\/\" data-layout=\"button_count\"><\/div><\/li><li class=\"share-twitter\"><a href=\"https:\/\/twitter.com\/share\" class=\"twitter-share-button\" data-url=\"http:\/\/www.michael-schumacher.es\/noticias-f1\/2012\/10\/26\/entrenamientos-gp-de-india-buddh-2012-ferrari\/\" data-text=\"Entrenamientos GP de India, Buddh 2012. Ferrari\"  >Tweet<\/a><\/li><li class=\"share-email\"><a rel=\"nofollow noopener noreferrer\" data-shared=\"\" class=\"share-email sd-button\" href=\"http:\/\/www.michael-schumacher.es\/noticias-f1\/2012\/10\/26\/entrenamientos-gp-de-india-buddh-2012-ferrari\/?share=email\" target=\"_blank\" title=\"Haz clic para enviar por correo electr\u00f3nico a un amigo\"><span>Correo electr\u00f3nico<\/span><\/a><\/li><li class=\"share-end\"><\/li><\/ul><\/div><\/div><\/div>","protected":false},"excerpt":{"rendered":"<p>El equipo Ferrari llegaba al Circuito Internacional de Buddh con varias actualizaciones que poner en pr\u00e1ctica y mucho trabajo por delante para ambos pilotos<\/p>\n<div class=\"sharedaddy sd-sharing-enabled\"><div class=\"robots-nocontent sd-block sd-social sd-social-official sd-sharing\"><h3 class=\"sd-title\">Opciones Sociales:<\/h3><div class=\"sd-content\"><ul><li class=\"share-facebook\"><div class=\"fb-share-button\" data-href=\"http:\/\/www.michael-schumacher.es\/noticias-f1\/2012\/10\/26\/entrenamientos-gp-de-india-buddh-2012-ferrari\/\" data-layout=\"button_count\"><\/div><\/li><li class=\"share-twitter\"><a href=\"https:\/\/twitter.com\/share\" class=\"twitter-share-button\" data-url=\"http:\/\/www.michael-schumacher.es\/noticias-f1\/2012\/10\/26\/entrenamientos-gp-de-india-buddh-2012-ferrari\/\" data-text=\"Entrenamientos GP de India, Buddh 2012. Ferrari\"  >Tweet<\/a><\/li><li class=\"share-email\"><a rel=\"nofollow noopener noreferrer\" data-shared=\"\" class=\"share-email sd-button\" href=\"http:\/\/www.michael-schumacher.es\/noticias-f1\/2012\/10\/26\/entrenamientos-gp-de-india-buddh-2012-ferrari\/?share=email\" target=\"_blank\" title=\"Haz clic para enviar por correo electr\u00f3nico a un amigo\"><span>Correo electr\u00f3nico<\/span><\/a><\/li><li class=\"share-end\"><\/li><\/ul><\/div><\/div><\/div>","protected":false},"author":3,"featured_media":0,"comment_status":"open","ping_status":"open","sticky":false,"template":"","format":"standard","meta":{"_monsterinsights_skip_tracking":false,"_monsterinsights_sitenote_active":false,"_monsterinsights_sitenote_note":"","_monsterinsights_sitenote_category":0,"spay_email":"","jetpack_publicize_message":"","jetpack_is_tweetstorm":false,"jetpack_publicize_feature_enabled":true},"categories":[67,3],"tags":[14,105,1743,107,131,17,106,104,141,15,6,1103,379,108,1245],"jetpack_featured_media_url":"","jetpack_publicize_connections":[],"jetpack_sharing_enabled":true,"jetpack_shortlink":"https:\/\/wp.me\/p27q3P-1n7","_links":{"self":[{"href":"http:\/\/www.michael-schumacher.es\/noticias-f1\/wp-json\/wp\/v2\/posts\/5277"}],"collection":[{"href":"http:\/\/www.michael-schumacher.es\/noticias-f1\/wp-json\/wp\/v2\/posts"}],"about":[{"href":"http:\/\/www.michael-schumacher.es\/noticias-f1\/wp-json\/wp\/v2\/types\/post"}],"author":[{"embeddable":true,"href":"http:\/\/www.michael-schumacher.es\/noticias-f1\/wp-json\/wp\/v2\/users\/3"}],"replies":[{"embeddable":true,"href":"http:\/\/www.michael-schumacher.es\/noticias-f1\/wp-json\/wp\/v2\/comments?post=5277"}],"version-history":[{"count":0,"href":"http:\/\/www.michael-schumacher.es\/noticias-f1\/wp-json\/wp\/v2\/posts\/5277\/revisions"}],"wp:attachment":[{"href":"http:\/\/www.michael-schumacher.es\/noticias-f1\/wp-json\/wp\/v2\/media?parent=5277"}],"wp:term":[{"taxonomy":"category","embeddable":true,"href":"http:\/\/www.michael-schumacher.es\/noticias-f1\/wp-json\/wp\/v2\/categories?post=5277"},{"taxonomy":"post_tag","embeddable":true,"href":"http:\/\/www.michael-schumacher.es\/noticias-f1\/wp-json\/wp\/v2\/tags?post=5277"}],"curies":[{"name":"wp","href":"https:\/\/api.w.org\/{rel}","templated":true}]}}