{"id":5336,"date":"2012-10-27T20:04:49","date_gmt":"2012-10-27T18:04:49","guid":{"rendered":"http:\/\/www.michael-schumacher.es\/noticias-f1\/?p=5336"},"modified":"2012-10-27T20:04:49","modified_gmt":"2012-10-27T18:04:49","slug":"calificacion-gp-de-india-buddh-2012-ferrari","status":"publish","type":"post","link":"http:\/\/www.michael-schumacher.es\/noticias-f1\/2012\/10\/27\/calificacion-gp-de-india-buddh-2012-ferrari\/","title":{"rendered":"Calificaci\u00f3n GP de India, Buddh 2012. Ferrari"},"content":{"rendered":"<p><a href=\"http:\/\/www.michael-schumacher.es\/noticias-f1\/wp-content\/uploads\/2012\/08\/david_sarro.massa-1-mini1.jpg\"><img loading=\"lazy\" class=\"alignleft size-full wp-image-2638\" title=\"Felipe Massa 1 - Miniatura\" src=\"http:\/\/www.michael-schumacher.es\/noticias-f1\/wp-content\/uploads\/2012\/08\/david_sarro.massa-1-mini1.jpg\" alt=\"\" width=\"200\" height=\"133\" \/><\/a>Ambos pilotos saldr\u00e1n de tercera fila, en el internacional circuito de Buddh, por detr\u00e1s de los Red Bull y los Mclaren, pero el ritmo de carrera de Ferrari parece ser mejor que en calificaci\u00f3n y esperan tener opciones de mejora durante la carrera. Fernando Alonso saldr\u00e1 quinto y Felipe Massa saldr\u00e1 sexto el objetivo es atacar para intentar lograr el mejor resultado, contra el principal rival que es Sebastian Vettel que es el l\u00edder del campeonato.<\/p>\n<p><!--more--> <!--noteaser--><\/p>\n<p><a href=\"http:\/\/www.michael-schumacher.es\/noticias-f1\/wp-content\/uploads\/2012\/08\/david_sarro.massa-1-mini.jpg\"><img loading=\"lazy\" class=\"aligncenter size-full wp-image-2637\" title=\"Felipe Massa 1  \" src=\"http:\/\/www.michael-schumacher.es\/noticias-f1\/wp-content\/uploads\/2012\/08\/david_sarro.massa-1-mini.jpg\" alt=\"\" width=\"600\" height=\"400\" srcset=\"http:\/\/www.michael-schumacher.es\/noticias-f1\/wp-content\/uploads\/2012\/08\/david_sarro.massa-1-mini.jpg 600w, http:\/\/www.michael-schumacher.es\/noticias-f1\/wp-content\/uploads\/2012\/08\/david_sarro.massa-1-mini-300x200.jpg 300w\" sizes=\"(max-width: 600px) 100vw, 600px\" \/><\/a><\/p>\n<p>Ambos pilotos saldr\u00e1n de tercera fila, en el internacional circuito de Buddh, por detr\u00e1s de los Red Bull y los Mclaren, pero el ritmo de carrera de Ferrari parece ser mejor que en calificaci\u00f3n y esperan tener opciones de mejora durante la carrera. Fernando Alonso saldr\u00e1 quinto y Felipe Massa saldr\u00e1 sexto el objetivo es atacar para intentar lograr el mejor resultado, contra el principal rival que es Sebastian Vettel que es el l\u00edder del campeonato.<\/p>\n<p>&nbsp;<\/p>\n<p><strong>Fernando Alonso:<\/strong> \u00abHemos tratado de sacar el m\u00e1ximo provecho de lo que ten\u00edamos, pero no hab\u00eda manera de que pudi\u00e9ramos estar por delante de los Red Bull y los McLaren. Al final, el quinto puesto no es tan malo, porque habr\u00eda sido f\u00e1cil acabar incluso m\u00e1s atr\u00e1s si algo hab\u00eda salido mal. Es evidente, por delante de Red Bull es nuestro objetivo, pero hoy era imposible luchar contra ellos, por lo menos en la calificaci\u00f3n: cuando ten\u00edamos un coche similar, que era posible luchar con Vettel e incluso hemos estado por delante de ellos, pero ahora estamos luchando contra Newey y, en este momento no podemos igualar. Nos trajo algunos cambios aqu\u00ed, que han funcionado como esper\u00e1bamos, pero los dem\u00e1s tambi\u00e9n han mejorado en las \u00faltimas dos semanas: nosotros vamos a llevar algo m\u00e1s significativo para las tres \u00faltimas carreras. No me preocupa ni me desmotiva, porque s\u00e9 que las cosas pueden cambiar muy r\u00e1pidamente y que los esp\u00edritus elevados, el s\u00e1bado puede convertirse f\u00e1cilmente a la tristeza del domingo. Tenemos que tratar de recuperar posiciones en la primera vuelta y tratar de presionar a nuestros principales rivales, asegur\u00e1ndonos que no tienen una carrera f\u00e1cil. Hay sesenta vueltas para trabajar y vamos a necesitar para hacer frente a cada una como si la calificaci\u00f3n fuese, a atacar. Es evidente que espero que pronto pueda tener un coche m\u00e1s competitivo para tratar de luchar contra ellos en igualdad de condiciones el s\u00e1bado y no s\u00f3lo el domingo. Yo definitivamente no soy el tipo de rendirse y esa es mi ventaja. \u00bb<\/p>\n<p>&nbsp;<\/p>\n<p><strong>Felipe Massa:<\/strong> \u00abEstoy razonablemente contento con el sexto lugar, aunque tal vez, sin un error en la curva 6 en mi carrera en la Q3, podr\u00eda haber partido de m\u00e1s adelante. En la calificaci\u00f3n Red Bull es m\u00e1s r\u00e1pido, mientras que McLaren esta s\u00f3lo justo antes y despu\u00e9s somos nosotros: en las carreras, las cosas son un poco diferentes y esperamos poder luchar con los cuatro coches de los puestos de cabeza. Hay muchos puntos clave para el futuro: el inicio, la estrategia, el desgaste de los neum\u00e1ticos y no cometer errores. Tendremos que estar muy concentrados porque va a ser una carrera muy larga. Hoy en d\u00eda, no es f\u00e1cil de poner juntos la vuelta perfecta, en parte debido a que la superficie de la pista a\u00fan estaba bastante resbaladiza. Hemos tra\u00eddo actualizaciones aqu\u00ed, que parecen funcionar, pero tal vez no es suficiente para estar por delante de nuestros rivales m\u00e1s cercanos\u201d.<\/p>\n<p>&nbsp;<\/p>\n<p><strong>Stefano Domenicali:<\/strong> \u00abTen\u00edamos la esperanza de ser capaz de iniciar desde la segunda fila: ese era nuestro objetivo. No lo consegu\u00ed y eso har\u00e1 que nuestra carrera m\u00e1s complicada, pero eso no significa que hemos perdido la esperanza, ni mucho menos. Como es habitual, la carrera de ma\u00f1ana ser\u00e1 larga y dif\u00edcil en una pista donde adelantar es posible y donde tal vez, podr\u00edamos presenciar algunas opciones estrat\u00e9gicas diferentes a lo habitual. Ayer, vimos que nuestro ritmo de carrera era bastante bueno, pero los otros ciertamente no parece ir a la zaga en este sentido. La fiabilidad, el trabajo en equipo en los pits y en el muro de boxes, el principio: los factores decisivos ser\u00e1n los habituales. Sabemos que va a ser duro y vamos a hacer todo lo posible para traer a casa un buen resultado que nos permita mantener la consecuci\u00f3n de nuestros objetivos para la temporada\u201d.<\/p>\n<p>&nbsp;<\/p>\n<p><strong>Pat Fry:<\/strong> \u00abTen\u00edamos la esperanza de por lo menos conseguir nuestros coches en la segunda fila, pero no tuvimos \u00e9xito en nuestra meta, aunque lo que s\u00ed conseguimos estar cerca. El resultado refleja nuestro potencial actual, pero para estar donde queremos y donde fuimos capaces de estar significaba que tenemos que ser perfectos y hoy no lo \u00e9ramos. Claro, queremos tener el coche m\u00e1s r\u00e1pido de todos y no estamos all\u00ed todav\u00eda. Hemos tra\u00eddo algunas mejoras para el coche aqu\u00ed: nada revolucionario, pero s\u00ed produjo un paso adelante, de lo contrario, habr\u00edamos estado a\u00fan m\u00e1s atr\u00e1s, ya que todos los equipos punteros est\u00e1n presionando al m\u00e1ximo en el desarrollo. La carrera de ma\u00f1ana parece ser muy interesante, en parte por degradaci\u00f3n de los neum\u00e1ticos parece ser menor de lo habitual. Tenemos que tratar de hacer todo a la perfecci\u00f3n para mantenerse en la lucha por el t\u00edtulo hasta el final. Todos nosotros, aqu\u00ed en la pista y en la f\u00e1brica, est\u00e1n empujando tan duro como podemos para tratar de darle a nuestros pilotos el mejor coche posible\u201d.<\/p>\n<p>&nbsp;<\/p>\n<p><strong>Imagen:<\/strong> David Sarr\u00f3<\/p>\n<div class=\"sharedaddy sd-sharing-enabled\"><div class=\"robots-nocontent sd-block sd-social sd-social-official sd-sharing\"><h3 class=\"sd-title\">Opciones Sociales:<\/h3><div class=\"sd-content\"><ul><li class=\"share-facebook\"><div class=\"fb-share-button\" data-href=\"http:\/\/www.michael-schumacher.es\/noticias-f1\/2012\/10\/27\/calificacion-gp-de-india-buddh-2012-ferrari\/\" data-layout=\"button_count\"><\/div><\/li><li class=\"share-twitter\"><a href=\"https:\/\/twitter.com\/share\" class=\"twitter-share-button\" data-url=\"http:\/\/www.michael-schumacher.es\/noticias-f1\/2012\/10\/27\/calificacion-gp-de-india-buddh-2012-ferrari\/\" data-text=\"Calificaci\u00f3n GP de India, Buddh 2012. Ferrari\"  >Tweet<\/a><\/li><li class=\"share-email\"><a rel=\"nofollow noopener noreferrer\" data-shared=\"\" class=\"share-email sd-button\" href=\"http:\/\/www.michael-schumacher.es\/noticias-f1\/2012\/10\/27\/calificacion-gp-de-india-buddh-2012-ferrari\/?share=email\" target=\"_blank\" title=\"Haz clic para enviar por correo electr\u00f3nico a un amigo\"><span>Correo electr\u00f3nico<\/span><\/a><\/li><li class=\"share-end\"><\/li><\/ul><\/div><\/div><\/div>","protected":false},"excerpt":{"rendered":"<p>Ambos pilotos saldr\u00e1n de tercera fila, en el internacional circuito de Buddh, por detr\u00e1s de los Red Bull y los Mclaren, pero el ritmo de carrera de Ferrari parece ser mejor que en calificaci\u00f3n y esperan tener opciones de mejora durante la carrera. Fernando Alonso saldr\u00e1 quinto y Felipe Massa saldr\u00e1 sexto el objetivo es [&hellip;]<\/p>\n<div class=\"sharedaddy sd-sharing-enabled\"><div class=\"robots-nocontent sd-block sd-social sd-social-official sd-sharing\"><h3 class=\"sd-title\">Opciones Sociales:<\/h3><div class=\"sd-content\"><ul><li class=\"share-facebook\"><div class=\"fb-share-button\" data-href=\"http:\/\/www.michael-schumacher.es\/noticias-f1\/2012\/10\/27\/calificacion-gp-de-india-buddh-2012-ferrari\/\" data-layout=\"button_count\"><\/div><\/li><li class=\"share-twitter\"><a href=\"https:\/\/twitter.com\/share\" class=\"twitter-share-button\" data-url=\"http:\/\/www.michael-schumacher.es\/noticias-f1\/2012\/10\/27\/calificacion-gp-de-india-buddh-2012-ferrari\/\" data-text=\"Calificaci\u00f3n GP de India, Buddh 2012. Ferrari\"  >Tweet<\/a><\/li><li class=\"share-email\"><a rel=\"nofollow noopener noreferrer\" data-shared=\"\" class=\"share-email sd-button\" href=\"http:\/\/www.michael-schumacher.es\/noticias-f1\/2012\/10\/27\/calificacion-gp-de-india-buddh-2012-ferrari\/?share=email\" target=\"_blank\" title=\"Haz clic para enviar por correo electr\u00f3nico a un amigo\"><span>Correo electr\u00f3nico<\/span><\/a><\/li><li class=\"share-end\"><\/li><\/ul><\/div><\/div><\/div>","protected":false},"author":3,"featured_media":0,"comment_status":"open","ping_status":"open","sticky":false,"template":"","format":"standard","meta":{"_monsterinsights_skip_tracking":false,"_monsterinsights_sitenote_active":false,"_monsterinsights_sitenote_note":"","_monsterinsights_sitenote_category":0,"spay_email":"","jetpack_publicize_message":"","jetpack_is_tweetstorm":false,"jetpack_publicize_feature_enabled":true},"categories":[68,3],"tags":[14,105,1743,155,159,107,17,106,104,141,15,6,1103,108],"jetpack_featured_media_url":"","jetpack_publicize_connections":[],"jetpack_sharing_enabled":true,"jetpack_shortlink":"https:\/\/wp.me\/p27q3P-1o4","_links":{"self":[{"href":"http:\/\/www.michael-schumacher.es\/noticias-f1\/wp-json\/wp\/v2\/posts\/5336"}],"collection":[{"href":"http:\/\/www.michael-schumacher.es\/noticias-f1\/wp-json\/wp\/v2\/posts"}],"about":[{"href":"http:\/\/www.michael-schumacher.es\/noticias-f1\/wp-json\/wp\/v2\/types\/post"}],"author":[{"embeddable":true,"href":"http:\/\/www.michael-schumacher.es\/noticias-f1\/wp-json\/wp\/v2\/users\/3"}],"replies":[{"embeddable":true,"href":"http:\/\/www.michael-schumacher.es\/noticias-f1\/wp-json\/wp\/v2\/comments?post=5336"}],"version-history":[{"count":0,"href":"http:\/\/www.michael-schumacher.es\/noticias-f1\/wp-json\/wp\/v2\/posts\/5336\/revisions"}],"wp:attachment":[{"href":"http:\/\/www.michael-schumacher.es\/noticias-f1\/wp-json\/wp\/v2\/media?parent=5336"}],"wp:term":[{"taxonomy":"category","embeddable":true,"href":"http:\/\/www.michael-schumacher.es\/noticias-f1\/wp-json\/wp\/v2\/categories?post=5336"},{"taxonomy":"post_tag","embeddable":true,"href":"http:\/\/www.michael-schumacher.es\/noticias-f1\/wp-json\/wp\/v2\/tags?post=5336"}],"curies":[{"name":"wp","href":"https:\/\/api.w.org\/{rel}","templated":true}]}}