{"id":5342,"date":"2012-10-27T21:37:23","date_gmt":"2012-10-27T19:37:23","guid":{"rendered":"http:\/\/www.michael-schumacher.es\/noticias-f1\/?p=5342"},"modified":"2012-10-27T21:37:23","modified_gmt":"2012-10-27T19:37:23","slug":"calificacion-gp-de-india-buddh-2012-lotus","status":"publish","type":"post","link":"http:\/\/www.michael-schumacher.es\/noticias-f1\/2012\/10\/27\/calificacion-gp-de-india-buddh-2012-lotus\/","title":{"rendered":"Calificaci\u00f3n GP de India, Buddh 2012. Lotus"},"content":{"rendered":"<p><a href=\"http:\/\/www.michael-schumacher.es\/noticias-f1\/wp-content\/uploads\/2012\/08\/david_sarro.grosjean-1-mini.jpg\"><img loading=\"lazy\" class=\"alignleft size-full wp-image-2806\" title=\"Romain Grosjean 1 - miniautura\" src=\"http:\/\/www.michael-schumacher.es\/noticias-f1\/wp-content\/uploads\/2012\/08\/david_sarro.grosjean-1-mini.jpg\" alt=\"\" width=\"200\" height=\"133\" \/><\/a>Kimi Raikkonen logro la s\u00e9ptima posici\u00f3n de la parrilla, por lo que el piloto est\u00e1 decepcionado. Romain Grosjean no logro pasar a la Q2 y saldr\u00e1 ma\u00f1ana en parrilla en posici\u00f3n 11\u00ba y tambi\u00e9n esperaba mejor rendimiento hoy, pero por alguna cuesti\u00f3n, ambos coches sufrieron de perdida de agarre. Pero el equipo conf\u00eda en tener mejor rendimiento ma\u00f1ana en carrera y conseguir bastantes puntos.<\/p>\n<p><!--more--> <!--noteaser--><\/p>\n<p><a href=\"http:\/\/www.michael-schumacher.es\/noticias-f1\/wp-content\/uploads\/2012\/08\/david_sarro.grosjean-1.jpg\"><img loading=\"lazy\" class=\"aligncenter size-full wp-image-2807\" title=\"Romain Grosjean - 1\" src=\"http:\/\/www.michael-schumacher.es\/noticias-f1\/wp-content\/uploads\/2012\/08\/david_sarro.grosjean-1.jpg\" alt=\"\" width=\"600\" height=\"400\" srcset=\"http:\/\/www.michael-schumacher.es\/noticias-f1\/wp-content\/uploads\/2012\/08\/david_sarro.grosjean-1.jpg 600w, http:\/\/www.michael-schumacher.es\/noticias-f1\/wp-content\/uploads\/2012\/08\/david_sarro.grosjean-1-300x200.jpg 300w\" sizes=\"(max-width: 600px) 100vw, 600px\" \/><\/a><\/p>\n<p>Kimi Raikkonen logro la s\u00e9ptima posici\u00f3n de la parrilla, por lo que el piloto est\u00e1 decepcionado. Romain Grosjean no logro pasar a la Q2 y saldr\u00e1 ma\u00f1ana en parrilla en posici\u00f3n 11\u00ba y tambi\u00e9n esperaba mejor rendimiento hoy, pero por alguna cuesti\u00f3n, ambos coches sufrieron de perdida de agarre. Pero el equipo conf\u00eda en tener mejor rendimiento ma\u00f1ana en carrera y conseguir bastantes puntos.<\/p>\n<p>&nbsp;<\/p>\n<p><strong>Kimi Raikkonen:<\/strong> \u00abHemos cambiado el coche despu\u00e9s de la sesi\u00f3n de esta ma\u00f1ana y est\u00e1bamos bastante seguros para la calificaci\u00f3n. Desafortunadamente, no parec\u00edamos tener ning\u00fan agarre \u00a0esta tarde as\u00ed que fue mucho m\u00e1s dif\u00edcil de lo que pens\u00e1bamos. Estoy bastante decepcionado de partir s\u00e9ptimo pens\u00e9 que ten\u00edamos un coche mucho mejor que eso. \u00bb<\/p>\n<p>&nbsp;<\/p>\n<p><strong>Romain Grosjean:<\/strong> \u00abMe esperaba algo mejor, as\u00ed que estoy un poco decepcionado, sin embargo, en t\u00e9rminos de estrategia P11 tiene una ventaja, ya que usted es el primer coche que puede elegir con qu\u00e9 neum\u00e1ticos va a empezar la carrera y yo tengo un par de nuevos en el bolsillo para ma\u00f1ana. Me gustar\u00eda poder estar en la Q3 y caer por dos cent\u00e9simas de segundo fue frustrante. En mi segunda vuelta cronometrada me iba bien, pero por alguna raz\u00f3n el coche fallo bruscamente y he perdido el tiempo. Era dif\u00edcil conseguirlo todo bien, pero estamos buscando fuerte para sumar algunos buenos puntos ma\u00f1ana\u201d.<\/p>\n<p>&nbsp;<\/p>\n<p><strong>Alan Permane, Trackside Director de Operaciones:<\/strong> \u00abHa sido un resultado decepcionante para Kimi tuvo una sesi\u00f3n muy buena en la ma\u00f1ana y nos quedamos con ganas de una fuerte calificaci\u00f3n desafortunadamente, ninguno de los pilotos sintieron que ten\u00edan los niveles de adherencia que hab\u00edan disfrutado de la ma\u00f1ana&#8230; Romain inform\u00f3 agarre pobre en general en todas las curvas, mientras que Kimi ten\u00eda problemas con las curvas de baja velocidad, un coche nervioso a la entrada y poca tracci\u00f3n en la salida. Que son los comentarios t\u00edpicos en base a un coche que carece de todo agarre. La calificaci\u00f3n s\u00e9ptimo detr\u00e1s de los dos Red Bull, McLaren y los dos Ferraris demuestra que tenemos el coche m\u00e1s r\u00e1pido. Haremos lo que podamos en la carrera, pero hemos visto muy baja degradaci\u00f3n de los neum\u00e1ticos y adelantar es dif\u00edcil debido al dise\u00f1o del circuito y puesta en marcha DRS. Creemos que una o dos paradas ser\u00e1n las estrategias preferidas y trabajar\u00e1n esta noche para ver lo que nos conviene m\u00e1s.\u00bb<\/p>\n<p>&nbsp;<\/p>\n<p><strong>Imagen:<\/strong> David Sarr\u00f3<\/p>\n<div class=\"sharedaddy sd-sharing-enabled\"><div class=\"robots-nocontent sd-block sd-social sd-social-official sd-sharing\"><h3 class=\"sd-title\">Opciones Sociales:<\/h3><div class=\"sd-content\"><ul><li class=\"share-facebook\"><div class=\"fb-share-button\" data-href=\"http:\/\/www.michael-schumacher.es\/noticias-f1\/2012\/10\/27\/calificacion-gp-de-india-buddh-2012-lotus\/\" data-layout=\"button_count\"><\/div><\/li><li class=\"share-twitter\"><a href=\"https:\/\/twitter.com\/share\" class=\"twitter-share-button\" data-url=\"http:\/\/www.michael-schumacher.es\/noticias-f1\/2012\/10\/27\/calificacion-gp-de-india-buddh-2012-lotus\/\" data-text=\"Calificaci\u00f3n GP de India, Buddh 2012. Lotus\"  >Tweet<\/a><\/li><li class=\"share-email\"><a rel=\"nofollow noopener noreferrer\" data-shared=\"\" class=\"share-email sd-button\" href=\"http:\/\/www.michael-schumacher.es\/noticias-f1\/2012\/10\/27\/calificacion-gp-de-india-buddh-2012-lotus\/?share=email\" target=\"_blank\" title=\"Haz clic para enviar por correo electr\u00f3nico a un amigo\"><span>Correo electr\u00f3nico<\/span><\/a><\/li><li class=\"share-end\"><\/li><\/ul><\/div><\/div><\/div>","protected":false},"excerpt":{"rendered":"<p>Kimi Raikkonen logro la s\u00e9ptima posici\u00f3n de la parrilla, por lo que el piloto est\u00e1 decepcionado. Romain Grosjean no logro pasar a la Q2 y saldr\u00e1 ma\u00f1ana en parrilla en posici\u00f3n 11\u00ba y tambi\u00e9n esperaba mejor rendimiento hoy, pero por alguna cuesti\u00f3n, ambos coches sufrieron de perdida de agarre. Pero el equipo conf\u00eda en tener [&hellip;]<\/p>\n<div class=\"sharedaddy sd-sharing-enabled\"><div class=\"robots-nocontent sd-block sd-social sd-social-official sd-sharing\"><h3 class=\"sd-title\">Opciones Sociales:<\/h3><div class=\"sd-content\"><ul><li class=\"share-facebook\"><div class=\"fb-share-button\" data-href=\"http:\/\/www.michael-schumacher.es\/noticias-f1\/2012\/10\/27\/calificacion-gp-de-india-buddh-2012-lotus\/\" data-layout=\"button_count\"><\/div><\/li><li class=\"share-twitter\"><a href=\"https:\/\/twitter.com\/share\" class=\"twitter-share-button\" data-url=\"http:\/\/www.michael-schumacher.es\/noticias-f1\/2012\/10\/27\/calificacion-gp-de-india-buddh-2012-lotus\/\" data-text=\"Calificaci\u00f3n GP de India, Buddh 2012. Lotus\"  >Tweet<\/a><\/li><li class=\"share-email\"><a rel=\"nofollow noopener noreferrer\" data-shared=\"\" class=\"share-email sd-button\" href=\"http:\/\/www.michael-schumacher.es\/noticias-f1\/2012\/10\/27\/calificacion-gp-de-india-buddh-2012-lotus\/?share=email\" target=\"_blank\" title=\"Haz clic para enviar por correo electr\u00f3nico a un amigo\"><span>Correo electr\u00f3nico<\/span><\/a><\/li><li class=\"share-end\"><\/li><\/ul><\/div><\/div><\/div>","protected":false},"author":3,"featured_media":0,"comment_status":"open","ping_status":"open","sticky":false,"template":"","format":"standard","meta":{"_monsterinsights_skip_tracking":false,"_monsterinsights_sitenote_active":false,"_monsterinsights_sitenote_note":"","_monsterinsights_sitenote_category":0,"spay_email":"","jetpack_publicize_message":"","jetpack_is_tweetstorm":false,"jetpack_publicize_feature_enabled":true},"categories":[68,3],"tags":[14,1743,155,159,17,15,6,83,1103,81,26,24,82],"jetpack_featured_media_url":"","jetpack_publicize_connections":[],"jetpack_sharing_enabled":true,"jetpack_shortlink":"https:\/\/wp.me\/p27q3P-1oa","_links":{"self":[{"href":"http:\/\/www.michael-schumacher.es\/noticias-f1\/wp-json\/wp\/v2\/posts\/5342"}],"collection":[{"href":"http:\/\/www.michael-schumacher.es\/noticias-f1\/wp-json\/wp\/v2\/posts"}],"about":[{"href":"http:\/\/www.michael-schumacher.es\/noticias-f1\/wp-json\/wp\/v2\/types\/post"}],"author":[{"embeddable":true,"href":"http:\/\/www.michael-schumacher.es\/noticias-f1\/wp-json\/wp\/v2\/users\/3"}],"replies":[{"embeddable":true,"href":"http:\/\/www.michael-schumacher.es\/noticias-f1\/wp-json\/wp\/v2\/comments?post=5342"}],"version-history":[{"count":0,"href":"http:\/\/www.michael-schumacher.es\/noticias-f1\/wp-json\/wp\/v2\/posts\/5342\/revisions"}],"wp:attachment":[{"href":"http:\/\/www.michael-schumacher.es\/noticias-f1\/wp-json\/wp\/v2\/media?parent=5342"}],"wp:term":[{"taxonomy":"category","embeddable":true,"href":"http:\/\/www.michael-schumacher.es\/noticias-f1\/wp-json\/wp\/v2\/categories?post=5342"},{"taxonomy":"post_tag","embeddable":true,"href":"http:\/\/www.michael-schumacher.es\/noticias-f1\/wp-json\/wp\/v2\/tags?post=5342"}],"curies":[{"name":"wp","href":"https:\/\/api.w.org\/{rel}","templated":true}]}}