{"id":5369,"date":"2012-10-29T02:51:03","date_gmt":"2012-10-29T01:51:03","guid":{"rendered":"http:\/\/www.michael-schumacher.es\/noticias-f1\/?p=5369"},"modified":"2012-10-29T02:51:03","modified_gmt":"2012-10-29T01:51:03","slug":"balance-gp-de-india-buddh-2012-sauber","status":"publish","type":"post","link":"http:\/\/www.michael-schumacher.es\/noticias-f1\/2012\/10\/29\/balance-gp-de-india-buddh-2012-sauber\/","title":{"rendered":"Balance GP de India, Buddh 2012. Sauber"},"content":{"rendered":"<p><a href=\"http:\/\/www.michael-schumacher.es\/noticias-f1\/wp-content\/uploads\/2012\/08\/david_sarro.perez-1-mini.jpg\"><img loading=\"lazy\" class=\"alignleft size-full wp-image-3071\" title=\"Sergio Perez 1 - Miniatura\" src=\"http:\/\/www.michael-schumacher.es\/noticias-f1\/wp-content\/uploads\/2012\/08\/david_sarro.perez-1-mini.jpg\" alt=\"\" width=\"200\" height=\"133\" \/><\/a>El equipo Sauber no consigui\u00f3 confirmar las expectativas que ten\u00edan para la carrera de hoy en el circuito internacional de Buddh. Sergio P\u00e9rez, tuvo problemas con los neum\u00e1ticos por lo que tuvo que parar pronto y despu\u00e9s volvi\u00f3 a tener problemas al tener un toque y finalmente decidieron retirarse. Kamui Kobayashi que comenz\u00f3 17 comenz\u00f3 y logro finalizar el 14 \u00ba pero no ten\u00eda ritmo como para ascender m\u00e1s posiciones. Ahora se centran en el siguiente fin de semana y la pr\u00f3xima carrera con el objetivo de intentar arrebatar a Mercedes la quinta plaza en el mundial de constructores.<\/p>\n<p><!--more--> <!--noteaser--><\/p>\n<p><a href=\"http:\/\/www.michael-schumacher.es\/noticias-f1\/wp-content\/uploads\/2012\/08\/david_sarro.perez-1.jpg\"><img loading=\"lazy\" class=\"aligncenter size-full wp-image-3070\" title=\"Sergio P\u00e9rez\" src=\"http:\/\/www.michael-schumacher.es\/noticias-f1\/wp-content\/uploads\/2012\/08\/david_sarro.perez-1.jpg\" alt=\"\" width=\"600\" height=\"400\" srcset=\"http:\/\/www.michael-schumacher.es\/noticias-f1\/wp-content\/uploads\/2012\/08\/david_sarro.perez-1.jpg 600w, http:\/\/www.michael-schumacher.es\/noticias-f1\/wp-content\/uploads\/2012\/08\/david_sarro.perez-1-300x200.jpg 300w\" sizes=\"(max-width: 600px) 100vw, 600px\" \/><\/a><\/p>\n<p>El equipo Sauber no consigui\u00f3 confirmar las expectativas que ten\u00edan para la carrera de hoy en el circuito internacional de Buddh. Sergio P\u00e9rez, tuvo problemas con los neum\u00e1ticos por lo que tuvo que parar pronto y despu\u00e9s volvi\u00f3 a tener problemas al tener un toque y finalmente decidieron retirarse. Kamui Kobayashi que comenz\u00f3 17 comenz\u00f3 y logro finalizar el 14 \u00ba pero no ten\u00eda ritmo como para ascender m\u00e1s posiciones. Ahora se centran en el siguiente fin de semana y la pr\u00f3xima carrera con el objetivo de intentar arrebatar a Mercedes la quinta plaza en el mundial de constructores.<\/p>\n<p>&nbsp;<\/p>\n<p><strong>Kamui Kobayashi:<\/strong> \u00abNo era nuestro fin de semana aqu\u00ed. Tuve en la carrera casi siempre alguien delante de m\u00ed, pero no ten\u00eda el ritmo de adelantar. Eso fue frustrante. Me he quedado atrapado detr\u00e1s de Daniel Ricciardo y no pod\u00eda hacer nada al respecto. La situaci\u00f3n con Pastor Maldonado fue extra\u00f1a. Me hab\u00eda adelantado, pero luego de repente, entr\u00f3 en mi trazada de nuevo. No pude evitar el contacto. Creo que deber\u00edamos centrarnos, en Abu Dhabi, la forma de lograr un buen fin de semana y olvidar este\u201d<\/p>\n<p>&nbsp;<\/p>\n<p><strong>Sergio P\u00e9rez:<\/strong> \u00abEso fue totalmente decepcionante. Despu\u00e9s de s\u00f3lo 14 vueltas he tenido que parar en Box debido a que el neum\u00e1tico delantero izquierdo lanz\u00f3 ampollas terribles. Todav\u00eda no s\u00e9 por qu\u00e9 esto era as\u00ed. Luego, por supuesto quer\u00eda recuperar terreno, pero cuando toqu\u00e9 el aler\u00f3n delantero superando a Daniel Ricciardo. El neum\u00e1tico trasero derecho se desprendi\u00f3 la llanta y da\u00f1\u00f3 el coche en la parte trasera. As\u00ed que mi carrera hab\u00eda terminado finalmente despu\u00e9s de 20 vueltas\u201d<\/p>\n<p>&nbsp;<\/p>\n<p><strong>Monisha Kaltenborn, director del equipo:<\/strong> \u00abEsta carrera ha sido decepcionante. Kamui luchado duro, pero su posici\u00f3n de salida era demasiada desventaja. Sergio tuvo un buen comienzo, pero luego tuvo problemas inesperados con el neum\u00e1tico delantero izquierdo. Despu\u00e9s de una parada en boxes temprana, \u00e9l hab\u00eda pinchado los neum\u00e1ticos y luego otro parada, y finalmente tuvo que renunciar porque algo se sent\u00eda extra\u00f1o en el coche. Nuestro objetivo es luchar por el quinto puesto en el Campeonato de Constructores, ahora ser\u00e1 a\u00fan m\u00e1s dif\u00edcil\u201d.<\/p>\n<p>&nbsp;<\/p>\n<p><strong>Giampaolo Dall&#8217;Ara, ingeniero principal en el circuito:<\/strong> \u00abSergio era casi tan r\u00e1pido como se esperaba, tuvo que parar antes de lo previsto, debido a que el neum\u00e1tico delantero izquierdo tenia ampollas. En ese momento, tuvimos un cambio de estrategia de dos paradas. Luego volvi\u00f3 a salir con neum\u00e1ticos blandos, pero luego tuvo un contacto con el coche de Daniel Ricciardo, donde se roz\u00f3 un neum\u00e1tico. Entonces Sergio report\u00f3 problemas con la parte trasera del coche, y decidimos sacarlo de la carrera. Kamui tuvo que empezar desde muy atr\u00e1s, y aunque era realmente m\u00e1s r\u00e1pido que el de Daniel, \u00e9l no pas\u00f3 en las rectas y por lo tanto perdi\u00f3 en la primera mitad de la carrera demasiado tiempo. Kamui no pudo recuperarse de eso. \u00bb<\/p>\n<p>&nbsp;<\/p>\n<p><strong>Imagen:<\/strong> David Sarr\u00f3<\/p>\n<div class=\"sharedaddy sd-sharing-enabled\"><div class=\"robots-nocontent sd-block sd-social sd-social-official sd-sharing\"><h3 class=\"sd-title\">Opciones Sociales:<\/h3><div class=\"sd-content\"><ul><li class=\"share-facebook\"><div class=\"fb-share-button\" data-href=\"http:\/\/www.michael-schumacher.es\/noticias-f1\/2012\/10\/29\/balance-gp-de-india-buddh-2012-sauber\/\" data-layout=\"button_count\"><\/div><\/li><li class=\"share-twitter\"><a href=\"https:\/\/twitter.com\/share\" class=\"twitter-share-button\" data-url=\"http:\/\/www.michael-schumacher.es\/noticias-f1\/2012\/10\/29\/balance-gp-de-india-buddh-2012-sauber\/\" data-text=\"Balance GP de India, Buddh 2012. Sauber\"  >Tweet<\/a><\/li><li class=\"share-email\"><a rel=\"nofollow noopener noreferrer\" data-shared=\"\" class=\"share-email sd-button\" href=\"http:\/\/www.michael-schumacher.es\/noticias-f1\/2012\/10\/29\/balance-gp-de-india-buddh-2012-sauber\/?share=email\" target=\"_blank\" title=\"Haz clic para enviar por correo electr\u00f3nico a un amigo\"><span>Correo electr\u00f3nico<\/span><\/a><\/li><li class=\"share-end\"><\/li><\/ul><\/div><\/div><\/div>","protected":false},"excerpt":{"rendered":"<p>El equipo Sauber no consigui\u00f3 confirmar las expectativas que ten\u00edan para la carrera de hoy en el circuito internacional de Buddh. Sergio P\u00e9rez, tuvo problemas con los neum\u00e1ticos por lo que tuvo que parar pronto y despu\u00e9s volvi\u00f3 a tener problemas al tener un toque y finalmente decidieron retirarse. Kamui Kobayashi que comenz\u00f3 17 comenz\u00f3 [&hellip;]<\/p>\n<div class=\"sharedaddy sd-sharing-enabled\"><div class=\"robots-nocontent sd-block sd-social sd-social-official sd-sharing\"><h3 class=\"sd-title\">Opciones Sociales:<\/h3><div class=\"sd-content\"><ul><li class=\"share-facebook\"><div class=\"fb-share-button\" data-href=\"http:\/\/www.michael-schumacher.es\/noticias-f1\/2012\/10\/29\/balance-gp-de-india-buddh-2012-sauber\/\" data-layout=\"button_count\"><\/div><\/li><li class=\"share-twitter\"><a href=\"https:\/\/twitter.com\/share\" class=\"twitter-share-button\" data-url=\"http:\/\/www.michael-schumacher.es\/noticias-f1\/2012\/10\/29\/balance-gp-de-india-buddh-2012-sauber\/\" data-text=\"Balance GP de India, Buddh 2012. Sauber\"  >Tweet<\/a><\/li><li class=\"share-email\"><a rel=\"nofollow noopener noreferrer\" data-shared=\"\" class=\"share-email sd-button\" href=\"http:\/\/www.michael-schumacher.es\/noticias-f1\/2012\/10\/29\/balance-gp-de-india-buddh-2012-sauber\/?share=email\" target=\"_blank\" title=\"Haz clic para enviar por correo electr\u00f3nico a un amigo\"><span>Correo electr\u00f3nico<\/span><\/a><\/li><li class=\"share-end\"><\/li><\/ul><\/div><\/div><\/div>","protected":false},"author":3,"featured_media":0,"comment_status":"open","ping_status":"open","sticky":false,"template":"","format":"standard","meta":{"_monsterinsights_skip_tracking":false,"_monsterinsights_sitenote_active":false,"_monsterinsights_sitenote_note":"","_monsterinsights_sitenote_category":0,"spay_email":"","jetpack_publicize_message":"","jetpack_is_tweetstorm":false,"jetpack_publicize_feature_enabled":true},"categories":[4,3],"tags":[14,401,64,1743,17,15,6,1103,87,88,90,86,89],"jetpack_featured_media_url":"","jetpack_publicize_connections":[],"jetpack_sharing_enabled":true,"jetpack_shortlink":"https:\/\/wp.me\/p27q3P-1oB","_links":{"self":[{"href":"http:\/\/www.michael-schumacher.es\/noticias-f1\/wp-json\/wp\/v2\/posts\/5369"}],"collection":[{"href":"http:\/\/www.michael-schumacher.es\/noticias-f1\/wp-json\/wp\/v2\/posts"}],"about":[{"href":"http:\/\/www.michael-schumacher.es\/noticias-f1\/wp-json\/wp\/v2\/types\/post"}],"author":[{"embeddable":true,"href":"http:\/\/www.michael-schumacher.es\/noticias-f1\/wp-json\/wp\/v2\/users\/3"}],"replies":[{"embeddable":true,"href":"http:\/\/www.michael-schumacher.es\/noticias-f1\/wp-json\/wp\/v2\/comments?post=5369"}],"version-history":[{"count":0,"href":"http:\/\/www.michael-schumacher.es\/noticias-f1\/wp-json\/wp\/v2\/posts\/5369\/revisions"}],"wp:attachment":[{"href":"http:\/\/www.michael-schumacher.es\/noticias-f1\/wp-json\/wp\/v2\/media?parent=5369"}],"wp:term":[{"taxonomy":"category","embeddable":true,"href":"http:\/\/www.michael-schumacher.es\/noticias-f1\/wp-json\/wp\/v2\/categories?post=5369"},{"taxonomy":"post_tag","embeddable":true,"href":"http:\/\/www.michael-schumacher.es\/noticias-f1\/wp-json\/wp\/v2\/tags?post=5369"}],"curies":[{"name":"wp","href":"https:\/\/api.w.org\/{rel}","templated":true}]}}