{"id":5374,"date":"2012-10-29T02:54:23","date_gmt":"2012-10-29T01:54:23","guid":{"rendered":"http:\/\/www.michael-schumacher.es\/noticias-f1\/?p=5374"},"modified":"2012-10-29T02:54:23","modified_gmt":"2012-10-29T01:54:23","slug":"balance-gp-de-india-buddh-2012-marussia","status":"publish","type":"post","link":"http:\/\/www.michael-schumacher.es\/noticias-f1\/2012\/10\/29\/balance-gp-de-india-buddh-2012-marussia\/","title":{"rendered":"Balance GP de India, Buddh 2012. Marussia"},"content":{"rendered":"<p><a href=\"http:\/\/www.michael-schumacher.es\/noticias-f1\/wp-content\/uploads\/2012\/08\/david_sarro.glock-1-mini.jpg\"><img loading=\"lazy\" class=\"alignleft size-full wp-image-2479\" title=\"Timo Glock  1 - miniatura \" src=\"http:\/\/www.michael-schumacher.es\/noticias-f1\/wp-content\/uploads\/2012\/08\/david_sarro.glock-1-mini.jpg\" alt=\"\" width=\"200\" height=\"133\" \/><\/a>Charles tuvo una firme carrera, adelantado cinco coches en la curva 1, entre ellos el de Caterham Vitaly Petrov. Al que no pudo mantener a raya por el KERS, se vio obligado a aceptarlo, pero \u00e9l se mantuvo en contacto con ellos durante toda la carrera, a pesar de que el equipo, como muchos otros hoy en d\u00eda, experiment\u00f3 el consumo de combustible muy alto lo que impidi\u00f3 que ambos pilotos de empujar al m\u00e1ximo. Charles entreg\u00f3 unos tiempos impresionantes del sector y vuelta a lo largo de la carrera. En S2 fue consistentemente m\u00e1s r\u00e1pido que los coches de delante y competitivo en S3, lo que demuestra c\u00f3mo el equipo de expertos se han vuelto a mejorar el tiempo de vuelta total a compensar el d\u00e9ficit KERS presentado por las largas rectas de las dos \u00faltimas carreras. Timo tuvo una carrera muy dura, que vio comprometida a partir del incidente de la primera curva. Luch\u00f3 con los neum\u00e1ticos y m\u00e1s tarde en la primera parte a causa de esto y ten\u00eda que lidiar con banderas azules demasiado para poder recuperarse.<\/p>\n<p><!--more--> <!--noteaser--><\/p>\n<p><a href=\"http:\/\/www.michael-schumacher.es\/noticias-f1\/wp-content\/uploads\/2012\/08\/david_sarro.glock-1.jpg\"><img loading=\"lazy\" class=\"aligncenter size-full wp-image-2478\" title=\"Timo Glock 1 \" src=\"http:\/\/www.michael-schumacher.es\/noticias-f1\/wp-content\/uploads\/2012\/08\/david_sarro.glock-1.jpg\" alt=\"\" width=\"600\" height=\"400\" srcset=\"http:\/\/www.michael-schumacher.es\/noticias-f1\/wp-content\/uploads\/2012\/08\/david_sarro.glock-1.jpg 600w, http:\/\/www.michael-schumacher.es\/noticias-f1\/wp-content\/uploads\/2012\/08\/david_sarro.glock-1-300x200.jpg 300w\" sizes=\"(max-width: 600px) 100vw, 600px\" \/><\/a><\/p>\n<p>Charles tuvo una firme carrera, adelantado cinco coches en la curva 1, entre ellos el de Caterham Vitaly Petrov. Al que no pudo mantener a raya por el KERS, se vio obligado a aceptarlo, pero \u00e9l se mantuvo en contacto con ellos durante toda la carrera, a pesar de que el equipo, como muchos otros hoy en d\u00eda, experiment\u00f3 el consumo de combustible muy alto lo que impidi\u00f3 que ambos pilotos de empujar al m\u00e1ximo. Charles entreg\u00f3 unos tiempos impresionantes del sector y vuelta a lo largo de la carrera. En S2 fue consistentemente m\u00e1s r\u00e1pido que los coches de delante y competitivo en S3, lo que demuestra c\u00f3mo el equipo de expertos se han vuelto a mejorar el tiempo de vuelta total a compensar el d\u00e9ficit KERS presentado por las largas rectas de las dos \u00faltimas carreras. Timo tuvo una carrera muy dura, que vio comprometida a partir del incidente de la primera curva. Luch\u00f3 con los neum\u00e1ticos y m\u00e1s tarde en la primera parte a causa de esto y ten\u00eda que lidiar con banderas azules demasiado para poder recuperarse.<\/p>\n<p>&nbsp;<\/p>\n<p><strong>Charles Pic: <\/strong>\u00abFue una gran carrera para m\u00ed, sobre todo despu\u00e9s de una decepcionante fase de clasificaci\u00f3n de ayer. No nos dieron la oportunidad de mostrar nuestro ritmo de entonces, pero lo hemos hecho hoy y estoy muy feliz por eso. He hecho una salida muy buena y adelante cinco lugares en la curva 1 y para la primera vuelta, estaba delante de Petrov. Tienen la ventaja de KERS, as\u00ed que no pas\u00f3 mucho tiempo antes de que pudiera pasar, pero para el resto de la carrera nos quedamos con las Caterhams y como la carrera \u00a0finalizaba yo estaba alcanzando a Kovalainen. En las \u00faltimas vueltas est\u00e1bamos constantemente teniendo que retroceder por las banderas azules, que nos hizo perder tiempo y significaba que no hemos podido demostrar que pod\u00edamos coger Heikki, para asegurarse de que el ritmo est\u00e1 all\u00ed. Un gran parada de la tripulaci\u00f3n y hoy muy buen trabajo de los ingenieros y mec\u00e1nicos de fin de semana todos, especialmente para ayudar a revertir nuestra fortuna despu\u00e9s de la calificaci\u00f3n. Estoy muy contento y con ganas de continuar con este fin de semana en Abu Dhabi siguiente, donde voy a estar de vuelta en un circuito que conozco bien y donde todo sali\u00f3 tan bien para m\u00ed en la prueba de j\u00f3venes pilotos el a\u00f1o pasado. Estoy esperando otro resultado positivo all\u00ed\u201d.<\/p>\n<p>&nbsp;<\/p>\n<p><strong>Timo Glock:<\/strong> \u00abHa sido una carrera muy extra\u00f1a para m\u00ed hoy. Yo estaba en el lugar equivocado en la curva 1 y perdi\u00f3 un par de posiciones con TRH. Luego me he quedado atrapado detr\u00e1s de Petrov para un buen mont\u00f3n de vueltas y en ese momento los otros chicos se hab\u00edan ido todos. En general, aunque tuve problemas con el ritmo actual, el viernes el coche iba mucho mejor en las tandas largas. Tambi\u00e9n sufr\u00eda mucho de la vibraci\u00f3n en el neum\u00e1tico delantero derecho, especialmente en S2, y de 25 vueltas tuve demasiadas banderas azules que lidiar. El mismo al final. Debido a esto usted acaba de perder cada vez m\u00e1s tiempo y es imposible de recuperar. Tengo muchas ganas de Abu Dhabi y lo que espero es que ser\u00e1 una carrera mejor para nosotros. \u00bb<\/p>\n<p><strong>\u00a0<\/strong><\/p>\n<p><strong>John Booth, jefe de equipo:<\/strong> \u00abUn trabajo fant\u00e1stico hoy por Charles de revertir su suerte despu\u00e9s de un resultado frustrante clasificaci\u00f3n. Ten\u00eda la medida de todos los coches afectados por el incidente primera curva y fue capaz de salir adelante de Petrov y mantener una distancia con \u00e9l durante bastante tiempo. Por desgracia est\u00e1bamos \u00abfuera de KERS y charles no pudo mantener la posicio por mucho tiempo. Sin embargo, una vez que super\u00f3 a Petrov, Charles seguido el ritmo de los Caterhams y si no fuera por los \u00faltimos cuantas banderas azules habr\u00eda terminado en 5.0s de Heikki. Como fue el caso con los coches hoy en d\u00eda algunos otros, nos pillaron por mayor consumo de combustible en la carrera y esto limit\u00f3 nuestra capacidad de empujar.Timo tuvo un d\u00eda menos que \u00f3ptimo con tristeza. El incidente de la primera curva da\u00f1o a su carrera de manera significativa y en consecuencia se qued\u00f3 atascado detr\u00e1s de la HRT durante bastante tiempo. \u00c9l hizo un buen trabajo, sin embargo, el tiempo dedicado a tratar de pasarlos no ayud\u00f3 a sus neum\u00e1ticos primera etapa como avanzaba la carrera, ya que est\u00e1bamos corriendo a una estrategia de una sola parada. Tambi\u00e9n tuvimos un problema con el conector trasero en su parada en boxes y por desgracia esto lo comprometio a\u00fan m\u00e1s, cuando se reincorpor\u00f3 a la pista se fue directamente a un momento de bandera azul significativo. No hemos tenido un fin de semana perfecto por cualquier medio y sin embargo, tomamos un poco de consuelo en el hecho de que hemos sido capaces todav\u00eda de alcanzar nuestro objetivo de estar en contacto con la competici\u00f3n. Es otra situaci\u00f3n de carreras consecutivas ahora y mientras nos dirigimos hacia el Oriente Medio nuestro trabajo se centrar\u00e1 firmemente en la consecuci\u00f3n de un fin de semana mejor por lo que puede revelar m\u00e1s de nuestro verdadero potencial frente a los coches de delante. \u00bb<\/p>\n<p>&nbsp;<\/p>\n<p><strong>Imagen:<\/strong> David Sarr\u00f3<\/p>\n<div class=\"sharedaddy sd-sharing-enabled\"><div class=\"robots-nocontent sd-block sd-social sd-social-official sd-sharing\"><h3 class=\"sd-title\">Opciones Sociales:<\/h3><div class=\"sd-content\"><ul><li class=\"share-facebook\"><div class=\"fb-share-button\" data-href=\"http:\/\/www.michael-schumacher.es\/noticias-f1\/2012\/10\/29\/balance-gp-de-india-buddh-2012-marussia\/\" data-layout=\"button_count\"><\/div><\/li><li class=\"share-twitter\"><a href=\"https:\/\/twitter.com\/share\" class=\"twitter-share-button\" data-url=\"http:\/\/www.michael-schumacher.es\/noticias-f1\/2012\/10\/29\/balance-gp-de-india-buddh-2012-marussia\/\" data-text=\"Balance GP de India, Buddh 2012. Marussia\"  >Tweet<\/a><\/li><li class=\"share-email\"><a rel=\"nofollow noopener noreferrer\" data-shared=\"\" class=\"share-email sd-button\" href=\"http:\/\/www.michael-schumacher.es\/noticias-f1\/2012\/10\/29\/balance-gp-de-india-buddh-2012-marussia\/?share=email\" target=\"_blank\" title=\"Haz clic para enviar por correo electr\u00f3nico a un amigo\"><span>Correo electr\u00f3nico<\/span><\/a><\/li><li class=\"share-end\"><\/li><\/ul><\/div><\/div><\/div>","protected":false},"excerpt":{"rendered":"<p>Charles tuvo una firme carrera, adelantado cinco coches en la curva 1, entre ellos el de Caterham Vitaly Petrov. Al que no pudo mantener a raya por el KERS, se vio obligado a aceptarlo, pero \u00e9l se mantuvo en contacto con ellos durante toda la carrera, a pesar de que el equipo, como muchos otros [&hellip;]<\/p>\n<div class=\"sharedaddy sd-sharing-enabled\"><div class=\"robots-nocontent sd-block sd-social sd-social-official sd-sharing\"><h3 class=\"sd-title\">Opciones Sociales:<\/h3><div class=\"sd-content\"><ul><li class=\"share-facebook\"><div class=\"fb-share-button\" data-href=\"http:\/\/www.michael-schumacher.es\/noticias-f1\/2012\/10\/29\/balance-gp-de-india-buddh-2012-marussia\/\" data-layout=\"button_count\"><\/div><\/li><li class=\"share-twitter\"><a href=\"https:\/\/twitter.com\/share\" class=\"twitter-share-button\" data-url=\"http:\/\/www.michael-schumacher.es\/noticias-f1\/2012\/10\/29\/balance-gp-de-india-buddh-2012-marussia\/\" data-text=\"Balance GP de India, Buddh 2012. Marussia\"  >Tweet<\/a><\/li><li class=\"share-email\"><a rel=\"nofollow noopener noreferrer\" data-shared=\"\" class=\"share-email sd-button\" href=\"http:\/\/www.michael-schumacher.es\/noticias-f1\/2012\/10\/29\/balance-gp-de-india-buddh-2012-marussia\/?share=email\" target=\"_blank\" title=\"Haz clic para enviar por correo electr\u00f3nico a un amigo\"><span>Correo electr\u00f3nico<\/span><\/a><\/li><li class=\"share-end\"><\/li><\/ul><\/div><\/div><\/div>","protected":false},"author":3,"featured_media":0,"comment_status":"open","ping_status":"open","sticky":false,"template":"","format":"standard","meta":{"_monsterinsights_skip_tracking":false,"_monsterinsights_sitenote_active":false,"_monsterinsights_sitenote_note":"","_monsterinsights_sitenote_category":0,"spay_email":"","jetpack_publicize_message":"","jetpack_is_tweetstorm":false,"jetpack_publicize_feature_enabled":true},"categories":[4,3],"tags":[14,401,64,1743,116,17,15,119,6,1103,139,117,118],"jetpack_featured_media_url":"","jetpack_publicize_connections":[],"jetpack_sharing_enabled":true,"jetpack_shortlink":"https:\/\/wp.me\/p27q3P-1oG","_links":{"self":[{"href":"http:\/\/www.michael-schumacher.es\/noticias-f1\/wp-json\/wp\/v2\/posts\/5374"}],"collection":[{"href":"http:\/\/www.michael-schumacher.es\/noticias-f1\/wp-json\/wp\/v2\/posts"}],"about":[{"href":"http:\/\/www.michael-schumacher.es\/noticias-f1\/wp-json\/wp\/v2\/types\/post"}],"author":[{"embeddable":true,"href":"http:\/\/www.michael-schumacher.es\/noticias-f1\/wp-json\/wp\/v2\/users\/3"}],"replies":[{"embeddable":true,"href":"http:\/\/www.michael-schumacher.es\/noticias-f1\/wp-json\/wp\/v2\/comments?post=5374"}],"version-history":[{"count":0,"href":"http:\/\/www.michael-schumacher.es\/noticias-f1\/wp-json\/wp\/v2\/posts\/5374\/revisions"}],"wp:attachment":[{"href":"http:\/\/www.michael-schumacher.es\/noticias-f1\/wp-json\/wp\/v2\/media?parent=5374"}],"wp:term":[{"taxonomy":"category","embeddable":true,"href":"http:\/\/www.michael-schumacher.es\/noticias-f1\/wp-json\/wp\/v2\/categories?post=5374"},{"taxonomy":"post_tag","embeddable":true,"href":"http:\/\/www.michael-schumacher.es\/noticias-f1\/wp-json\/wp\/v2\/tags?post=5374"}],"curies":[{"name":"wp","href":"https:\/\/api.w.org\/{rel}","templated":true}]}}